{"id":158994,"date":"2024-11-30T13:11:27","date_gmt":"2024-11-30T13:11:27","guid":{"rendered":"https:\/\/cordoba.gob.ar\/?p=64685"},"modified":"2024-11-30T13:11:27","modified_gmt":"2024-11-30T13:11:27","slug":"estudiantes-de-quinto-y-sexto-ano-podran-inscribirse-a-la-universidad-en-los-parques-educativos","status":"publish","type":"post","link":"http:\/\/cordobadirecto.com\/index.php\/2024\/11\/30\/estudiantes-de-quinto-y-sexto-ano-podran-inscribirse-a-la-universidad-en-los-parques-educativos\/","title":{"rendered":"Estudiantes de quinto y sexto a\u00f1o podr\u00e1n inscribirse a la universidad en los Parques Educativos"},"content":{"rendered":"<div><img src=\"http:\/\/cordobadirecto.com\/wp-content\/uploads\/2024\/12\/estudiantes-de-quinto-y-sexto-ano-podran-inscribirse-a-la-universidad-en-los-parques-educativos.jpg\" class=\"ff-og-image-inserted\"><\/div>\n<ul>\n<li><strong>Se habilita para las Universidad Nacionales de C\u00f3rdoba y de Villa Mar\u00eda.<\/strong><\/li>\n<li><strong><strong>La primera jornada ser\u00e1 el 3 de diciembre en el Parque Educativo Norte a las 10:00 horas.<\/strong><\/strong><br \/>\n<hr>\n<\/li>\n<\/ul>\n<p>La Municipalidad de C\u00f3rdoba en conjunto con la Universidad Nacional de C\u00f3rdoba (UNC) y la Universidad Nacional de Villa Mar\u00eda (UNVM), llevar\u00e1 adelante el \u201cOperativo Inscripciones\u201d.<\/p>\n<p>Se realizar\u00e1n cuatro jornadas donde estudiantes de quinto y sexto a\u00f1o podr\u00e1n inscribirse a la Universidad Nacional de C\u00f3rdoba y la Universidad Nacional de Villa Mar\u00eda en los Parques Educativos de la ciudad.<\/p>\n<p>El operativo se desarrollar\u00e1 del 3 al 6 de diciembre en los Parques Educativos Norte, Este, Estaci\u00f3n Flores y Noroeste, con el prop\u00f3sito de brindar orientaci\u00f3n y acompa\u00f1amiento a los estudiantes en el proceso de inscripci\u00f3n a las universidades.<\/p>\n<p>Cada jornada contar\u00e1 con la participaci\u00f3n de equipos de las casas de altos estudios y estudiantes universitarios que facilitar\u00e1n informaci\u00f3n clave sobre los tr\u00e1mites administrativos, responder\u00e1n inquietudes y ofrecer\u00e1n materiales para ayudar en la elecci\u00f3n de carreras.<\/p>\n<p>Las jornadas se realizar\u00e1n de 10:00 a 12:30 en cada uno de los Parques Educativos, siguiendo el siguiente cronograma:<br \/>\u2022 3 de diciembre: Parque Educativo Norte<br \/>\u2022 4 de diciembre: Parque Educativo Este<br \/>\u2022 5 de diciembre: Parque Educativo Estaci\u00f3n Flores<br \/>\u2022 6 de diciembre: Parque Educativo Noroeste<\/p>\n<p>Esta propuesta, organizada por la Subsecretar\u00eda de Educaci\u00f3n Social, Cient\u00edfica y Tecnol\u00f3gica de la Secretar\u00eda de Educaci\u00f3n, busca garantizar que los j\u00f3venes puedan iniciar de manera efectiva y organizada su camino hacia los estudios superiores, brindando las herramientas necesarias para superar posibles barreras en este proceso.<\/p>\n<p><strong>Requisitos para las inscripciones:<\/strong><\/p>\n<ul class=\"ak-ul\">\n<li>Foto\/escaneo del frente y el dorso del DNI.<\/li>\n<li>Certificado de finalizaci\u00f3n de estudios secundarios<\/li>\n<li>Mail de uso frecuente<\/li>\n<li>Foto carnet<\/li>\n<\/ul>\n<p><strong>Sobre \u201cProy\u00e9ctate en la Universidad\u201d<\/strong><\/p>\n<p>La propuesta ofreci\u00f3 a los j\u00f3venes talleres vocacionales, oferta acad\u00e9mica, programas y equipos interdisciplinarios de acompa\u00f1amiento para el ingreso a las academias.<\/p>\n<p>Durante el a\u00f1o, m\u00e1s de 800 estudiantes de sexto a\u00f1o de nivel secundario participaron en las jornadas \u201cProy\u00e9ctate en la Universidad\u201d, una iniciativa que brind\u00f3 a los j\u00f3venes informaci\u00f3n sobre la vida universitaria en los Parques Educativos.<\/p>\n<p>En las jornadas los j\u00f3venes accedieron a informaci\u00f3n y conocieron experiencias sobre la vida universitaria y las diversas carreras y estudios que pueden realizarse en la UNC y en la UNVM a trav\u00e9s de un circuito de postas interactivas.<\/p>\n","protected":false},"excerpt":{"rendered":"<p>Se habilita para las Universidad Nacionales de C\u00f3rdoba y de Villa Mar\u00eda. La primera jornada ser\u00e1 el 3 de diciembre en el Parque Educativo Norte a las 10:00 horas. La Municipalidad de C\u00f3rdoba en conjunto con la Universidad Nacional de C\u00f3rdoba (UNC) y la Universidad Nacional de Villa Mar\u00eda (UNVM), llevar\u00e1 adelante el \u201cOperativo Inscripciones\u201d. [&hellip;]<\/p>\n","protected":false},"author":1,"featured_media":158995,"comment_status":"closed","ping_status":"closed","sticky":false,"template":"","format":"standard","meta":[],"categories":[44],"tags":[],"_links":{"self":[{"href":"http:\/\/cordobadirecto.com\/index.php\/wp-json\/wp\/v2\/posts\/158994"}],"collection":[{"href":"http:\/\/cordobadirecto.com\/index.php\/wp-json\/wp\/v2\/posts"}],"about":[{"href":"http:\/\/cordobadirecto.com\/index.php\/wp-json\/wp\/v2\/types\/post"}],"author":[{"embeddable":true,"href":"http:\/\/cordobadirecto.com\/index.php\/wp-json\/wp\/v2\/users\/1"}],"replies":[{"embeddable":true,"href":"http:\/\/cordobadirecto.com\/index.php\/wp-json\/wp\/v2\/comments?post=158994"}],"version-history":[{"count":0,"href":"http:\/\/cordobadirecto.com\/index.php\/wp-json\/wp\/v2\/posts\/158994\/revisions"}],"wp:featuredmedia":[{"embeddable":true,"href":"http:\/\/cordobadirecto.com\/index.php\/wp-json\/wp\/v2\/media\/158995"}],"wp:attachment":[{"href":"http:\/\/cordobadirecto.com\/index.php\/wp-json\/wp\/v2\/media?parent=158994"}],"wp:term":[{"taxonomy":"category","embeddable":true,"href":"http:\/\/cordobadirecto.com\/index.php\/wp-json\/wp\/v2\/categories?post=158994"},{"taxonomy":"post_tag","embeddable":true,"href":"http:\/\/cordobadirecto.com\/index.php\/wp-json\/wp\/v2\/tags?post=158994"}],"curies":[{"name":"wp","href":"https:\/\/api.w.org\/{rel}","templated":true}]}}