{"id":159015,"date":"2024-11-30T18:04:38","date_gmt":"2024-11-30T18:04:38","guid":{"rendered":"https:\/\/cordoba.gob.ar\/?p=64714"},"modified":"2024-11-30T18:04:38","modified_gmt":"2024-11-30T18:04:38","slug":"segunda-expo-derechos-y-concientizacion-conoce-el-trabajo-de-75-instituciones-en-la-supermanzana-de-la-plaza-de-la-intendencia","status":"publish","type":"post","link":"http:\/\/cordobadirecto.com\/index.php\/2024\/11\/30\/segunda-expo-derechos-y-concientizacion-conoce-el-trabajo-de-75-instituciones-en-la-supermanzana-de-la-plaza-de-la-intendencia\/","title":{"rendered":"Segunda Expo Derechos y Concientizaci\u00f3n: conoc\u00e9 el trabajo de 75 instituciones en la Supermanzana de la Plaza de la Intendencia"},"content":{"rendered":"<div><img src=\"http:\/\/cordobadirecto.com\/wp-content\/uploads\/2024\/12\/segunda-expo-derechos-y-concientizacion-conoce-el-trabajo-de-75-instituciones-en-la-supermanzana-de-la-plaza-de-la-intendencia.jpg\" class=\"ff-og-image-inserted\"><\/div>\n<ul>\n<li><strong>Se mostrar\u00e1n los productos realizados en talleres de carpinter\u00eda, panader\u00eda, artesan\u00edas, entre otros._<\/strong><\/li>\n<li><strong><strong>Ser\u00e1 el lunes desde las 18:00 horas.<\/strong><\/strong><br \/>\n<hr>\n<\/li>\n<\/ul>\n<p>La Secretar\u00eda de Pol\u00edticas Sociales y Desarrollo Humano, a trav\u00e9s de la Direcci\u00f3n General de Discapacidad e Intervenci\u00f3n Social, invita a los vecinos y vecinas a participar de la 2\u00b0 Expo Derechos y Concientizaci\u00f3n.<\/p>\n<p>Se llevar\u00e1 a cabo el pr\u00f3ximo lunes 2 de diciembre en la Super Manzana Plaza de la Intendencia \u2013 H\u00e9roes de Malvinas, en el marco de la conmemoraci\u00f3n del D\u00eda Internacional de las Personas con Discapacidad que se celebra el 3 de diciembre.<\/p>\n<p>En la Segunda Expo Derechos y Concientizaci\u00f3n, los vecinos y vecinas se encontrar\u00e1n con una exposici\u00f3n de 75 instituciones dedicadas a la discapacidad, quienes mostrar\u00e1n los trabajos realizados en los diferentes talleres que llevan adelante como carpinter\u00eda, panader\u00eda, artesan\u00edas y m\u00e1s.<\/p>\n<p>Adem\u00e1s, habr\u00e1 venta de productos elaborados por personas con discapacidad, experiencias vivenciales dise\u00f1adas para generar empat\u00eda y promover la inclusi\u00f3n, y espacios para fortalecer el intercambio y cooperaci\u00f3n entre organizaciones.<\/p>\n<p>Este evento es una oportunidad \u00fanica para conocer las iniciativas de estas instituciones, apoyar su labor y participar activamente en la construcci\u00f3n de una sociedad m\u00e1s inclusiva.<\/p>\n<p>El evento comenzar\u00e1 a las 18:00 horas con un conversatorio sobre el uso responsable de redes sociales y privacidad.<\/p>\n<p>Posteriormente, a las 20:00 horas se realizar\u00e1 el Taller de Trato Adecuado, una actividad vivencial para sensibilizar y generar empat\u00eda.<\/p>\n<p>A las 20:45, habr\u00e1 una presentaci\u00f3n especial de la Orquesta Infantil Los Benjaminos para concluir la jornada.<\/p>\n<p>De este modo, se reafirma el compromiso de trabajar por una ciudad cada d\u00eda m\u00e1s accesible y participativa, llevando adelante este evento con el objetivo de compartir un espacio para reflexionar sobre el acceso a derechos y la convivencia inclusiva.<\/p>\n","protected":false},"excerpt":{"rendered":"<p>Se mostrar\u00e1n los productos realizados en talleres de carpinter\u00eda, panader\u00eda, artesan\u00edas, entre otros._ Ser\u00e1 el lunes desde las 18:00 horas. La Secretar\u00eda de Pol\u00edticas Sociales y Desarrollo Humano, a trav\u00e9s de la Direcci\u00f3n General de Discapacidad e Intervenci\u00f3n Social, invita a los vecinos y vecinas a participar de la 2\u00b0 Expo Derechos y Concientizaci\u00f3n. Se [&hellip;]<\/p>\n","protected":false},"author":1,"featured_media":159016,"comment_status":"closed","ping_status":"closed","sticky":false,"template":"","format":"standard","meta":[],"categories":[44],"tags":[],"_links":{"self":[{"href":"http:\/\/cordobadirecto.com\/index.php\/wp-json\/wp\/v2\/posts\/159015"}],"collection":[{"href":"http:\/\/cordobadirecto.com\/index.php\/wp-json\/wp\/v2\/posts"}],"about":[{"href":"http:\/\/cordobadirecto.com\/index.php\/wp-json\/wp\/v2\/types\/post"}],"author":[{"embeddable":true,"href":"http:\/\/cordobadirecto.com\/index.php\/wp-json\/wp\/v2\/users\/1"}],"replies":[{"embeddable":true,"href":"http:\/\/cordobadirecto.com\/index.php\/wp-json\/wp\/v2\/comments?post=159015"}],"version-history":[{"count":0,"href":"http:\/\/cordobadirecto.com\/index.php\/wp-json\/wp\/v2\/posts\/159015\/revisions"}],"wp:featuredmedia":[{"embeddable":true,"href":"http:\/\/cordobadirecto.com\/index.php\/wp-json\/wp\/v2\/media\/159016"}],"wp:attachment":[{"href":"http:\/\/cordobadirecto.com\/index.php\/wp-json\/wp\/v2\/media?parent=159015"}],"wp:term":[{"taxonomy":"category","embeddable":true,"href":"http:\/\/cordobadirecto.com\/index.php\/wp-json\/wp\/v2\/categories?post=159015"},{"taxonomy":"post_tag","embeddable":true,"href":"http:\/\/cordobadirecto.com\/index.php\/wp-json\/wp\/v2\/tags?post=159015"}],"curies":[{"name":"wp","href":"https:\/\/api.w.org\/{rel}","templated":true}]}}