{"id":159038,"date":"2024-12-02T01:11:35","date_gmt":"2024-12-02T01:11:35","guid":{"rendered":"https:\/\/www.ole.com.ar\/ascenso\/ascenso-primera-nacional-colon-idolo-uruguayo_0_auMTGtPx4i.html"},"modified":"2024-12-02T01:11:35","modified_gmt":"2024-12-02T01:11:35","slug":"jugo-en-el-inter-es-idolo-de-uruguay-y-esta-cerca-de-ser-nuevo-tecnico-de-colon","status":"publish","type":"post","link":"http:\/\/cordobadirecto.com\/index.php\/2024\/12\/02\/jugo-en-el-inter-es-idolo-de-uruguay-y-esta-cerca-de-ser-nuevo-tecnico-de-colon\/","title":{"rendered":"Jug\u00f3 en el Inter, es \u00eddolo de Uruguay y est\u00e1 cerca de ser nuevo t\u00e9cnico de Col\u00f3n"},"content":{"rendered":"<p><time class=\"createDate\" datetime=\"2024-11-26T20:41:35-03:00\">26\/11\/2024 20:41hs.<\/time><\/p>\n<div id=\"storyBody\">\n<div class=\"custom-text \" readability=\"36.301886792453\">\n<p>La famosa danza de nombres en la busca de un entrenador podr\u00eda tener un r\u00e1pido desenlace para <a href=\"https:\/\/www.ole.com.ar\/tema\/colon.html\" title=\"Col\u00f3n\" alt=\"Col\u00f3n\" class=\"slug\">Col\u00f3n<\/a>. Es que, despu\u00e9s de la salida de Diego Osella tras caer en los octavos de final del Reducido con All Boys, <strong>el Sabalero se contact\u00f3 con distintos det\u00e9s <\/strong>para que agarren el mando del plantel profesional en el 2025.<\/p>\n<\/div>\n<div class=\"custom-text \" readability=\"36.402402402402\">\n<p>Gustavo Coleoni y Alfredo Grelak fueron dos de los nombres que asomaban. El Sapito, recientemente desvinculado de San Miguel, es buscado por varios clubes al igual que Grelak, que tuvo una fant\u00e1stica campa\u00f1a con San Telmo y cautiv\u00f3 la atenci\u00f3n de muchos. Pero <strong>hay un nombre que tom\u00f3 fuerza en las \u00faltimas horas:<\/strong> <strong><a href=\"https:\/\/www.ole.com.ar\/tema\/alvaro-recoba.html\" title=\"Alvaro Recoba\" alt=\"Alvaro Recoba\" class=\"slug\">\u00c1lvaro Recoba<\/a><\/strong>.<\/p>\n<\/div>\n<div class=\"custom-text \" readability=\"39\">\n<p>El mismo ex mediapunta del Inter y Torino lo reconoci\u00f3 en el programa Saca del Medio: &#8220;Hay posibilidades pero no hay nada seguro. <strong>A m\u00ed me gusta la idea, pero no hay nada concreto a\u00fan<\/strong>. Las negociaciones est\u00e1n en pie, nos juntamos en Argentina y estuvimos como cuatro horas hablando&#8221;. Adem\u00e1s, agreg\u00f3: &#8220;Se tienen que dar muchas cosas. Tambi\u00e9n tuve alguna conversaci\u00f3n con otros equipos de otros pa\u00edses, pero Col\u00f3n me seduce&#8221;.<\/p>\n<\/div>\n<div class=\"sc-e7b891c4-0 ifHnQL image-embed\"><img alt=\"Recoba puede ser nuevo det\u00e9 de Col\u00f3n (Photo by EITAN ABRAMOVICH \/ AFP).\" loading=\"lazy\" width=\"720\" height=\"100\" decoding=\"async\" data-nimg=\"1\" src=\"http:\/\/cordobadirecto.com\/wp-content\/uploads\/2024\/12\/jugo-en-el-inter-es-idolo-de-uruguay-y-esta-cerca-de-ser-nuevo-tecnico-de-colon.jpg\"><span class=\"epigraphe\">Recoba puede ser nuevo det\u00e9 de Col\u00f3n (Photo by EITAN ABRAMOVICH \/ AFP).<\/span><\/div>\n<div class=\"custom-text \" readability=\"40.275362318841\">\n<p>Lo cierto es que, en caso de darse, ser\u00eda la segunda experiencia de Recoba como det\u00e9. Previamente, dirigi\u00f3 a Nacional, d\u00f3nde tambi\u00e9n fue futbolista. All\u00ed <strong>obtuvo buenos n\u00fameros: dirigi\u00f3 37 partidos, logrando 21 victorias, ocho empates y ocho derrotas<\/strong>. Dentro de ellos, se enfrent\u00f3 dos veces a River en la fase de grupos de la actual <a href=\"https:\/\/www.ole.com.ar\/tema\/copa-libertadores.html\" title=\"Copa Libertadores\" alt=\"Copa Libertadores\" class=\"slug\">Copa Libertadores<\/a> (empate 2-2 en Uruguay y derrota 0-2 en el Monumental).<\/p>\n<\/div>\n<p><h2><strong>La carrera de Recoba como futbolista<\/strong><\/h2>\n<\/p>\n<div class=\"custom-text \" readability=\"38\">\n<p>Surgido en Danubio y con un paso previo por Nacional, Recoba alcanz\u00f3 la gloria vistiendo la camiseta del Inter de Mil\u00e1n. <strong>Jug\u00f3 261 partidos, meti\u00f3 72 goles y sali\u00f3 campe\u00f3n de todo<\/strong>: Copa de la UEFA (actual Europa League), dos Copa Italia, dos Serie A y dos Supercopas de Italia. Fant\u00e1stico.<\/p>\n<\/div>\n<div class=\"custom-text \" readability=\"39\">\n<p>Pero el \u00e9xito no se qued\u00f3 en Europa, porque al volver a Sudam\u00e9rica, tambi\u00e9n se consagr\u00f3 en el torneo uruguayo con Nacional: temporada 11\/12 y 14\/15. Adem\u00e1s, el ex mediapunta <strong>jug\u00f3 en el Venezia, Torino y Panionios de Grecia<\/strong>, previo a sus segundos ciclos en Danubio y el Bolso.<\/p>\n<\/div>\n<div class=\"sc-e7b891c4-0 ifHnQL image-embed\"><img alt=\"Recoba fue campe\u00f3n con Nacional (Foto: AFP PHOTO\/Miguel ROJO).\" loading=\"lazy\" width=\"720\" height=\"100\" decoding=\"async\" data-nimg=\"1\" src=\"http:\/\/cordobadirecto.com\/wp-content\/uploads\/2024\/12\/jugo-en-el-inter-es-idolo-de-uruguay-y-esta-cerca-de-ser-nuevo-tecnico-de-colon-1.jpg\"><span class=\"epigraphe\">Recoba fue campe\u00f3n con Nacional (Foto: AFP PHOTO\/Miguel ROJO).<\/span><\/div>\n<div class=\"custom-text \" readability=\"35\">\n<p>El Chino tambi\u00e9n tuvo acci\u00f3n con la selecci\u00f3n: <strong>jug\u00f3 69 partidos y meti\u00f3 11 goles<\/strong>. Uno de ellos, en el Mundial de Brasil 2002 ante Senegal. Se retir\u00f3 del seleccionado nacional despu\u00e9s de jugar la Copa Am\u00e9rica del 2007.<\/p>\n<\/div>\n<div class=\"sc-a7166897-0 eoLsBE\" readability=\"6\">\n<section readability=\"2\"><picture><img alt=\"Real Pilar: el \u00fanico campe\u00f3n invicto profesional del f\u00fatbol argentino en 2024\" loading=\"lazy\" width=\"290\" height=\"290\" decoding=\"async\" data-nimg=\"1\" src=\"http:\/\/cordobadirecto.com\/wp-content\/uploads\/2024\/12\/jugo-en-el-inter-es-idolo-de-uruguay-y-esta-cerca-de-ser-nuevo-tecnico-de-colon-2.jpg\"><\/picture>\n<p><span>Mir\u00e1 tambi\u00e9n<\/span><\/p>\n<hr>\n<h3>Real Pilar: el \u00fanico campe\u00f3n invicto profesional del f\u00fatbol argentino en 2024<\/h3>\n<\/p>\n<\/section>\n<\/div>\n<div class=\"sc-a7166897-0 eoLsBE\" readability=\"6.5\">\n<section readability=\"3\"><picture><img alt=\"Primera Nacional: las revanchas de las semifinales, en simult\u00e1neo\" loading=\"lazy\" width=\"290\" height=\"290\" decoding=\"async\" data-nimg=\"1\" src=\"http:\/\/cordobadirecto.com\/wp-content\/uploads\/2024\/12\/jugo-en-el-inter-es-idolo-de-uruguay-y-esta-cerca-de-ser-nuevo-tecnico-de-colon-3.jpg\"><\/picture>\n<p><span>Mir\u00e1 tambi\u00e9n<\/span><\/p>\n<hr>\n<h3>Primera Nacional: las revanchas de las semifinales, en simult\u00e1neo<\/h3>\n<\/p>\n<\/section>\n<\/div>\n<div class=\"sc-a7166897-0 eoLsBE\" readability=\"6\">\n<section readability=\"2\"><picture><img alt=\"Armenio le gan\u00f3 a Los Andes con un penal ins\u00f3lito y se acerca a la final\" loading=\"lazy\" width=\"290\" height=\"290\" decoding=\"async\" data-nimg=\"1\" src=\"http:\/\/cordobadirecto.com\/wp-content\/uploads\/2024\/12\/jugo-en-el-inter-es-idolo-de-uruguay-y-esta-cerca-de-ser-nuevo-tecnico-de-colon-4.jpg\"><\/picture>\n<p><span>Mir\u00e1 tambi\u00e9n<\/span><\/p>\n<hr>\n<h3>Armenio le gan\u00f3 a Los Andes con un penal ins\u00f3lito y se acerca a la final<\/h3>\n<\/p>\n<\/section>\n<\/div>\n<div class=\"sc-a7166897-0 eoLsBE\" readability=\"6\">\n<section readability=\"2\"><picture><img alt=\"Atlanta confirm\u00f3 a su entrenador para el 2025\" loading=\"lazy\" width=\"290\" height=\"290\" decoding=\"async\" data-nimg=\"1\" src=\"http:\/\/cordobadirecto.com\/wp-content\/uploads\/2024\/12\/jugo-en-el-inter-es-idolo-de-uruguay-y-esta-cerca-de-ser-nuevo-tecnico-de-colon-5.jpg\"><\/picture>\n<p><span>Mir\u00e1 tambi\u00e9n<\/span><\/p>\n<hr>\n<h3>Atlanta confirm\u00f3 a su entrenador para el 2025<\/h3>\n<\/p>\n<\/section>\n<\/div>\n<\/div>\n","protected":false},"excerpt":{"rendered":"<p>26\/11\/2024 20:41hs. La famosa danza de nombres en la busca de un entrenador podr\u00eda tener un r\u00e1pido desenlace para Col\u00f3n. Es que, despu\u00e9s de la salida de Diego Osella tras caer en los octavos de final del Reducido con All Boys, el Sabalero se contact\u00f3 con distintos det\u00e9s para que agarren el mando del plantel [&hellip;]<\/p>\n","protected":false},"author":1,"featured_media":159039,"comment_status":"closed","ping_status":"closed","sticky":false,"template":"","format":"standard","meta":[],"categories":[21],"tags":[],"_links":{"self":[{"href":"http:\/\/cordobadirecto.com\/index.php\/wp-json\/wp\/v2\/posts\/159038"}],"collection":[{"href":"http:\/\/cordobadirecto.com\/index.php\/wp-json\/wp\/v2\/posts"}],"about":[{"href":"http:\/\/cordobadirecto.com\/index.php\/wp-json\/wp\/v2\/types\/post"}],"author":[{"embeddable":true,"href":"http:\/\/cordobadirecto.com\/index.php\/wp-json\/wp\/v2\/users\/1"}],"replies":[{"embeddable":true,"href":"http:\/\/cordobadirecto.com\/index.php\/wp-json\/wp\/v2\/comments?post=159038"}],"version-history":[{"count":0,"href":"http:\/\/cordobadirecto.com\/index.php\/wp-json\/wp\/v2\/posts\/159038\/revisions"}],"wp:featuredmedia":[{"embeddable":true,"href":"http:\/\/cordobadirecto.com\/index.php\/wp-json\/wp\/v2\/media\/159039"}],"wp:attachment":[{"href":"http:\/\/cordobadirecto.com\/index.php\/wp-json\/wp\/v2\/media?parent=159038"}],"wp:term":[{"taxonomy":"category","embeddable":true,"href":"http:\/\/cordobadirecto.com\/index.php\/wp-json\/wp\/v2\/categories?post=159038"},{"taxonomy":"post_tag","embeddable":true,"href":"http:\/\/cordobadirecto.com\/index.php\/wp-json\/wp\/v2\/tags?post=159038"}],"curies":[{"name":"wp","href":"https:\/\/api.w.org\/{rel}","templated":true}]}}