{"id":159046,"date":"2024-11-29T19:12:51","date_gmt":"2024-11-29T19:12:51","guid":{"rendered":"https:\/\/es.digitaltrends.com\/?p=1049275"},"modified":"2024-11-29T19:12:51","modified_gmt":"2024-11-29T19:12:51","slug":"malcolm-todavia-recibe-las-llamadas-de-su-papi-bryan-cranston","status":"publish","type":"post","link":"http:\/\/cordobadirecto.com\/index.php\/2024\/11\/29\/malcolm-todavia-recibe-las-llamadas-de-su-papi-bryan-cranston\/","title":{"rendered":"Malcolm todav\u00eda recibe las llamadas de su \u00abpapi\u00bb Bryan Cranston"},"content":{"rendered":"<div><img src=\"http:\/\/cordobadirecto.com\/wp-content\/uploads\/2024\/12\/malcolm-todavia-recibe-las-llamadas-de-su-papi-bryan-cranston.jpg\" class=\"ff-og-image-inserted\"><\/div>\n<div class=\"dtvideos-container\" data-provider=\"youtube\">\n<div class=\"dtvideos-details h-dtvideos-details-embed\">\n<div class=\"dtvideos-title\">pelea con payasos escena &#8211; malcolm el del medio<\/div>\n<\/div>\n<\/div>\n<p>Un papel televisivo a temprana edad cambia la vida para siempre, o al menos eso es lo que siente Frankie Muniz, quien interpret\u00f3 al joven protagonista de <a href=\"https:\/\/es.digitaltrends.com\/entretenimiento\/frankie-muniz-malcolm-escape\/\"><strong>Malcolm in the Middle<\/strong><\/a>.<\/p>\n<div class=\"b-connatix b-connatix--video\" id=\"dt-cnx-container-674a18ea51502\">\n<div class=\"b-connatix__label\"> Recommended Videos <\/div>\n<div class=\"b-connatix__container\"> <\/div>\n<\/div>\n<p>Much\u00edsimos a\u00f1os despu\u00e9s, en conversaci\u00f3n en un episodio reciente del podcast&nbsp;<a href=\"https:\/\/podcasts.apple.com\/us\/podcast\/frankie-muniz-honest-parental-reflections-dangers-of\/id1256754097?i=1000678258810\" rel=\"nofollow noopener\"><em>Inside of You<\/em><\/a> con Michael Rosenbaum, el actor coment\u00f3 que a\u00fan le tiene mucho cari\u00f1o a su padre ficticio en el programa, Bryan Cranston, quien incluso a\u00fan se comunica con \u00e9l.<\/p>\n<p>\u00abSe convirti\u00f3 en una especie de figura paterna para m\u00ed. Y luego, incluso hasta el d\u00eda de hoy, ya sabes, es esencialmente como un dios de Hollywood en este punto. \u00bfSabes a lo que me refiero? Como si hubiera hecho pel\u00edculas incre\u00edbles, programas incre\u00edbles, ganado montones de premios. Como si fuera literalmente eso\u00bb.<\/p>\n<p>\u00ab<strong>Todav\u00eda se comunica conmigo cada dos semanas, para ver c\u00f3mo estoy<\/strong>\u00ab, revel\u00f3 Mu\u00f1iz. \u00abA \u00e9l le importa mucho lo que estoy haciendo, viene a las carreras, si mi banda estaba tocando, viene a los shows. Quiero decir, \u00e9l es una gran inspiraci\u00f3n, y como dije, eso es lo que me esfuerzo por ser para otra persona en el futuro\u00bb.<\/p>\n<p>A Muniz y Cranston se les unieron Jane Kaczmarek, Christopher Kennedy Masterson, Justin Berfield y Erik Per Sullivan a lo largo de las seis temporadas de&nbsp;<em>Malcolm in the Middle<\/em>, que abarcan desde 2000 hasta 2006.<\/p>\n<p> <span id=\"publisher-md\" itemprop=\"publisher\" itemscope itemtype=\"https:\/\/schema.org\/Organization\"> <span itemprop=\"url\" itemtype=\"https:\/\/schema.org\/Url\" content=\"https:\/\/es.digitaltrends.com\"> <span itemprop=\"logo\" itemscope itemtype=\"https:\/\/schema.org\/ImageObject\"> <meta itemprop=\"url\" content=\"https:\/\/cdn.dtcn.com\/dt\/dt-logo-small.png\"> <meta itemprop=\"width\" content=\"0\"> <meta itemprop=\"height\" content=\"0\"> <\/span> <meta itemprop=\"name\" content=\"Digital Trends Espa\u00f1ol\"> <\/span> <span itemprop=\"image\" itemscope itemtype=\"https:\/\/schema.org\/ImageObject\"> <meta itemprop=\"url\" content=\"https:\/\/es.digitaltrends.com\/wp-content\/uploads\/2024\/04\/Malcolm-in-the-middle.jpeg?p=1\"> <\/span> <\/span> <\/p>\n","protected":false},"excerpt":{"rendered":"<p>pelea con payasos escena &#8211; malcolm el del medio Un papel televisivo a temprana edad cambia la vida para siempre, o al menos eso es lo que siente Frankie Muniz, quien interpret\u00f3 al joven protagonista de Malcolm in the Middle. Recommended Videos Much\u00edsimos a\u00f1os despu\u00e9s, en conversaci\u00f3n en un episodio reciente del podcast&nbsp;Inside of You [&hellip;]<\/p>\n","protected":false},"author":1,"featured_media":159047,"comment_status":"closed","ping_status":"closed","sticky":false,"template":"","format":"standard","meta":[],"categories":[18],"tags":[],"_links":{"self":[{"href":"http:\/\/cordobadirecto.com\/index.php\/wp-json\/wp\/v2\/posts\/159046"}],"collection":[{"href":"http:\/\/cordobadirecto.com\/index.php\/wp-json\/wp\/v2\/posts"}],"about":[{"href":"http:\/\/cordobadirecto.com\/index.php\/wp-json\/wp\/v2\/types\/post"}],"author":[{"embeddable":true,"href":"http:\/\/cordobadirecto.com\/index.php\/wp-json\/wp\/v2\/users\/1"}],"replies":[{"embeddable":true,"href":"http:\/\/cordobadirecto.com\/index.php\/wp-json\/wp\/v2\/comments?post=159046"}],"version-history":[{"count":0,"href":"http:\/\/cordobadirecto.com\/index.php\/wp-json\/wp\/v2\/posts\/159046\/revisions"}],"wp:featuredmedia":[{"embeddable":true,"href":"http:\/\/cordobadirecto.com\/index.php\/wp-json\/wp\/v2\/media\/159047"}],"wp:attachment":[{"href":"http:\/\/cordobadirecto.com\/index.php\/wp-json\/wp\/v2\/media?parent=159046"}],"wp:term":[{"taxonomy":"category","embeddable":true,"href":"http:\/\/cordobadirecto.com\/index.php\/wp-json\/wp\/v2\/categories?post=159046"},{"taxonomy":"post_tag","embeddable":true,"href":"http:\/\/cordobadirecto.com\/index.php\/wp-json\/wp\/v2\/tags?post=159046"}],"curies":[{"name":"wp","href":"https:\/\/api.w.org\/{rel}","templated":true}]}}