{"id":159094,"date":"2024-12-02T22:22:29","date_gmt":"2024-12-02T22:22:29","guid":{"rendered":"https:\/\/www.ole.com.ar\/autos\/piloto-tc-escandalo-mariano-werner-twitter-lautaro-iglesia_0_ANI6jyhZUj.html"},"modified":"2024-12-02T22:22:29","modified_gmt":"2024-12-02T22:22:29","slug":"un-piloto-de-tc-fue-tajante-sobre-el-escandalo-con-werner-hay-que-meterlo-en-cana","status":"publish","type":"post","link":"http:\/\/cordobadirecto.com\/index.php\/2024\/12\/02\/un-piloto-de-tc-fue-tajante-sobre-el-escandalo-con-werner-hay-que-meterlo-en-cana\/","title":{"rendered":"Un piloto de TC fue tajante sobre el esc\u00e1ndalo con Werner: &#8220;Hay que meterlo en cana&#8221;"},"content":{"rendered":"<p><time class=\"createDate\" datetime=\"2024-12-02T19:22:29-03:00\">02\/12\/2024 19:22hs.<\/time><\/p>\n<div id=\"storyBody\">\n<div class=\"custom-text \" readability=\"30.95652173913\">\n<p>El <strong>Turismo Carretera<\/strong> vive d\u00edas por el <strong><a href=\"https:\/\/www.ole.com.ar\/tema\/lhiz9dRE5o.html\" title=\"esc\u00e1ndalo con Mariano Werner en la previa de la definici\u00f3n.\" alt=\"esc\u00e1ndalo con Mariano Werner en la previa de la definici\u00f3n.\">esc\u00e1ndalo con Mariano Werner<\/a><\/strong>, quien era uno de los grandes candidatos al t\u00edtulo y lo perdi\u00f3 todo por unos hinchas de Chevrolet que le tiraron papeles en la toma de aire. Luego de lo ocurrido en La Plata, se encendi\u00f3 el debate en el ambiente del automovilismo. <strong><a href=\"https:\/\/www.ole.com.ar\/tema\/ew7sVWhAru.html\" title=\"El primero en romper el silencio fue Juli\u00e1n Santero\" alt=\"El primero en romper el silencio fue Juli\u00e1n Santero\">El primero en romper el silencio fue Juli\u00e1n Santero<\/a><\/strong>, pero ahora fue otro protagonista quien alz\u00f3 la voz con una fuerte declaraci\u00f3n.<\/p>\n<\/div>\n<div class=\"custom-text \" readability=\"36\">\n<p><strong>Lautaro de la Iglesia<\/strong>, quien termin\u00f3 13\u00b0 en la Copa de Oro, no se guard\u00f3 nada y respondi\u00f3 a un fan\u00e1tico que le pregunt\u00f3 por el pol\u00e9mico episodio en X (ex Twitter) con una frase tajante: <strong>\u201cHay que identificarlo y meterlo en cana al sin vida ese <\/strong>(al hincha que tir\u00f3 los papeles al auto)&#8221;.<\/p>\n<\/div>\n<div class=\"sc-e7b891c4-0 ifHnQL image-embed\"><img alt=\"Lautaro De la Iglesia opin\u00f3 sobre el esc\u00e1ndalo con Werner.\" loading=\"lazy\" width=\"720\" height=\"100\" decoding=\"async\" data-nimg=\"1\" src=\"http:\/\/cordobadirecto.com\/wp-content\/uploads\/2024\/12\/un-piloto-de-tc-fue-tajante-sobre-el-escandalo-con-werner-hay-que-meterlo-en-cana.jpg\"><span class=\"epigraphe\">Lautaro De la Iglesia opin\u00f3 sobre el esc\u00e1ndalo con Werner.<\/span><\/div>\n<p><h2><strong>\u00bfQu\u00e9 dijo Werner tras ser perjudicado por los hinchas de Chevrolet?<\/strong><\/h2>\n<\/p>\n<div class=\"custom-text \" readability=\"45\">\n<p>El Zorro de Paran\u00e1, quien no pudo conquistar su cuarto t\u00edtulo en la categor\u00eda, felicit\u00f3 a su rival por el campeonato: <strong>&#8220;Felicitamos primero a Juli\u00e1n, un justo campe\u00f3n<\/strong>. Quiero agradecerle obviamente a todo el equipo, a cada uno de los integrantes, los mec\u00e1nicos, mi familia, mis hijos, mi se\u00f1ora y a toda la hinchada de Ford. <strong>Qued\u00f3 una marca y bueno, si fue sin querer, obviamente&#8230;<\/strong>&#8220;.<\/p>\n<\/div>\n<div class=\"custom-text \" readability=\"39\">\n<p>En ese momento, el periodista Mauricio Mansilla lo interrumpi\u00f3 para decirle: &#8220;Fuiste perjudicado hoy&#8221;, a lo que Werner contest\u00f3: <strong>&#8220;Si fue sin querer, perdonarlo, y si fue adrede, hay una justicia divina en todo<\/strong>. Me quedo con que no era para nosotros. Las cosas tienen que definirse en la pista&#8221;.<\/p>\n<\/div>\n<div class=\"sc-e7b891c4-0 ifHnQL image-embed\"><img alt=\"Werner felicit\u00f3 a Santero por el t\u00edtulo.\" loading=\"lazy\" width=\"720\" height=\"100\" decoding=\"async\" data-nimg=\"1\" src=\"http:\/\/cordobadirecto.com\/wp-content\/uploads\/2024\/12\/un-piloto-de-tc-fue-tajante-sobre-el-escandalo-con-werner-hay-que-meterlo-en-cana-1.jpg\"><span class=\"epigraphe\">Werner felicit\u00f3 a Santero por el t\u00edtulo.<\/span><\/div>\n<div class=\"custom-text \" readability=\"39\">\n<p>Respecto de si sent\u00eda bronca, se\u00f1al\u00f3: &#8220;Son cosas de la carrera. Lamentablemente me hubiera gustado perder por rendimiento, porque fueron mejores&#8230;<strong> Es claro que que hubo una mano que no tiene que estar<\/strong>&#8220;. Luego, agreg\u00f3: &#8220;No voy a bajar los brazos, jam\u00e1s. El que me conoce sabe c\u00f3mo hago las cosas y c\u00f3mo pienso. Agradezco nuevamente a todo el equipo que me dio una chance m\u00e1s&#8221;.<\/p>\n<\/div>\n<div class=\"custom-text \" readability=\"42\">\n<p>El campe\u00f3n Santero, aun habi\u00e9ndose visto beneficiado por lo sucedido, lo reprob\u00f3: <strong>&#8220;Me parece que no est\u00e1 bien. Es completamente injusto para Mariano y para el equipo&#8221;<\/strong>, comenz\u00f3. En la misma l\u00ednea, en di\u00e1logo con Carburando, agreg\u00f3: &#8220;Son cosas que no deber\u00edan pasar. Desde la invasi\u00f3n de pista, porque es peligroso, <strong>y mucho menos que le tiren papeles al radiador de un auto de un rival<\/strong>&#8220;.<\/p>\n<\/div>\n<div class=\"sc-e7b891c4-0 ifHnQL image-embed\"><img alt=\"Juli\u00e1n Santero, el campe\u00f3n del TC.\" loading=\"lazy\" width=\"720\" height=\"100\" decoding=\"async\" data-nimg=\"1\" src=\"http:\/\/cordobadirecto.com\/wp-content\/uploads\/2024\/12\/un-piloto-de-tc-fue-tajante-sobre-el-escandalo-con-werner-hay-que-meterlo-en-cana-2.jpg\"><span class=\"epigraphe\">Juli\u00e1n Santero, el campe\u00f3n del TC.<\/span><\/div>\n<div class=\"sc-a7166897-0 eoLsBE\" readability=\"6.5\">\n<section readability=\"3\"><picture><img alt=\"Verg\u00fcenza: hinchas de Chevrolet le tiraron papelitos a Werner (Ford) y le arruinaron el campeonato de TC\" loading=\"lazy\" width=\"290\" height=\"290\" decoding=\"async\" data-nimg=\"1\" src=\"http:\/\/cordobadirecto.com\/wp-content\/uploads\/2024\/12\/un-piloto-de-tc-fue-tajante-sobre-el-escandalo-con-werner-hay-que-meterlo-en-cana-3.jpg\"><\/picture>\n<p><span>Mir\u00e1 tambi\u00e9n<\/span><\/p>\n<hr>\n<h3>Verg\u00fcenza: hinchas de Chevrolet le tiraron papelitos a Werner (Ford) y le arruinaron el campeonato de TC<\/h3>\n<\/p>\n<\/section>\n<\/div>\n<div class=\"sc-a7166897-0 eoLsBE\" readability=\"6.5\">\n<section readability=\"3\"><picture><img alt=\"As\u00ed quedaron las posiciones finales de la Copa de Oro y el campeonato del Turismo Carretera \" loading=\"lazy\" width=\"290\" height=\"290\" decoding=\"async\" data-nimg=\"1\" src=\"http:\/\/cordobadirecto.com\/wp-content\/uploads\/2024\/12\/un-piloto-de-tc-fue-tajante-sobre-el-escandalo-con-werner-hay-que-meterlo-en-cana-4.jpg\"><\/picture>\n<p><span>Mir\u00e1 tambi\u00e9n<\/span><\/p>\n<hr>\n<h3>As\u00ed quedaron las posiciones finales de la Copa de Oro y el campeonato del Turismo Carretera <\/h3>\n<\/p>\n<\/section>\n<\/div>\n<div class=\"sc-a7166897-0 eoLsBE\" readability=\"6.5\">\n<section readability=\"3\"><picture><img alt=\"Qu\u00e9 dijo Werner tras perder el t\u00edtulo del TC con Santero por culpa de los hinchas de Chevrolet\" loading=\"lazy\" width=\"290\" height=\"290\" decoding=\"async\" data-nimg=\"1\" src=\"http:\/\/cordobadirecto.com\/wp-content\/uploads\/2024\/12\/un-piloto-de-tc-fue-tajante-sobre-el-escandalo-con-werner-hay-que-meterlo-en-cana-5.jpg\"><\/picture>\n<p><span>Mir\u00e1 tambi\u00e9n<\/span><\/p>\n<hr>\n<h3>Qu\u00e9 dijo Werner tras perder el t\u00edtulo del TC con Santero por culpa de los hinchas de Chevrolet<\/h3>\n<\/p>\n<\/section>\n<\/div>\n<div class=\"sc-a7166897-0 eoLsBE\" readability=\"6.5\">\n<section readability=\"3\"><picture><img alt=\"\u00bfQu\u00e9 dijo Juli\u00e1n Santero sobre el sabotaje al auto de Werner en la previa de la definici\u00f3n del TC?\" loading=\"lazy\" width=\"290\" height=\"290\" decoding=\"async\" data-nimg=\"1\" src=\"http:\/\/cordobadirecto.com\/wp-content\/uploads\/2024\/12\/un-piloto-de-tc-fue-tajante-sobre-el-escandalo-con-werner-hay-que-meterlo-en-cana-6.jpg\"><\/picture>\n<p><span>Mir\u00e1 tambi\u00e9n<\/span><\/p>\n<hr>\n<h3>\u00bfQu\u00e9 dijo Juli\u00e1n Santero sobre el sabotaje al auto de Werner en la previa de la definici\u00f3n del TC?<\/h3>\n<\/p>\n<\/section>\n<\/div>\n<\/div>\n","protected":false},"excerpt":{"rendered":"<p>02\/12\/2024 19:22hs. El Turismo Carretera vive d\u00edas por el esc\u00e1ndalo con Mariano Werner, quien era uno de los grandes candidatos al t\u00edtulo y lo perdi\u00f3 todo por unos hinchas de Chevrolet que le tiraron papeles en la toma de aire. Luego de lo ocurrido en La Plata, se encendi\u00f3 el debate en el ambiente del [&hellip;]<\/p>\n","protected":false},"author":1,"featured_media":159095,"comment_status":"closed","ping_status":"closed","sticky":false,"template":"","format":"standard","meta":[],"categories":[21],"tags":[],"_links":{"self":[{"href":"http:\/\/cordobadirecto.com\/index.php\/wp-json\/wp\/v2\/posts\/159094"}],"collection":[{"href":"http:\/\/cordobadirecto.com\/index.php\/wp-json\/wp\/v2\/posts"}],"about":[{"href":"http:\/\/cordobadirecto.com\/index.php\/wp-json\/wp\/v2\/types\/post"}],"author":[{"embeddable":true,"href":"http:\/\/cordobadirecto.com\/index.php\/wp-json\/wp\/v2\/users\/1"}],"replies":[{"embeddable":true,"href":"http:\/\/cordobadirecto.com\/index.php\/wp-json\/wp\/v2\/comments?post=159094"}],"version-history":[{"count":0,"href":"http:\/\/cordobadirecto.com\/index.php\/wp-json\/wp\/v2\/posts\/159094\/revisions"}],"wp:featuredmedia":[{"embeddable":true,"href":"http:\/\/cordobadirecto.com\/index.php\/wp-json\/wp\/v2\/media\/159095"}],"wp:attachment":[{"href":"http:\/\/cordobadirecto.com\/index.php\/wp-json\/wp\/v2\/media?parent=159094"}],"wp:term":[{"taxonomy":"category","embeddable":true,"href":"http:\/\/cordobadirecto.com\/index.php\/wp-json\/wp\/v2\/categories?post=159094"},{"taxonomy":"post_tag","embeddable":true,"href":"http:\/\/cordobadirecto.com\/index.php\/wp-json\/wp\/v2\/tags?post=159094"}],"curies":[{"name":"wp","href":"https:\/\/api.w.org\/{rel}","templated":true}]}}