{"id":159104,"date":"2024-12-03T11:10:25","date_gmt":"2024-12-03T11:10:25","guid":{"rendered":"http:\/\/cordobadirecto.com\/index.php\/2024\/12\/03\/prorroga-del-blanqueo-de-capitales-nuevos-plazos-para-regularizar-grupo-la-provincia\/"},"modified":"2024-12-03T11:10:25","modified_gmt":"2024-12-03T11:10:25","slug":"prorroga-del-blanqueo-de-capitales-nuevos-plazos-para-regularizar-grupo-la-provincia","status":"publish","type":"post","link":"http:\/\/cordobadirecto.com\/index.php\/2024\/12\/03\/prorroga-del-blanqueo-de-capitales-nuevos-plazos-para-regularizar-grupo-la-provincia\/","title":{"rendered":"Pr\u00f3rroga del blanqueo de capitales: nuevos plazos para regularizar &#8211; Grupo La Provincia"},"content":{"rendered":"<p>Con la <b>nueva<\/b> pr\u00f3rroga del blanqueo, los contribuyentes tendr\u00e1n m\u00e1s tiempo para regularizar fondos. \u00bfQu\u00e9 significa para tu <b>econom\u00eda<\/b>? <\/p>\n","protected":false},"excerpt":{"rendered":"<p>Con la nueva pr\u00f3rroga del blanqueo, los contribuyentes tendr\u00e1n m\u00e1s tiempo para regularizar fondos. \u00bfQu\u00e9 significa para tu econom\u00eda?<\/p>\n","protected":false},"author":1,"featured_media":0,"comment_status":"closed","ping_status":"closed","sticky":false,"template":"","format":"standard","meta":[],"categories":[40],"tags":[],"_links":{"self":[{"href":"http:\/\/cordobadirecto.com\/index.php\/wp-json\/wp\/v2\/posts\/159104"}],"collection":[{"href":"http:\/\/cordobadirecto.com\/index.php\/wp-json\/wp\/v2\/posts"}],"about":[{"href":"http:\/\/cordobadirecto.com\/index.php\/wp-json\/wp\/v2\/types\/post"}],"author":[{"embeddable":true,"href":"http:\/\/cordobadirecto.com\/index.php\/wp-json\/wp\/v2\/users\/1"}],"replies":[{"embeddable":true,"href":"http:\/\/cordobadirecto.com\/index.php\/wp-json\/wp\/v2\/comments?post=159104"}],"version-history":[{"count":0,"href":"http:\/\/cordobadirecto.com\/index.php\/wp-json\/wp\/v2\/posts\/159104\/revisions"}],"wp:attachment":[{"href":"http:\/\/cordobadirecto.com\/index.php\/wp-json\/wp\/v2\/media?parent=159104"}],"wp:term":[{"taxonomy":"category","embeddable":true,"href":"http:\/\/cordobadirecto.com\/index.php\/wp-json\/wp\/v2\/categories?post=159104"},{"taxonomy":"post_tag","embeddable":true,"href":"http:\/\/cordobadirecto.com\/index.php\/wp-json\/wp\/v2\/tags?post=159104"}],"curies":[{"name":"wp","href":"https:\/\/api.w.org\/{rel}","templated":true}]}}