{"id":159220,"date":"2024-12-05T09:03:40","date_gmt":"2024-12-05T09:03:40","guid":{"rendered":"http:\/\/cordobadirecto.com\/index.php\/2024\/12\/05\/son-160-los-proyectos-de-inclusion-social-con-apoyo-de-la-provincia-hoy-dia-cordoba\/"},"modified":"2024-12-05T09:03:40","modified_gmt":"2024-12-05T09:03:40","slug":"son-160-los-proyectos-de-inclusion-social-con-apoyo-de-la-provincia-hoy-dia-cordoba","status":"publish","type":"post","link":"http:\/\/cordobadirecto.com\/index.php\/2024\/12\/05\/son-160-los-proyectos-de-inclusion-social-con-apoyo-de-la-provincia-hoy-dia-cordoba\/","title":{"rendered":"Son 160 los proyectos de inclusi\u00f3n social con apoyo de la Provincia &#8211; Hoy D\u00eda <b>C\u00f3rdoba<\/b>"},"content":{"rendered":"<p>&#8230; <b>nueva<\/b> sede de SuperAdaptados, la f\u00e1brica de bicicletas de la Fundaci\u00f3n &#8230; <b>Economia<\/b> &middot; El centinela ciego &middot; El Imperdible &middot; El ojo de Horus &middot; En las&nbsp;&#8230; <\/p>\n","protected":false},"excerpt":{"rendered":"<p>&#8230; nueva sede de SuperAdaptados, la f\u00e1brica de bicicletas de la Fundaci\u00f3n &#8230; Economia &middot; El centinela ciego &middot; El Imperdible &middot; El ojo de Horus &middot; En las&nbsp;&#8230;<\/p>\n","protected":false},"author":1,"featured_media":0,"comment_status":"closed","ping_status":"closed","sticky":false,"template":"","format":"standard","meta":[],"categories":[40],"tags":[],"_links":{"self":[{"href":"http:\/\/cordobadirecto.com\/index.php\/wp-json\/wp\/v2\/posts\/159220"}],"collection":[{"href":"http:\/\/cordobadirecto.com\/index.php\/wp-json\/wp\/v2\/posts"}],"about":[{"href":"http:\/\/cordobadirecto.com\/index.php\/wp-json\/wp\/v2\/types\/post"}],"author":[{"embeddable":true,"href":"http:\/\/cordobadirecto.com\/index.php\/wp-json\/wp\/v2\/users\/1"}],"replies":[{"embeddable":true,"href":"http:\/\/cordobadirecto.com\/index.php\/wp-json\/wp\/v2\/comments?post=159220"}],"version-history":[{"count":0,"href":"http:\/\/cordobadirecto.com\/index.php\/wp-json\/wp\/v2\/posts\/159220\/revisions"}],"wp:attachment":[{"href":"http:\/\/cordobadirecto.com\/index.php\/wp-json\/wp\/v2\/media?parent=159220"}],"wp:term":[{"taxonomy":"category","embeddable":true,"href":"http:\/\/cordobadirecto.com\/index.php\/wp-json\/wp\/v2\/categories?post=159220"},{"taxonomy":"post_tag","embeddable":true,"href":"http:\/\/cordobadirecto.com\/index.php\/wp-json\/wp\/v2\/tags?post=159220"}],"curies":[{"name":"wp","href":"https:\/\/api.w.org\/{rel}","templated":true}]}}