{"id":159244,"date":"2024-12-06T01:03:55","date_gmt":"2024-12-06T01:03:55","guid":{"rendered":"https:\/\/www.ole.com.ar\/autos\/cena-fin-ano-formula-1-colapinto-codo-codo-verstappen-reencuentro-picante_0_AQXATywekC.html"},"modified":"2024-12-06T01:03:55","modified_gmt":"2024-12-06T01:03:55","slug":"la-cena-de-fin-de-ano-de-la-formula-1-colapinto-codo-a-codo-con-verstappen-y-un-reencuentro-picante","status":"publish","type":"post","link":"http:\/\/cordobadirecto.com\/index.php\/2024\/12\/06\/la-cena-de-fin-de-ano-de-la-formula-1-colapinto-codo-a-codo-con-verstappen-y-un-reencuentro-picante\/","title":{"rendered":"La cena de fin de a\u00f1o de la F\u00f3rmula 1: Colapinto codo a codo con Verstappen y un reencuentro picante"},"content":{"rendered":"<p><time class=\"createDate\" datetime=\"2024-12-05T22:03:55-03:00\">05\/12\/2024 22:03hs.<\/time><\/p>\n<div id=\"storyBody\">\n<div class=\"custom-text \" readability=\"43.299412915851\">\n<p>En la previa del Gran Premio de Abu Dhabi, la \u00faltima carrera del a\u00f1o en la F\u00f3rmula 1, todos los pilotos de la M\u00e1xima tuvieron su tradicional cena de fin de a\u00f1o, esta vez, en el Zuma Restaurant de la capital de Emiratos \u00c1rabes Unidos. Y all\u00ed estuvo presente, claro, <strong><a href=\"https:\/\/www.ole.com.ar\/tema\/franco-colapinto.html\" title=\"Franco Colapinto\" alt=\"Franco Colapinto\" class=\"slug\">Franco Colapinto<\/a>, en medio de un futuro incierto dentro de la categor\u00eda y codo a codo con <a href=\"https:\/\/www.ole.com.ar\/tema\/max-verstappen.html\" title=\"Max Verstappen\" alt=\"Max Verstappen\" class=\"slug\">Max Verstappen<\/a>, <\/strong>vigente campe\u00f3n y superestrella de Red Bull, la escuder\u00eda a la que el argentino, seg\u00fan se rumorea, <strong>m\u00e1s chances tiene de arribar. <\/strong><\/p>\n<\/div>\n<div class=\"custom-text \" readability=\"45\">\n<p>En una de las fotos, que se trat\u00f3 de una selfie tomada por Oscar Piastri, piloto de McLaren, se logr\u00f3 ver a 17 de los 20 pilotos de la F\u00f3rmula 1, <strong>con Colapinto en medio de Verstappen y de Esteban Ocon, quien protagoniz\u00f3 el choque con el argentino en el Gran Premio de Qatar y que fue desvinculado de Alpine antes de este GP final. <\/strong>No aparecieron en las im\u00e1genes los dos corredores de Aston Martin, Fernando Alonso y Lance Stroll, y Kevin Magnussen, de Haas. En otra, compartida por Lewis Hamilton (Mercedes), fue Nico Hulkenberg (Haas) el que se sacrific\u00f3 en la imagen e hizo de fot\u00f3grafo.<\/p>\n<\/div>\n<div class=\"custom-text \" readability=\"40\">\n<p>Si bien una de las fotos, l\u00f3gicamente, no es argumento para nada, <strong>s\u00ed denota nuevamente la buena onda que hay entre el argentino y el neerland\u00e9s.<\/strong> Y en un marco especial, justamente por la inc\u00f3gnita en la continuidad de Colapinto en la F\u00f3rmula 1. Respecto a este rumor que lo vincula como pr\u00f3ximo piloto de Red Bull ante una hipot\u00e9tica salida del mexicano Sergio P\u00e9rez,<strong> el argentino intent\u00f3 poner pa\u00f1os fr\u00edos al decir que en la escuder\u00eda del toro &#8220;hay muy pocas chances&#8221;.<\/strong><\/p>\n<\/div>\n<div class=\"custom-text \" readability=\"40\">\n<p><strong>&#8220;Siempre hay que mantenerse muy positivos, pero tambi\u00e9n hay que ser realista: creo que en Red Bull hay muy pocas chances. <\/strong>Tiene a varios pilotos en la academia, uno que est\u00e1 por ganar la F\u00f3rmula 2, otros que tienen en Visa Cash App. Lo veo complicado, pero hasta que haya posibilidades y me destaque en la F\u00f3rmula 1 siempre pueden cambiar las cosas. <strong>Voy a tratar de disfrutar el fin de semana y hacer todo lo posible para seguir aprendiendo&#8221;, <\/strong>mencion\u00f3 Colapinto.<\/p>\n<\/div>\n<div class=\"sc-e7b891c4-0 ifHnQL image-embed\"><img alt=\"La cena de fin de a\u00f1o de los pilotos de la F\u00f3rmula 1 con Franco Colapinto y tres ausentes en la foto: Fernando Alonso, Lance Stroll y Kevin Magnussen.\" loading=\"lazy\" width=\"720\" height=\"100\" decoding=\"async\" data-nimg=\"1\" src=\"http:\/\/cordobadirecto.com\/wp-content\/uploads\/2024\/12\/la-cena-de-fin-de-ano-de-la-formula-1-colapinto-codo-a-codo-con-verstappen-y-un-reencuentro-picante.jpg\"><span class=\"epigraphe\">La cena de fin de a\u00f1o de los pilotos de la F\u00f3rmula 1 con Franco Colapinto y tres ausentes en la foto: Fernando Alonso, Lance Stroll y Kevin Magnussen.<\/span><\/div>\n<div class=\"sc-e7b891c4-0 ifHnQL image-embed\"><img alt=\"La cena de fin de a\u00f1o de los pilotos de la F\u00f3rmula 1, con Franco Colapinto. \" loading=\"lazy\" width=\"720\" height=\"100\" decoding=\"async\" data-nimg=\"1\" src=\"http:\/\/cordobadirecto.com\/wp-content\/uploads\/2024\/12\/la-cena-de-fin-de-ano-de-la-formula-1-colapinto-codo-a-codo-con-verstappen-y-un-reencuentro-picante-1.jpg\"><span class=\"epigraphe\">La cena de fin de a\u00f1o de los pilotos de la F\u00f3rmula 1, con Franco Colapinto. <\/span><\/div>\n<p><h2><strong>El reencuentro picante entre Verstappen y Russell<\/strong><\/h2>\n<\/p>\n<div class=\"custom-text \" readability=\"41\">\n<p>Lo otro que denot\u00f3 la foto tambi\u00e9n involucra a Verstappen y es que debi\u00f3 verse las caras nuevamente con George Russell, piloto de Mercedes y con quien tuvo un fuerte cruce en el GP de Qatar, situaci\u00f3n con la que Lando Norris, de McLaren, brome\u00f3 en las redes sociales. <strong>&#8220;\u00a1Cena 2024! Y s\u00ed, los dos que ustedes est\u00e1n pensando se sentaron tan lejos como pudieron del otro&#8221;, <\/strong>dijo el brit\u00e1nico.<\/p>\n<\/div>\n<div class=\"custom-text \" readability=\"37\">\n<p><strong>\u00bfQu\u00e9 hab\u00eda sucedido entre Verstappen y Russell?<\/strong> Durante la clasificaci\u00f3n, George present\u00f3 una queja formal ante los comisarios por una maniobra del de Red Bull que consider\u00f3 peligrosa. La acci\u00f3n result\u00f3 en la p\u00e9rdida de la pole position para el tetracampe\u00f3n, quien fue relegado al segundo lugar en la parrilla.<\/p>\n<\/div>\n<div class=\"custom-text \" readability=\"38\">\n<p>Y si bien Verstappen se recuper\u00f3 superando al brit\u00e1nico en la largada y termin\u00f3 ganando la carrera, su descontento qued\u00f3 reflejado en las declaraciones posteriores.<strong> &#8220;Perd\u00ed todo mi respeto por George. Nunca vi a alguien tratando de joder a alguien tan duro&#8221;, <\/strong>lanz\u00f3 el neerland\u00e9s en la rueda de prensa, dejando claro que el roce no quedar\u00eda ah\u00ed. <\/p>\n<\/div>\n<div class=\"custom-text \" readability=\"42\">\n<p>Por su parte, Russell no se qued\u00f3 callado y respondi\u00f3: &#8220;Yo solo sigo las reglas. Si no te gustan, tal vez est\u00e1s en el deporte equivocado&#8221;. Una frase que, aunque indirecta, fue interpretada como un dardo hacia Mad Max. Y, luego, apunt\u00f3 directamente: &#8220;Me parece todo bastante ir\u00f3nico, ya que \u00e9l dijo que iba a hacer todo lo posible para chocarme y darme de cabeza contra la pared\u201d.<\/p>\n<\/div>\n<div class=\"sc-e7b891c4-0 ifHnQL image-embed\"><img alt=\"Verstappen y Russell. (Foto: REUTERS\/Hamad I Mohammed)\" loading=\"lazy\" width=\"720\" height=\"100\" decoding=\"async\" data-nimg=\"1\" src=\"http:\/\/cordobadirecto.com\/wp-content\/uploads\/2024\/12\/la-cena-de-fin-de-ano-de-la-formula-1-colapinto-codo-a-codo-con-verstappen-y-un-reencuentro-picante-2.jpg\"><span class=\"epigraphe\">Verstappen y Russell. (Foto: REUTERS\/Hamad I Mohammed)<\/span><\/div>\n<p><h2><strong>El cronograma del GP de Abu Dhabi<\/strong><\/h2>\n<\/p>\n<div class=\"custom-text \" readability=\"40\">\n<p>El cronograma ser\u00e1 el habitual, ya que esta fecha no contar\u00e1 con Sprint (como s\u00ed hubo en Qatar). Para el p\u00fablico argentino, los horarios ser\u00e1n los siguientes: el viernes habr\u00e1 dos sesiones de pr\u00e1cticas, la primera a las 6.30 y la segunda a las 10. El s\u00e1bado se llevar\u00e1 a cabo el tercer y \u00faltimo ensayo desde las 7.30, y la clasificaci\u00f3n a las 11. Por \u00faltimo, el domingo se disputar\u00e1 la carrera a partir de las 10.<\/p>\n<\/div>\n<div class=\"custom-text \" readability=\"34\">\n<p>Toda la actividad se podr\u00e1 ver en vivo por Fox Sports y por la plataforma de streaming Disney+ Premium, adem\u00e1s que vas a poder hacer un seguimiento en directo en la web de Ol\u00e9.<\/p>\n<\/div>\n<div class=\"custom-text \" readability=\"32\">\n<p>Libre 1 &#8211; 6.30hs (viernes)<\/p>\n<\/div>\n<div class=\"custom-text \" readability=\"32\">\n<p>Libre 2 &#8211; 10.00hs (viernes)<\/p>\n<\/div>\n<div class=\"custom-text \" readability=\"32\">\n<p>Libre 3 &#8211; 7.30hs (s\u00e1bado)<\/p>\n<\/div>\n<div class=\"custom-text \" readability=\"32\">\n<p>Clasificaci\u00f3n &#8211; 11.00hs (s\u00e1bado)<\/p>\n<\/div>\n<div class=\"custom-text \" readability=\"32\">\n<p>Carrera &#8211; 10.00hs (domingo)<\/p>\n<\/div>\n<div class=\"sc-a7166897-0 eoLsBE\" readability=\"6\">\n<section readability=\"2\"><picture><img alt=\"Colapinto volver\u00e1 a Abu Dhabi: \u00bfc\u00f3mo le fue las otras veces?\" loading=\"lazy\" width=\"290\" height=\"290\" decoding=\"async\" data-nimg=\"1\" src=\"http:\/\/cordobadirecto.com\/wp-content\/uploads\/2024\/12\/la-cena-de-fin-de-ano-de-la-formula-1-colapinto-codo-a-codo-con-verstappen-y-un-reencuentro-picante-3.jpg\"><\/picture>\n<p><span>Mir\u00e1 tambi\u00e9n<\/span><\/p>\n<hr>\n<h3>Colapinto volver\u00e1 a Abu Dhabi: \u00bfc\u00f3mo le fue las otras veces?<\/h3>\n<\/p>\n<\/section>\n<\/div>\n<div class=\"sc-a7166897-0 eoLsBE\" readability=\"6\">\n<section readability=\"2\"><picture><img alt=\"Colapinto se refiri\u00f3 a los rumores de su futuro en la F\u00f3rmula 1\" loading=\"lazy\" width=\"290\" height=\"290\" decoding=\"async\" data-nimg=\"1\" src=\"http:\/\/cordobadirecto.com\/wp-content\/uploads\/2024\/12\/la-cena-de-fin-de-ano-de-la-formula-1-colapinto-codo-a-codo-con-verstappen-y-un-reencuentro-picante-4.jpg\"><\/picture>\n<p><span>Mir\u00e1 tambi\u00e9n<\/span><\/p>\n<hr>\n<h3>Colapinto se refiri\u00f3 a los rumores de su futuro en la F\u00f3rmula 1<\/h3>\n<\/p>\n<\/section>\n<\/div>\n<div class=\"sc-a7166897-0 eoLsBE\" readability=\"7\">\n<section readability=\"4\"><picture><img alt=\"Tres hechos que no se ven en la serie de Senna: el d\u00eda que le salv\u00f3 la vida a un rival, un impresionante choque en M\u00e9xico y perlita con Mansell\" loading=\"lazy\" width=\"290\" height=\"290\" decoding=\"async\" data-nimg=\"1\" src=\"http:\/\/cordobadirecto.com\/wp-content\/uploads\/2024\/12\/la-cena-de-fin-de-ano-de-la-formula-1-colapinto-codo-a-codo-con-verstappen-y-un-reencuentro-picante-5.jpg\"><\/picture>\n<p><span>Mir\u00e1 tambi\u00e9n<\/span><\/p>\n<hr>\n<h3>Tres hechos que no se ven en la serie de Senna: el d\u00eda que le salv\u00f3 la vida a un rival, un impresionante choque en M\u00e9xico y perlita con Mansell<\/h3>\n<\/p>\n<\/section>\n<\/div>\n<\/div>\n","protected":false},"excerpt":{"rendered":"<p>05\/12\/2024 22:03hs. En la previa del Gran Premio de Abu Dhabi, la \u00faltima carrera del a\u00f1o en la F\u00f3rmula 1, todos los pilotos de la M\u00e1xima tuvieron su tradicional cena de fin de a\u00f1o, esta vez, en el Zuma Restaurant de la capital de Emiratos \u00c1rabes Unidos. Y all\u00ed estuvo presente, claro, Franco Colapinto, en [&hellip;]<\/p>\n","protected":false},"author":1,"featured_media":159245,"comment_status":"closed","ping_status":"closed","sticky":false,"template":"","format":"standard","meta":[],"categories":[21],"tags":[],"_links":{"self":[{"href":"http:\/\/cordobadirecto.com\/index.php\/wp-json\/wp\/v2\/posts\/159244"}],"collection":[{"href":"http:\/\/cordobadirecto.com\/index.php\/wp-json\/wp\/v2\/posts"}],"about":[{"href":"http:\/\/cordobadirecto.com\/index.php\/wp-json\/wp\/v2\/types\/post"}],"author":[{"embeddable":true,"href":"http:\/\/cordobadirecto.com\/index.php\/wp-json\/wp\/v2\/users\/1"}],"replies":[{"embeddable":true,"href":"http:\/\/cordobadirecto.com\/index.php\/wp-json\/wp\/v2\/comments?post=159244"}],"version-history":[{"count":0,"href":"http:\/\/cordobadirecto.com\/index.php\/wp-json\/wp\/v2\/posts\/159244\/revisions"}],"wp:featuredmedia":[{"embeddable":true,"href":"http:\/\/cordobadirecto.com\/index.php\/wp-json\/wp\/v2\/media\/159245"}],"wp:attachment":[{"href":"http:\/\/cordobadirecto.com\/index.php\/wp-json\/wp\/v2\/media?parent=159244"}],"wp:term":[{"taxonomy":"category","embeddable":true,"href":"http:\/\/cordobadirecto.com\/index.php\/wp-json\/wp\/v2\/categories?post=159244"},{"taxonomy":"post_tag","embeddable":true,"href":"http:\/\/cordobadirecto.com\/index.php\/wp-json\/wp\/v2\/tags?post=159244"}],"curies":[{"name":"wp","href":"https:\/\/api.w.org\/{rel}","templated":true}]}}