{"id":159269,"date":"2024-12-06T17:33:08","date_gmt":"2024-12-06T17:33:08","guid":{"rendered":"https:\/\/cordoba.gob.ar\/?p=64883"},"modified":"2024-12-06T17:33:08","modified_gmt":"2024-12-06T17:33:08","slug":"comenzo-el-armado-del-arbol-navideno-con-materiales-100-reciclables-y-reutilizables-en-la-plaza-de-la-intendencia","status":"publish","type":"post","link":"http:\/\/cordobadirecto.com\/index.php\/2024\/12\/06\/comenzo-el-armado-del-arbol-navideno-con-materiales-100-reciclables-y-reutilizables-en-la-plaza-de-la-intendencia\/","title":{"rendered":"Comenz\u00f3 el armado del \u00e1rbol navide\u00f1o con materiales 100% reciclables y reutilizables en la Plaza de la Intendencia"},"content":{"rendered":"<div><img src=\"http:\/\/cordobadirecto.com\/wp-content\/uploads\/2024\/12\/comenzo-el-armado-del-arbol-navideno-con-materiales-100-reciclables-y-reutilizables-en-la-plaza-de-la-intendencia.jpg\" class=\"ff-og-image-inserted\"><\/div>\n<ul>\n<li><strong>Este a\u00f1o la hojalata se destaca como el elemento principal y tendr\u00e1 guirnaldas confeccionadas con m\u00e1s de 150.000 tapitas.<\/strong><\/li>\n<li><strong>La estructura art\u00edstica cuanta con 16 metros de altura.<\/strong><\/li>\n<li><strong>El encendido ser\u00e1 el pr\u00f3ximo lunes al atardecer, en el marco de la Navidad Circular.<\/strong><\/li>\n<\/ul>\n<hr>\n<p>La Municipalidad de C\u00f3rdoba a trav\u00e9s del ente COyS (C\u00f3rdoba Obras y Servicios) se encuentra instalando en la Plaza de la Intendencia-H\u00e9roes de Malvinas el \u00e1rbol navide\u00f1o. Como todos los a\u00f1os, est\u00e1 elaborado con materiales 100% reciclables y reutilizables.<\/p>\n<p>La intervenci\u00f3n art\u00edstica mide 14 metros de alto, m\u00e1s dos metros de la estrella que lo acompa\u00f1a en la punta. La estructura donde se asientan los adornos es la misma que se reutiliza desde su primera edici\u00f3n.<\/p>\n<p>El artista Dar\u00edo Pedreira est\u00e1 a cargo del montaje y su elaboraci\u00f3n es a partir de la reutilizaci\u00f3n de objetos, con diferentes composiciones y materiales recuperados en los Centros Verdes. Los residuos secos son analizados y luego se generan las piezas que decorar\u00e1n la festividad.<\/p>\n<p>\u201cLa particularidad de este a\u00f1o es que trabajamos mucho con la hojalata como elemento principal para su confecci\u00f3n, lo que le dar\u00e1 un particular brillo que lucir\u00e1 durante el d\u00eda y por la noche. Es decir, que utilizamos latas que la gente desecha, pasan por un proceso de clasificaci\u00f3n, limpieza y luego se transforman en objetos decorativos que toman protagonismo en el \u00e1rbol\u201d, expresa el artista.<\/p>\n<p>Se podr\u00e1n observar latas doradas y plateadas de distintos di\u00e1metros y manipuladas para que tengan diversas formas.<\/p>\n<p>A medida que el p\u00fablico se acerca al \u00e1rbol, encuentra y reconoce que cada una de las unidades compositivas del \u00e1rbol son residuos que se situaron de modo que reflejen la luz, den brillo y esp\u00edritu navide\u00f1o.<\/p>\n<p>El color rojo ser\u00e1 otra particularidad de este a\u00f1o.<\/p>\n<p>Como novedad se incorporan guirnaldas, confeccionadas con m\u00e1s de 150.000 tapitas que est\u00e1n perforadas y enhebradas, que luego van a ser recicladas.<\/p>\n<p>Todo lo que se usa en el \u00e1rbol ya fue utilizado alguna vez y va a poder seguir emple\u00e1ndose, generando el c\u00edrculo virtuoso de la Econom\u00eda Circular.<\/p>\n<p>El encendido del \u00e1rbol ser\u00e1 el lunes al atardecer, dando cierre a la Navidad Circular en la Plaza de la Intendencia \u2013 H\u00e9roes de Malvinas, que luego se trasladar\u00e1 hasta el mi\u00e9rcoles en la Plaza V\u00e9lez Sarsfield.<\/p>\n<p><strong>Navidad Circular<\/strong><\/p>\n<p>Hoy comienza la Navidad Circular, las v\u00edsperas de la festividad con una tem\u00e1tica que caracteriza a la ciudad de C\u00f3rdoba: la Econom\u00eda Circular.<\/p>\n<p>Inicia este viernes en la Plaza de la Intendencia-H\u00e9roes de Malvinas con la feria Sin Desperdicio: puestos de venta de ropa de segunda mano, vintage, customizada y suprareciclada.<\/p>\n<p>Los proyectos ligados al rubro textil, producci\u00f3n, venta o reventa, que trabajan con el concepto de lo circular como eje, estar\u00e1n hasta el lunes al atardeder, desde las 16:00 a las 21:00 horas. Ese lunes cerrar\u00e1 con el encendido del \u00e1rbol navide\u00f1o.<\/p>\n<p>Luego, la Navidad Circular sigue en la plaza V\u00e9lez Sarsfield. Ser\u00e1 los d\u00edas 10 y 11 de diciembre de 17:00 a 21:00 horas.<\/p>\n<p>All\u00ed se dar\u00e1n a conocer productos circulares de excelente calidad, realizados por alguno de los feriantes, trabajadores y trabajadoras de la econom\u00eda popular registrados, dise\u00f1adores locales independientes, cooperativas y emprendedores, que ser\u00e1n parte de la feria.<\/p>\n<p>Habr\u00e1 juguetes de telas o madera, decoraci\u00f3n para el hogar, cuadros, indumentaria, l\u00e1mparas, artesan\u00edas, encuadernaci\u00f3n, bazar, mates, art\u00edculos de cer\u00e1mica y barro, plantas, entre otros.<\/p>\n","protected":false},"excerpt":{"rendered":"<p>Este a\u00f1o la hojalata se destaca como el elemento principal y tendr\u00e1 guirnaldas confeccionadas con m\u00e1s de 150.000 tapitas. La estructura art\u00edstica cuanta con 16 metros de altura. El encendido ser\u00e1 el pr\u00f3ximo lunes al atardecer, en el marco de la Navidad Circular. La Municipalidad de C\u00f3rdoba a trav\u00e9s del ente COyS (C\u00f3rdoba Obras y [&hellip;]<\/p>\n","protected":false},"author":1,"featured_media":159270,"comment_status":"closed","ping_status":"closed","sticky":false,"template":"","format":"standard","meta":[],"categories":[44],"tags":[],"_links":{"self":[{"href":"http:\/\/cordobadirecto.com\/index.php\/wp-json\/wp\/v2\/posts\/159269"}],"collection":[{"href":"http:\/\/cordobadirecto.com\/index.php\/wp-json\/wp\/v2\/posts"}],"about":[{"href":"http:\/\/cordobadirecto.com\/index.php\/wp-json\/wp\/v2\/types\/post"}],"author":[{"embeddable":true,"href":"http:\/\/cordobadirecto.com\/index.php\/wp-json\/wp\/v2\/users\/1"}],"replies":[{"embeddable":true,"href":"http:\/\/cordobadirecto.com\/index.php\/wp-json\/wp\/v2\/comments?post=159269"}],"version-history":[{"count":0,"href":"http:\/\/cordobadirecto.com\/index.php\/wp-json\/wp\/v2\/posts\/159269\/revisions"}],"wp:featuredmedia":[{"embeddable":true,"href":"http:\/\/cordobadirecto.com\/index.php\/wp-json\/wp\/v2\/media\/159270"}],"wp:attachment":[{"href":"http:\/\/cordobadirecto.com\/index.php\/wp-json\/wp\/v2\/media?parent=159269"}],"wp:term":[{"taxonomy":"category","embeddable":true,"href":"http:\/\/cordobadirecto.com\/index.php\/wp-json\/wp\/v2\/categories?post=159269"},{"taxonomy":"post_tag","embeddable":true,"href":"http:\/\/cordobadirecto.com\/index.php\/wp-json\/wp\/v2\/tags?post=159269"}],"curies":[{"name":"wp","href":"https:\/\/api.w.org\/{rel}","templated":true}]}}