{"id":159293,"date":"2024-12-06T21:54:05","date_gmt":"2024-12-06T21:54:05","guid":{"rendered":"https:\/\/www.ole.com.ar\/autos\/franco-colapinto-vuelve-argentina-opinion-hinchas-podcast-williams-alexander-albon-formula-1-f1_0_LOeq0jKNAi.html"},"modified":"2024-12-06T21:54:05","modified_gmt":"2024-12-06T21:54:05","slug":"el-ida-y-vuelta-de-colapinto-y-albon-sobre-los-argentinos-si-decis-que-no-son-los-mejores","status":"publish","type":"post","link":"http:\/\/cordobadirecto.com\/index.php\/2024\/12\/06\/el-ida-y-vuelta-de-colapinto-y-albon-sobre-los-argentinos-si-decis-que-no-son-los-mejores\/","title":{"rendered":"El ida y vuelta de Colapinto y Albon sobre los argentinos: &#8220;Si dec\u00eds que no son los mejores&#8230;&#8221;"},"content":{"rendered":"<p><time class=\"createDate\" datetime=\"2024-12-06T18:54:05-03:00\">06\/12\/2024 18:54hs.<\/time><\/p>\n<div id=\"storyBody\">\n<div class=\"custom-text \" readability=\"36.8\">\n<p>Antes de darle rienda suelta al <strong>GP de<\/strong> <strong>Abu Dhabi<\/strong>, <strong><a href=\"https:\/\/www.ole.com.ar\/tema\/franco-colapinto.html\" title=\"Franco Colapinto\" alt=\"Franco Colapinto\" class=\"slug\">Franco Colapinto<\/a><\/strong>, cuyo futuro en la <strong><a href=\"https:\/\/www.ole.com.ar\/tema\/formula-1.html\" title=\"F\u00f3rmula 1\" alt=\"F\u00f3rmula 1\" class=\"slug\">F\u00f3rmula 1<\/a><\/strong> a\u00fan es incierto, comparti\u00f3 junto a <strong>Alexander Albon<\/strong> la \u00faltima entrega de Team Torque, el podcast de <strong>Williams. <\/strong>Entre tantos idas y vueltas, el pilarense <strong>discuti\u00f3 con su compa\u00f1ero de escuder\u00eda qui\u00e9nes son los mejores hinchas. <\/strong><\/p>\n<\/div>\n<div class=\"custom-text \" readability=\"39\">\n<p>En un ping pong hacia Franco, el tailand\u00e9s consult\u00f3 <strong>qui\u00e9nes son los mejores fans.<\/strong> El piloto de 21 a\u00f1os, quien ven\u00eda bromeando con respuestas falsas (dijo que la mejor temperatura fue la de Las Vegas y la mejor comida, la china, donde ni siquiera corri\u00f3), se puso muy serio: <strong>&#8220;Los argentinos&#8221;<\/strong>.<\/p>\n<\/div>\n<div class=\"sc-e7b891c4-0 ifHnQL image-embed\"><img alt=\"Franco y Albon, juntos por \u00faltima vez en el podcast producido por Williams.\" loading=\"lazy\" width=\"720\" height=\"100\" decoding=\"async\" data-nimg=\"1\" src=\"http:\/\/cordobadirecto.com\/wp-content\/uploads\/2024\/12\/el-ida-y-vuelta-de-colapinto-y-albon-sobre-los-argentinos-si-decis-que-no-son-los-mejores.jpg\"><span class=\"epigraphe\">Franco y Albon, juntos por \u00faltima vez en el podcast producido por Williams.<\/span><\/div>\n<div class=\"custom-text \" readability=\"39\">\n<p>&#8220;<strong>\u00bfEst\u00e1s de acuerdo?<\/strong>&#8220;, retruc\u00f3 Colapinto con una sonrisa p\u00edcara, ya que vio que su compa\u00f1ero quer\u00eda evitar a toda costa la pol\u00e9mica que conllevar\u00eda su respuesta. Sin escapatoria, Albon contest\u00f3: <strong>&#8220;Bueno, no puedo hablar por tus fans&#8230; seguro que los argentinos son los m\u00e1s apasionados que vi&#8221;.<\/strong><\/p>\n<\/div>\n<div class=\"custom-text \" readability=\"37\">\n<p>A modo de broma, el pilarense le dijo a su compa\u00f1ero: <strong>&#8220;Si dec\u00edas que no son los mejores&#8230; uh. Cuidado&#8221;<\/strong>, acompa\u00f1ado de un gesto con la mano que hablaba por s\u00ed solo. Si respond\u00eda otra cosa, la marea albiceleste llenar\u00eda de comentarios al nacido en Reino Unido&#8230;<\/p>\n<\/div>\n<p><h2><strong>El programa completo:<\/strong><\/h2>\n<\/p>\n<p><iframe width=\"200\" height=\"113\" src=\"https:\/\/www.youtube.com\/embed\/Xol_tvtvPTI?feature=oembed\" frameborder=\"0\" allow=\"accelerometer; autoplay; clipboard-write; encrypted-media; gyroscope; picture-in-picture; web-share\" referrerpolicy=\"strict-origin-when-cross-origin\" allowfullscreen title=\"ALEX ALBON GIVES FRANCO COLAPINTO GOLF TIPS |\ufeff \ufeffTeam Torque Ep.19 | Abu \ufeffDhabi GP\">[embedded content]<\/iframe><\/p>\n<p><h3><strong>Colapinto, el orgullo nacional: volver\u00e1 al pa\u00eds una vez terminada la temporada<\/strong><\/h3>\n<\/p>\n<div class=\"custom-text \" readability=\"36\">\n<p>Colapinto tambi\u00e9n fue consultado por lo que har\u00e1 tras el <strong>Gran Premio de Abu Dhabi<\/strong>, respondiendo que se ir\u00e1 a Espa\u00f1a y luego a la <strong>Argentina<\/strong>. Sin embargo, todav\u00eda no se confirm\u00f3 la fecha exacta en la que el #43 aterrizar\u00e1 en territorio nacional.<\/p>\n<\/div>\n<div class=\"custom-text \" readability=\"39\">\n<p>Albon desliz\u00f3 que el argentino deber\u00eda ser paseado en un micro de dos pisos, <strong>similar al que traslad\u00f3 a los jugadores de la Selecci\u00f3n Argentina durante los festejos<\/strong> <strong>por la obtenci\u00f3n de la Copa del Mundo<\/strong>. Continuando con el t\u00f3pico, Colapa le cont\u00f3 a su par una de las locuras que se vivi\u00f3 durante la celebraci\u00f3n, cuando un hincha <strong>se arroj\u00f3 desde un puente con el fin de aterrizar en el \u00f3mnibus que llevaba a Lionel Messi y compa\u00f1\u00eda<\/strong>, algo que desat\u00f3 las risas de ambos.<\/p>\n<\/div>\n<div class=\"sc-e7b891c4-0 ifHnQL image-embed\"><img alt=\"El argentino rememor\u00f3 la locura desatada luego de la consagraci\u00f3n en Qatar. (Foto: Emmanuel Fern\u00e1ndez)\" loading=\"lazy\" width=\"720\" height=\"100\" decoding=\"async\" data-nimg=\"1\" src=\"http:\/\/cordobadirecto.com\/wp-content\/uploads\/2024\/12\/el-ida-y-vuelta-de-colapinto-y-albon-sobre-los-argentinos-si-decis-que-no-son-los-mejores-1.jpg\"><span class=\"epigraphe\">El argentino rememor\u00f3 la locura desatada luego de la consagraci\u00f3n en Qatar. (Foto: Emmanuel Fern\u00e1ndez)<\/span><\/div>\n<p><h2><strong>Colapinto en Abu Dhabi: horarios y TV<\/strong><\/h2>\n<\/p>\n<p><h3><strong>S\u00e1bado 7 de diciembre<\/strong><\/h3>\n<\/p>\n<div class=\"custom-text \">\n<ul>\n<li>Pr\u00e1cticas libres 3: <strong>7.30hs<\/strong><\/li>\n<li>Clasificaci\u00f3n: <strong>11hs<\/strong><\/li>\n<\/ul>\n<\/div>\n<p><h3><strong>Domingo 8 de diciembre<\/strong><\/h3>\n<\/p>\n<div class=\"custom-text \">\n<ul>\n<li>Carrera: <strong>10hs<\/strong><\/li>\n<\/ul>\n<\/div>\n<div class=\"custom-text \" readability=\"33\">\n<p>Las carreras se podr\u00e1n ver a trav\u00e9s de la se\u00f1al televisiva de Fox Sports y tambi\u00e9n por la plataforma de streaming Disney+. <\/p>\n<\/div>\n<div class=\"sc-a7166897-0 eoLsBE\" readability=\"6\">\n<section readability=\"2\"><picture><img alt=\"Qu\u00e9 dijo Franco Colapinto luego de la pr\u00e1ctica libre en Abu Dhabi\" loading=\"lazy\" width=\"290\" height=\"290\" decoding=\"async\" data-nimg=\"1\" src=\"http:\/\/cordobadirecto.com\/wp-content\/uploads\/2024\/12\/el-ida-y-vuelta-de-colapinto-y-albon-sobre-los-argentinos-si-decis-que-no-son-los-mejores-2.jpg\"><\/picture>\n<p><span>Mir\u00e1 tambi\u00e9n<\/span><\/p>\n<hr>\n<h3>Qu\u00e9 dijo Franco Colapinto luego de la pr\u00e1ctica libre en Abu Dhabi<\/h3>\n<\/p>\n<\/section>\n<\/div>\n<div class=\"sc-a7166897-0 eoLsBE\" readability=\"6.5\">\n<section readability=\"3\"><picture><img alt=\"El jefe de equipo de Red Bull elogi\u00f3 a Colapinto y habl\u00f3 de la chance de contratarlo\" loading=\"lazy\" width=\"290\" height=\"290\" decoding=\"async\" data-nimg=\"1\" src=\"http:\/\/cordobadirecto.com\/wp-content\/uploads\/2024\/12\/el-ida-y-vuelta-de-colapinto-y-albon-sobre-los-argentinos-si-decis-que-no-son-los-mejores-3.jpg\"><\/picture>\n<p><span>Mir\u00e1 tambi\u00e9n<\/span><\/p>\n<hr>\n<h3>El jefe de equipo de Red Bull elogi\u00f3 a Colapinto y habl\u00f3 de la chance de contratarlo<\/h3>\n<\/p>\n<\/section>\n<\/div>\n<div class=\"sc-a7166897-0 eoLsBE\" readability=\"7\">\n<section readability=\"4\"><picture><img alt=\"Franco Colapinto ven\u00eda volando, pero rompi\u00f3 el auto en la pr\u00e1ctica y no pudo terminar\" loading=\"lazy\" width=\"290\" height=\"290\" decoding=\"async\" data-nimg=\"1\" src=\"http:\/\/cordobadirecto.com\/wp-content\/uploads\/2024\/12\/el-ida-y-vuelta-de-colapinto-y-albon-sobre-los-argentinos-si-decis-que-no-son-los-mejores-4.jpg\"><\/picture>\n<p><span>Mir\u00e1 tambi\u00e9n<\/span><\/p>\n<hr>\n<h3>Franco Colapinto ven\u00eda volando, pero rompi\u00f3 el auto en la pr\u00e1ctica y no pudo terminar<\/h3>\n<\/p>\n<\/section>\n<\/div>\n<\/div>\n","protected":false},"excerpt":{"rendered":"<p>06\/12\/2024 18:54hs. Antes de darle rienda suelta al GP de Abu Dhabi, Franco Colapinto, cuyo futuro en la F\u00f3rmula 1 a\u00fan es incierto, comparti\u00f3 junto a Alexander Albon la \u00faltima entrega de Team Torque, el podcast de Williams. Entre tantos idas y vueltas, el pilarense discuti\u00f3 con su compa\u00f1ero de escuder\u00eda qui\u00e9nes son los mejores [&hellip;]<\/p>\n","protected":false},"author":1,"featured_media":159294,"comment_status":"closed","ping_status":"closed","sticky":false,"template":"","format":"standard","meta":[],"categories":[21],"tags":[],"_links":{"self":[{"href":"http:\/\/cordobadirecto.com\/index.php\/wp-json\/wp\/v2\/posts\/159293"}],"collection":[{"href":"http:\/\/cordobadirecto.com\/index.php\/wp-json\/wp\/v2\/posts"}],"about":[{"href":"http:\/\/cordobadirecto.com\/index.php\/wp-json\/wp\/v2\/types\/post"}],"author":[{"embeddable":true,"href":"http:\/\/cordobadirecto.com\/index.php\/wp-json\/wp\/v2\/users\/1"}],"replies":[{"embeddable":true,"href":"http:\/\/cordobadirecto.com\/index.php\/wp-json\/wp\/v2\/comments?post=159293"}],"version-history":[{"count":0,"href":"http:\/\/cordobadirecto.com\/index.php\/wp-json\/wp\/v2\/posts\/159293\/revisions"}],"wp:featuredmedia":[{"embeddable":true,"href":"http:\/\/cordobadirecto.com\/index.php\/wp-json\/wp\/v2\/media\/159294"}],"wp:attachment":[{"href":"http:\/\/cordobadirecto.com\/index.php\/wp-json\/wp\/v2\/media?parent=159293"}],"wp:term":[{"taxonomy":"category","embeddable":true,"href":"http:\/\/cordobadirecto.com\/index.php\/wp-json\/wp\/v2\/categories?post=159293"},{"taxonomy":"post_tag","embeddable":true,"href":"http:\/\/cordobadirecto.com\/index.php\/wp-json\/wp\/v2\/tags?post=159293"}],"curies":[{"name":"wp","href":"https:\/\/api.w.org\/{rel}","templated":true}]}}