{"id":159295,"date":"2024-12-06T15:18:52","date_gmt":"2024-12-06T15:18:52","guid":{"rendered":"https:\/\/www.ole.com.ar\/autos\/dijo-franco-colapinto-formula1-abu-dhabi_0_miQNdi8N0k.html"},"modified":"2024-12-06T15:18:52","modified_gmt":"2024-12-06T15:18:52","slug":"que-dijo-franco-colapinto-luego-de-la-practica-libre-en-abu-dhabi","status":"publish","type":"post","link":"http:\/\/cordobadirecto.com\/index.php\/2024\/12\/06\/que-dijo-franco-colapinto-luego-de-la-practica-libre-en-abu-dhabi\/","title":{"rendered":"Qu\u00e9 dijo Franco Colapinto luego de la pr\u00e1ctica libre en Abu Dhabi"},"content":{"rendered":"<p><time class=\"createDate\" datetime=\"2024-12-06T12:18:52-03:00\">06\/12\/2024 12:18hs.<\/time><\/p>\n<div id=\"storyBody\">\n<div class=\"custom-text \" readability=\"33.031476997579\">\n<p><strong>Franco Colapinto<\/strong> elige ser por positivo. Luego de un cierre de <strong><a href=\"https:\/\/www.ole.com.ar\/autos\/hora-corre-franco-colapinto-practicas-libre-gp-abu-dhabi-ver-hoy-vivo-formula-1-f1_0_bNxnUG4U5S.html\" target=\"_blank\" title=\"la pr\u00e1ctica libre 2\" alt=\"la pr\u00e1ctica libre 2\" rel=\"noopener\">la pr\u00e1ctica libre 2<\/a><\/strong> para el olvido (<strong><a href=\"https:\/\/www.ole.com.ar\/autos\/franco-colapinto-williams-gp-abu-dhabi_0_zQ7Q16sDAH.html\" target=\"_blank\" title=\"en la primera\" alt=\"en la primera\" rel=\"noopener\">en la primera<\/a><\/strong> hab\u00eda salido 7\u00ba), dado que no pudo probar los \u00faltimos 35 minutos porque <strong><a href=\"https:\/\/www.ole.com.ar\/autos\/f1-video-franco-colapinto-error-gp-abu-dhabi_0_V0aJli6KH4.html\" target=\"_blank\" title=\"da\u00f1\u00f3 el fondo plano\" alt=\"da\u00f1\u00f3 el fondo plano\" rel=\"noopener\">da\u00f1\u00f3 el fondo plano<\/a><\/strong> en una salida de la pista, el argentino lleg\u00f3 al corralito de prensa y analiz\u00f3 -con tranquilidad- lo sucedido en <strong>Abu Dhabi<\/strong>, donde se est\u00e1 corriendo la \u00faltima jornada del campeonato de la <strong>F\u00f3rmula 1<\/strong>.<\/p>\n<\/div>\n<div class=\"custom-text \" readability=\"42\">\n<p>&#8220;Estuvimos un poco m\u00e1s r\u00e1pidos hoy. <strong>Se ve bien para nosotros, bastante positivo en general<\/strong>. Manej\u00e9 un poco al l\u00edmite en la salida de la curva 9, golpe\u00e9 bastante fuerte el auto en la salida, tuvimos un da\u00f1o en la parte derecha del piso y tuvimos que reparar eso as\u00ed que todo bien, aunque tuve que terminar un poco antes. Parece ser mejor que Qatar, as\u00ed que veremos qu\u00e9 sucede ma\u00f1ana&#8221;, coment\u00f3 el argentino, en di\u00e1logo con los medios internacionales.<\/p>\n<\/div>\n<div class=\"sc-734b4696-1 kFfZtB\">\n<div class=\"sc-d00d9e74-0 hnHYbk\" type=\"embed\">\n<div class=\"sc-d00d9e74-1 iKVbz videoText\" id=\"contentTitleembedq8O6iyIb\" type=\"embed\"><svg fill=\"#ffffff\"><symbol id=\"play\" viewBox=\"0 0 512 512\"><path d=\"M512 256C512 397.4 397.4 512 256 512C114.6 512 0 397.4 0 256C0 114.6 114.6 0 256 0C397.4 0 512 114.6 512 256zM176 168V344C176 352.7 180.7 360.7 188.3 364.9C195.8 369.2 205.1 369 212.5 364.5L356.5 276.5C363.6 272.1 368 264.4 368 256C368 247.6 363.6 239.9 356.5 235.5L212.5 147.5C205.1 142.1 195.8 142.8 188.3 147.1C180.7 151.3 176 159.3 176 168V168z\" \/><\/symbol><use xlink:href=\"#play\" \/><\/svg><\/p>\n<div class=\"right\">\n<p>Franco Colapinto<!-- --> &#8211; <span>&nbsp;<\/span><\/p>\n<h2 class=\"title-vid\">El optimista mensaje de Colapinto tras las primeras dos pr\u00e1cticas<\/h2>\n<\/div>\n<\/div>\n<p><span class=\"back\" id=\"spanBackembedq8O6iyIb\"><\/span><\/div>\n<p>(Video: ESPN).<\/p>\n<\/div>\n<div class=\"custom-text \" readability=\"34.443925233645\">\n<p>El pilarense sabe que est\u00e1 viviendo sus \u00faltimos d\u00edas como volante oficial de la F1. Si bien en las anteriores ocho finales ya demostr\u00f3 que tiene la capacidad para ser llamado en un futuro, lo cierto es que <strong><a href=\"https:\/\/www.ole.com.ar\/autos\/james-vowles-hablo-futuro-franco-colapinto-f1-2025_0_ejTIDlErWc.html\" target=\"_blank\" title=\"no hay butacas disponibles para 2025\" alt=\"no hay butacas disponibles para 2025\" rel=\"noopener\">no hay butacas disponibles para 2025<\/a><\/strong>. Y, en ese sentido, prefiere agarrarse del rato que le queda <strong><a href=\"https:\/\/www.ole.com.ar\/autos\/franco-colapinto-formula1-carrera-ultima-abu-dhabi_0_RAv4IBs4fj.html\" target=\"_blank\" title=\"para disfrutar\" alt=\"para disfrutar\" rel=\"noopener\">para disfrutar<\/a><\/strong>, puesto que no sabe cu\u00e1ndo se le presentar\u00e1 una nueva chance para codearse con los mejores del planeta.<\/p>\n<\/div>\n<div class=\"sc-e7b891c4-0 ifHnQL image-embed\"><img alt=\"Colapinto acelera en Yas Marina. (AP)\" loading=\"lazy\" width=\"720\" height=\"100\" decoding=\"async\" data-nimg=\"1\" src=\"http:\/\/cordobadirecto.com\/wp-content\/uploads\/2024\/12\/que-dijo-franco-colapinto-luego-de-la-practica-libre-en-abu-dhabi.jpg\"><span class=\"epigraphe\">Colapinto acelera en Yas Marina. (AP)<\/span><\/div>\n<p><h2><strong>Video: el error de Colapinto que lo dej\u00f3 sin pr\u00e1ctica libre<\/strong><\/h2>\n<\/p>\n<div class=\"sc-734b4696-1 kFfZtB\" readability=\"7\">\n<div class=\"sc-d00d9e74-0 hnHYbk\" type=\"embed\">\n<div class=\"sc-d00d9e74-1 iKVbz videoText\" id=\"contentTitleembedaPosda6N\" type=\"embed\"><svg fill=\"#ffffff\"><symbol id=\"play\" viewBox=\"0 0 512 512\"><path d=\"M512 256C512 397.4 397.4 512 256 512C114.6 512 0 397.4 0 256C0 114.6 114.6 0 256 0C397.4 0 512 114.6 512 256zM176 168V344C176 352.7 180.7 360.7 188.3 364.9C195.8 369.2 205.1 369 212.5 364.5L356.5 276.5C363.6 272.1 368 264.4 368 256C368 247.6 363.6 239.9 356.5 235.5L212.5 147.5C205.1 142.1 195.8 142.8 188.3 147.1C180.7 151.3 176 159.3 176 168V168z\" \/><\/symbol><use xlink:href=\"#play\" \/><\/svg><\/p>\n<div class=\"right\">\n<p>Franco Colapinto<!-- --> &#8211; <span>&nbsp;<\/span><\/p>\n<h2 class=\"title-vid\">Franco Colapinto estaba haciendo vuelta r\u00e1pida y se fue de pista<\/h2>\n<\/div>\n<\/div>\n<p><span class=\"back\" id=\"spanBackembedaPosda6N\"><\/span><\/div>\n<p>El piloto argentino hab\u00eda registrado record en los dos primeros sectores. (Video: ESPN)<\/p>\n<\/div>\n<p><h2><strong>McLaren va camino al t\u00edtulo de constructores<\/strong><\/h2>\n<\/p>\n<div class=\"custom-text \" readability=\"41\">\n<p>Con Max Verstappen ya campe\u00f3n del mundo desde Las Vegas, lo \u00fanico que resta por resolverse es el campeonato de escuder\u00edas. Por el momento,<strong> McLaren domina con 640 unidades, mientras que Ferrari lo sigue de cerca con 619<\/strong> (21 puntos menos). Sin embargo, el primer d\u00eda de actividad dej\u00f3 mejor parado a los brit\u00e1nicos: tanto Lando Norris como Oscar Piastri dominaron las sesiones de entrenamiento y se postularon para quedarse con la pole. Adem\u00e1s, tambi\u00e9n tuvieron los ritmos m\u00e1s veloces en simulaci\u00f3n de carrera. Para colmo, Charles Leclerc tendr\u00e1 una penalizaci\u00f3n de 10 posiciones en la grilla de partida por haber cambiado la bater\u00eda.<\/p>\n<\/div>\n<div class=\"sc-a7166897-0 eoLsBE\" readability=\"6.5\">\n<section readability=\"3\"><picture><img alt=\"El jefe de equipo de Red Bull elogi\u00f3 a Colapinto y habl\u00f3 de la chance de contratarlo\" loading=\"lazy\" width=\"290\" height=\"290\" decoding=\"async\" data-nimg=\"1\" src=\"http:\/\/cordobadirecto.com\/wp-content\/uploads\/2024\/12\/que-dijo-franco-colapinto-luego-de-la-practica-libre-en-abu-dhabi-1.jpg\"><\/picture>\n<p><span>Mir\u00e1 tambi\u00e9n<\/span><\/p>\n<hr>\n<h3>El jefe de equipo de Red Bull elogi\u00f3 a Colapinto y habl\u00f3 de la chance de contratarlo<\/h3>\n<\/p>\n<\/section>\n<\/div>\n<div class=\"sc-a7166897-0 eoLsBE\" readability=\"6\">\n<section readability=\"2\"><picture><img alt=\"James Vowles habl\u00f3 del futuro de Colapinto en la F1: &quot;Vamos a ver...&quot;\" loading=\"lazy\" width=\"290\" height=\"290\" decoding=\"async\" data-nimg=\"1\" src=\"http:\/\/cordobadirecto.com\/wp-content\/uploads\/2024\/12\/que-dijo-franco-colapinto-luego-de-la-practica-libre-en-abu-dhabi-2.jpg\"><\/picture>\n<p><span>Mir\u00e1 tambi\u00e9n<\/span><\/p>\n<hr>\n<h3>James Vowles habl\u00f3 del futuro de Colapinto en la F1: &#8220;Vamos a ver&#8230;&#8221;<\/h3>\n<\/p>\n<\/section>\n<\/div>\n<\/div>\n","protected":false},"excerpt":{"rendered":"<p>06\/12\/2024 12:18hs. Franco Colapinto elige ser por positivo. Luego de un cierre de la pr\u00e1ctica libre 2 para el olvido (en la primera hab\u00eda salido 7\u00ba), dado que no pudo probar los \u00faltimos 35 minutos porque da\u00f1\u00f3 el fondo plano en una salida de la pista, el argentino lleg\u00f3 al corralito de prensa y analiz\u00f3 [&hellip;]<\/p>\n","protected":false},"author":1,"featured_media":159296,"comment_status":"closed","ping_status":"closed","sticky":false,"template":"","format":"standard","meta":[],"categories":[21],"tags":[],"_links":{"self":[{"href":"http:\/\/cordobadirecto.com\/index.php\/wp-json\/wp\/v2\/posts\/159295"}],"collection":[{"href":"http:\/\/cordobadirecto.com\/index.php\/wp-json\/wp\/v2\/posts"}],"about":[{"href":"http:\/\/cordobadirecto.com\/index.php\/wp-json\/wp\/v2\/types\/post"}],"author":[{"embeddable":true,"href":"http:\/\/cordobadirecto.com\/index.php\/wp-json\/wp\/v2\/users\/1"}],"replies":[{"embeddable":true,"href":"http:\/\/cordobadirecto.com\/index.php\/wp-json\/wp\/v2\/comments?post=159295"}],"version-history":[{"count":0,"href":"http:\/\/cordobadirecto.com\/index.php\/wp-json\/wp\/v2\/posts\/159295\/revisions"}],"wp:featuredmedia":[{"embeddable":true,"href":"http:\/\/cordobadirecto.com\/index.php\/wp-json\/wp\/v2\/media\/159296"}],"wp:attachment":[{"href":"http:\/\/cordobadirecto.com\/index.php\/wp-json\/wp\/v2\/media?parent=159295"}],"wp:term":[{"taxonomy":"category","embeddable":true,"href":"http:\/\/cordobadirecto.com\/index.php\/wp-json\/wp\/v2\/categories?post=159295"},{"taxonomy":"post_tag","embeddable":true,"href":"http:\/\/cordobadirecto.com\/index.php\/wp-json\/wp\/v2\/tags?post=159295"}],"curies":[{"name":"wp","href":"https:\/\/api.w.org\/{rel}","templated":true}]}}