{"id":159301,"date":"2024-12-06T18:06:25","date_gmt":"2024-12-06T18:06:25","guid":{"rendered":"https:\/\/www.redeszone.net\/?post_type=noticias&amp;p=853020"},"modified":"2024-12-06T18:06:25","modified_gmt":"2024-12-06T18:06:25","slug":"preparate-esto-vas-a-consumir-de-gas-este-invierno-segun-donde-vivas-y-el-tipo-de-vivienda","status":"publish","type":"post","link":"http:\/\/cordobadirecto.com\/index.php\/2024\/12\/06\/preparate-esto-vas-a-consumir-de-gas-este-invierno-segun-donde-vivas-y-el-tipo-de-vivienda\/","title":{"rendered":"\u00a1Prep\u00e1rate! Esto vas a consumir de gas este invierno seg\u00fan d\u00f3nde vivas y el tipo de vivienda"},"content":{"rendered":"<div never readability=\"16\">\n<p>Se acercan los meses de m\u00e1s fr\u00edo del a\u00f1o y eso es sin\u00f3nimo de consumir m\u00e1s energ\u00eda para calentar la casa. Pero claro, esto no es igual para todos. No es lo mismo una persona que viva en una zona muy fr\u00eda, que otra persona del sur de Espa\u00f1a, junto a la costa. En este art\u00edculo, vamos a hablar de cu\u00e1nto vas a consumir, de manera aproximada, en funci\u00f3n de <strong>d\u00f3nde vivas y c\u00f3mo sea tu vivienda<\/strong>.<\/p>\n<\/div>\n<div readability=\"77.836853220697\"><span readability=\"37\"><\/p>\n<p>El objetivo es que puedas calcular, aproximadamente, el gasto en la <strong>factura de gas<\/strong> que podr\u00edas tener estos meses. Vas a ver que, en funci\u00f3n de la ubicaci\u00f3n, puede haber diferencias importantes. L\u00f3gicamente, esto es muy variable y depender\u00e1 tambi\u00e9n del aislamiento t\u00e9rmico de tu casa, de si pones la calefacci\u00f3n todos los d\u00edas, solo a ratos, etc.<\/p>\n<h2>Consumo de gas en funci\u00f3n de la ubicaci\u00f3n<\/h2>\n<p>Para poder hacer este art\u00edculo, y mostrar los datos que vamos a dar, nos basamos en un informe realizado por <strong>IDAE<\/strong> en el que han utilizado un gran n\u00famero de viviendas, de diferentes zonas de Espa\u00f1a, y el consumo que han tenido. Con esto, han podido sacar una media, dividiendo Espa\u00f1a entres zonas y dejando fuera de la ecuaci\u00f3n a Canarias, ya que tiene un clima totalmente distinto.<\/p>\n<p>Estas <strong>tres zonas<\/strong> son: Atl\u00e1ntico-Norte, Continental y Mediterr\u00e1nea. Y, como vas a ver, hay diferencias importantes. Adem\u00e1s, separa los valores entre calefacci\u00f3n, agua caliente y cocina. Nos vamos a centrar en la calefacci\u00f3n, que es lo que nos interesa en este caso. De primeras, hay que decir que la media mensual para una vivienda con calefacci\u00f3n en Espa\u00f1a es de 660 kWh (la suma de todo).<\/p>\n<p><\/span> <span readability=\"59.13148371532\"><\/p>\n<p>Pero, \u00bfcu\u00e1nto consume exactamente una vivienda en funci\u00f3n de la zona? Si empezamos por las de <strong>Continental<\/strong>, que son las provincias de interior, b\u00e1sicamente, el total anual es de 5.672 kWh. Esto, traslad\u00e1ndolo a un mes, ser\u00eda de <strong>472 kWh<\/strong>, de media. Le sigue la zona <strong>Mediterr\u00e1nea<\/strong>, con un consumo total de 3.372 kWh y el mensual de <strong>281 kWh<\/strong>. Por \u00faltimo, la zona <strong>Atl\u00e1ntico-Norte<\/strong>, tiene un consumo total por calefacci\u00f3n de 2.789 kWh al a\u00f1o, siendo de <strong>232 kWh<\/strong> cada mes.<\/p>\n<p><img loading=\"lazy\" decoding=\"async\" class=\"aligncenter size-full wp-image-852327\" src=\"http:\/\/cordobadirecto.com\/wp-content\/uploads\/2024\/12\/preparate-esto-vas-a-consumir-de-gas-este-invierno-segun-donde-vivas-y-el-tipo-de-vivienda.jpg\" alt=\"Precio del gas\" width=\"1200\" height=\"720\"><\/p>\n<h2>Tipo de vivienda<\/h2>\n<p>Tambi\u00e9n han diferenciado entre <strong>dos tipos de vivienda<\/strong>: casa o piso. En este caso, el consumo tambi\u00e9n var\u00eda bastante. Es l\u00f3gico, ya que, en general, una casa es m\u00e1s grande que un piso y, por tanto, va a costar m\u00e1s recursos calentar un espacio mayor. Por tanto, no sorprender\u00e1n los datos que vamos a mostrar.<\/p>\n<p>En el caso de una <strong>casa<\/strong>, el consumo total por calefacci\u00f3n, de media, es de 6.950 kWh anuales. Esto es de 579 kWh al mes. Por otra parte, en caso de que vivas en un <strong>piso<\/strong>, el consumo total al a\u00f1o asciende a 4,171 kWh y la media mensual se queda en 347 kWh. La diferencia es, como ves, de algo m\u00e1s de 200 kWh.<\/p>\n<p>Pero, \u00bfc\u00f3mo se traduce todo esto en t\u00e9rminos econ\u00f3micos? Pues eso depender\u00e1 de la tarifa que tengas contratada y a cu\u00e1nto pagues el kWh, adem\u00e1s del t\u00e9rmino fijo. Si tienes la tarifa regulada, que ser\u00eda la TUR 2 para calefacci\u00f3n, el precio, actualizado para este trimestre, es de 0,0501\u20ac\/kWh y el t\u00e9rmino fijo es de 5,66\u20ac.<\/p>\n<p>En definitiva, m\u00e1s o menos puedes calcular cu\u00e1nto vas a gastar en gas este invierno. Podr\u00e1s calcular en funci\u00f3n de la zona donde vivas, as\u00ed como el tipo de vivienda. Puedes ver el <a href=\"https:\/\/www.idae.es\/sites\/default\/files\/documentos\/publicaciones_idae\/estudio_spahousec-ii_270619.pdf\" target=\"_blank\" rel=\"noopener noreferrer\">informe completo de IDAE<\/a>.<\/p>\n<p> <\/span><\/div>\n","protected":false},"excerpt":{"rendered":"<p>Se acercan los meses de m\u00e1s fr\u00edo del a\u00f1o y eso es sin\u00f3nimo de consumir m\u00e1s energ\u00eda para calentar la casa. Pero claro, esto no es igual para todos. No es lo mismo una persona que viva en una zona muy fr\u00eda, que otra persona del sur de Espa\u00f1a, junto a la costa. En este [&hellip;]<\/p>\n","protected":false},"author":1,"featured_media":159302,"comment_status":"closed","ping_status":"closed","sticky":false,"template":"","format":"standard","meta":[],"categories":[42],"tags":[],"_links":{"self":[{"href":"http:\/\/cordobadirecto.com\/index.php\/wp-json\/wp\/v2\/posts\/159301"}],"collection":[{"href":"http:\/\/cordobadirecto.com\/index.php\/wp-json\/wp\/v2\/posts"}],"about":[{"href":"http:\/\/cordobadirecto.com\/index.php\/wp-json\/wp\/v2\/types\/post"}],"author":[{"embeddable":true,"href":"http:\/\/cordobadirecto.com\/index.php\/wp-json\/wp\/v2\/users\/1"}],"replies":[{"embeddable":true,"href":"http:\/\/cordobadirecto.com\/index.php\/wp-json\/wp\/v2\/comments?post=159301"}],"version-history":[{"count":0,"href":"http:\/\/cordobadirecto.com\/index.php\/wp-json\/wp\/v2\/posts\/159301\/revisions"}],"wp:featuredmedia":[{"embeddable":true,"href":"http:\/\/cordobadirecto.com\/index.php\/wp-json\/wp\/v2\/media\/159302"}],"wp:attachment":[{"href":"http:\/\/cordobadirecto.com\/index.php\/wp-json\/wp\/v2\/media?parent=159301"}],"wp:term":[{"taxonomy":"category","embeddable":true,"href":"http:\/\/cordobadirecto.com\/index.php\/wp-json\/wp\/v2\/categories?post=159301"},{"taxonomy":"post_tag","embeddable":true,"href":"http:\/\/cordobadirecto.com\/index.php\/wp-json\/wp\/v2\/tags?post=159301"}],"curies":[{"name":"wp","href":"https:\/\/api.w.org\/{rel}","templated":true}]}}