{"id":159320,"date":"2024-12-06T20:31:15","date_gmt":"2024-12-06T20:31:15","guid":{"rendered":"https:\/\/cordoba.gob.ar\/?p=64900"},"modified":"2024-12-06T20:31:15","modified_gmt":"2024-12-06T20:31:15","slug":"comenzo-la-navidad-circular-prendas-fabricadas-por-emprendedores-y-feriantes-que-cuidan-el-ambiente","status":"publish","type":"post","link":"http:\/\/cordobadirecto.com\/index.php\/2024\/12\/06\/comenzo-la-navidad-circular-prendas-fabricadas-por-emprendedores-y-feriantes-que-cuidan-el-ambiente\/","title":{"rendered":"Comenz\u00f3 la Navidad circular: prendas fabricadas por emprendedores y feriantes que cuidan el ambiente"},"content":{"rendered":"<div><img src=\"http:\/\/cordobadirecto.com\/wp-content\/uploads\/2024\/12\/comenzo-la-navidad-circular-prendas-fabricadas-por-emprendedores-y-feriantes-que-cuidan-el-ambiente.jpg\" class=\"ff-og-image-inserted\"><\/div>\n<ul class=\"ak-ul\">\n<li><strong>Se llevar\u00e1 a cabo hasta el lunes en la Plaza de la Intendencia de 16:00 a 21:00 horas. El martes y mi\u00e9rcoles se traslada a la plaza V\u00e9lez Sarsfield.<\/strong><\/li>\n<li><strong>El lunes al atardecer se encender\u00e1 el \u00e1rbol navide\u00f1o realizado en su totalidad con materiales reciclables y reutilizables.<\/strong><\/li>\n<li><strong>Podr\u00e1 adquirirse ropa de segunda mano, vintage, customizada y suprareciclada y disfrutar diariamente de shows art\u00edsticos.<\/strong><\/li>\n<\/ul>\n<hr>\n<p>Hoy comenz\u00f3 la Navidad Circular: tres propuestas que la Municipalidad de C\u00f3rdoba abre al p\u00fablico para compartir las v\u00edsperas a la festividad, bajo el eje del cuidado del ambiente.<\/p>\n<p>Desde este momento y hasta el lunes se hace presente la sexta edici\u00f3n de la Feria de Moda Circular y Econom\u00eda Popular \u201cSin Desperdicio\u201d en la Plaza de la Intendencia-H\u00e9roes de Malvina.<\/p>\n<p>Se podr\u00e1 visitar en el horario de 16:00 a 21 horas.<\/p>\n<p>En este espacio los visitantes podr\u00e1n adquirir ropa de segunda mano, vintage, customizada y suprareciclada; junto a diversos shows art\u00edsticos.<\/p>\n<p>Tambi\u00e9n se encontrar\u00e1n con puestos de servicios como remiendos simples, reparaciones y te\u00f1ido de calzado, redise\u00f1o y customizaci\u00f3n de indumentarias y serigrafia.<\/p>\n<p>De la totalidad de stands se destaca la labor de 150 trabajadores y trabajadoras de la econom\u00eda popular registrados, 50 de los cuales participan por primera vez, representando a 30 paseos. Adem\u00e1s de dise\u00f1adores locales independientes, cooperativas y emprendedores.<\/p>\n<p>La siguiente propuesta es la congregaci\u00f3n en Caseros y Sim\u00f3n Bol\u00edvar (Plaza de la Intendencia-H\u00e9roes de Malvinas) al atardecer del lunes, para presenciar el encendido del \u00e1rbol navide\u00f1o, fabricado en su totalidad con elementos reciclados provenientes de la Econom\u00eda Circular.<\/p>\n<p>Ese mismo d\u00eda, se realizar\u00e1 un Ecocanje donde los vecinos y vecinas podr\u00e1n acercar sus residuos secos a cambio de adornos navide\u00f1os y juguetes fabricados con pl\u00e1stico reciclado, promoviendo pr\u00e1cticas responsables con el ambiente, como es la separaci\u00f3n de residuos.<\/p>\n<p>Finalmente, luego del encendido del \u00e1rbol, la Navidad Circular se traslada a la plaza V\u00e9lez Sarsfield. Ser\u00e1 del martes al mi\u00e9rcoles, de 17:00 a 21:00 horas<\/p>\n<p>Quienes asistan podr\u00e1n conocer y adquirir productos circulares de excelente calidad, realizados por feriantes que trabajan con productos reciclados.<\/p>\n<p>Aqu\u00ed, se podr\u00e1n encontrar productos de diferentes rubros como juguetes de telas o madera, decoraci\u00f3n para el hogar, cuadros, indumentaria y accesorios de la moda circular.<\/p>\n<p>Adem\u00e1s, bell\u00edsimas l\u00e1mparas, artesan\u00edas, encuadernaci\u00f3n; bazar y mates; como tambi\u00e9n art\u00edculos de cer\u00e1mica, barro y plantas, entre otros.<\/p>\n<p>Se trata de un espacio de encuentro y disfrute para las familias cordobesas que quieran adquirir un regalo de la Econom\u00eda Circular, promoviendo h\u00e1bitos de consumo responsable a trav\u00e9s de la compra de productos amigables con el ambiente.<\/p>\n<p>A trav\u00e9s de esta propuesta, se visibiliza a los emprendedores de la Econom\u00eda Circular de la ciudad, promoviendo el desarrollo del empleo verde, incentivando la producci\u00f3n y el consumo consciente.<\/p>\n<p>Adem\u00e1s, en la plaza V\u00e9lez Sarsfield los asistentes podr\u00e1n acercar juguetes da\u00f1ados para ser reparados en el Hospital de Juguetes que funcionar\u00e1 en el lugar y luego ser donados a instituciones locales.<\/p>\n","protected":false},"excerpt":{"rendered":"<p>Se llevar\u00e1 a cabo hasta el lunes en la Plaza de la Intendencia de 16:00 a 21:00 horas. El martes y mi\u00e9rcoles se traslada a la plaza V\u00e9lez Sarsfield. El lunes al atardecer se encender\u00e1 el \u00e1rbol navide\u00f1o realizado en su totalidad con materiales reciclables y reutilizables. Podr\u00e1 adquirirse ropa de segunda mano, vintage, customizada [&hellip;]<\/p>\n","protected":false},"author":1,"featured_media":159321,"comment_status":"closed","ping_status":"closed","sticky":false,"template":"","format":"standard","meta":[],"categories":[44],"tags":[],"_links":{"self":[{"href":"http:\/\/cordobadirecto.com\/index.php\/wp-json\/wp\/v2\/posts\/159320"}],"collection":[{"href":"http:\/\/cordobadirecto.com\/index.php\/wp-json\/wp\/v2\/posts"}],"about":[{"href":"http:\/\/cordobadirecto.com\/index.php\/wp-json\/wp\/v2\/types\/post"}],"author":[{"embeddable":true,"href":"http:\/\/cordobadirecto.com\/index.php\/wp-json\/wp\/v2\/users\/1"}],"replies":[{"embeddable":true,"href":"http:\/\/cordobadirecto.com\/index.php\/wp-json\/wp\/v2\/comments?post=159320"}],"version-history":[{"count":0,"href":"http:\/\/cordobadirecto.com\/index.php\/wp-json\/wp\/v2\/posts\/159320\/revisions"}],"wp:featuredmedia":[{"embeddable":true,"href":"http:\/\/cordobadirecto.com\/index.php\/wp-json\/wp\/v2\/media\/159321"}],"wp:attachment":[{"href":"http:\/\/cordobadirecto.com\/index.php\/wp-json\/wp\/v2\/media?parent=159320"}],"wp:term":[{"taxonomy":"category","embeddable":true,"href":"http:\/\/cordobadirecto.com\/index.php\/wp-json\/wp\/v2\/categories?post=159320"},{"taxonomy":"post_tag","embeddable":true,"href":"http:\/\/cordobadirecto.com\/index.php\/wp-json\/wp\/v2\/tags?post=159320"}],"curies":[{"name":"wp","href":"https:\/\/api.w.org\/{rel}","templated":true}]}}