{"id":159326,"date":"2024-12-07T23:03:24","date_gmt":"2024-12-07T23:03:24","guid":{"rendered":"http:\/\/cordobadirecto.com\/index.php\/2024\/12\/07\/juan-pazo-reemplazara-a-florencia-misrahi-al-frente-de-arca-la-ex-afip-cba24n\/"},"modified":"2024-12-07T23:03:24","modified_gmt":"2024-12-07T23:03:24","slug":"juan-pazo-reemplazara-a-florencia-misrahi-al-frente-de-arca-la-ex-afip-cba24n","status":"publish","type":"post","link":"http:\/\/cordobadirecto.com\/index.php\/2024\/12\/07\/juan-pazo-reemplazara-a-florencia-misrahi-al-frente-de-arca-la-ex-afip-cba24n\/","title":{"rendered":"Juan Pazo reemplazar\u00e1 a Florencia Misrahi al frente de ARCA, la ex AFIP &#8211; Cba24n"},"content":{"rendered":"<p>Juan Pazo asumir\u00e1 como <b>nuevo<\/b> titular de ARCA y Pablo Quirno asumir\u00e1 el rol de Secretario de Relaciones Econ\u00f3micas Internacionales de la Canciller\u00eda&nbsp;&#8230; <\/p>\n","protected":false},"excerpt":{"rendered":"<p>Juan Pazo asumir\u00e1 como nuevo titular de ARCA y Pablo Quirno asumir\u00e1 el rol de Secretario de Relaciones Econ\u00f3micas Internacionales de la Canciller\u00eda&nbsp;&#8230;<\/p>\n","protected":false},"author":1,"featured_media":0,"comment_status":"closed","ping_status":"closed","sticky":false,"template":"","format":"standard","meta":[],"categories":[40],"tags":[],"_links":{"self":[{"href":"http:\/\/cordobadirecto.com\/index.php\/wp-json\/wp\/v2\/posts\/159326"}],"collection":[{"href":"http:\/\/cordobadirecto.com\/index.php\/wp-json\/wp\/v2\/posts"}],"about":[{"href":"http:\/\/cordobadirecto.com\/index.php\/wp-json\/wp\/v2\/types\/post"}],"author":[{"embeddable":true,"href":"http:\/\/cordobadirecto.com\/index.php\/wp-json\/wp\/v2\/users\/1"}],"replies":[{"embeddable":true,"href":"http:\/\/cordobadirecto.com\/index.php\/wp-json\/wp\/v2\/comments?post=159326"}],"version-history":[{"count":0,"href":"http:\/\/cordobadirecto.com\/index.php\/wp-json\/wp\/v2\/posts\/159326\/revisions"}],"wp:attachment":[{"href":"http:\/\/cordobadirecto.com\/index.php\/wp-json\/wp\/v2\/media?parent=159326"}],"wp:term":[{"taxonomy":"category","embeddable":true,"href":"http:\/\/cordobadirecto.com\/index.php\/wp-json\/wp\/v2\/categories?post=159326"},{"taxonomy":"post_tag","embeddable":true,"href":"http:\/\/cordobadirecto.com\/index.php\/wp-json\/wp\/v2\/tags?post=159326"}],"curies":[{"name":"wp","href":"https:\/\/api.w.org\/{rel}","templated":true}]}}