{"id":159347,"date":"2024-12-07T22:45:59","date_gmt":"2024-12-07T22:45:59","guid":{"rendered":"https:\/\/www.ole.com.ar\/autos\/despues-vida-franco-colapinto-williams-f1-formula-1-abu-dhabi_0_tM0F0zPzPR.html"},"modified":"2024-12-07T22:45:59","modified_gmt":"2024-12-07T22:45:59","slug":"el-antes-y-el-despues-de-colapinto-desde-la-optica-de-williams","status":"publish","type":"post","link":"http:\/\/cordobadirecto.com\/index.php\/2024\/12\/07\/el-antes-y-el-despues-de-colapinto-desde-la-optica-de-williams\/","title":{"rendered":"El antes y el despu\u00e9s de Colapinto desde la \u00f3ptica de Williams"},"content":{"rendered":"<p><time class=\"createDate\" datetime=\"2024-12-07T19:45:59-03:00\">07\/12\/2024 19:45hs.<\/time><\/p>\n<div id=\"storyBody\">\n<div class=\"custom-text \" readability=\"38.279569892473\">\n<p>Se est\u00e1 terminando la temporada 2024 de la<strong> F\u00f3rmula 1<\/strong>, que fue m\u00e1s que especial para los argentinos por tratarse de la primera en 23 a\u00f1os en contar con uno de los suyos. Quien comand\u00f3 la ilusi\u00f3n fue <strong>Franco Colapinto<\/strong>, que hasta hace un a\u00f1o y pico corr\u00eda en la F\u00f3rmula 3 y de la noche a la ma\u00f1ana se hall\u00f3 compitiendo junto a los mejores del mundo. Ese cambio brusco, un sue\u00f1o hecho realidad, <a href=\"https:\/\/www.ole.com.ar\/autos\/franco-colapinto-formula1-carrera-ultima-abu-dhabi_0_RAv4IBs4fj.html\" target=\"_self\" title=\"como lo defini\u00f3 \u00e9l\" alt=\"como lo defini\u00f3 \u00e9l\" rel=\"noopener\">como lo defini\u00f3 \u00e9l<\/a>, <strong>qued\u00f3 bien retratado gracias a Williams.<\/strong><\/p>\n<\/div>\n<div class=\"custom-text \" readability=\"46\">\n<p>Cada a\u00f1o, cuando est\u00e1 por acabar el campeonato, <strong>la escuder\u00eda brit\u00e1nica publica una foto de su plantel completo<\/strong>. Pilotos, mec\u00e1nicos, prensa, marketing, todos los responsables de que el equipo funcione. <strong>\u00bfCu\u00e1ntas cosas pueden cambiar de una temporada a la otra?<\/strong> Poquitas, y se ve reflejado en las \u00faltimas dos que subieron: el jefe es el mismo, James Vowles, y su piloto principal tambi\u00e9n, Alexander Albon.<strong> Sin embargo, hubo un cambio de roles que no pas\u00f3 desapercibido&#8230;<\/strong><\/p>\n<\/div>\n<div class=\"custom-text \" readability=\"46\">\n<p><strong>En el 2023, Colapinto aparec\u00eda sentado en una banqueta, luciendo unos jeans, chomba y zapatillas<\/strong>. El FW45, monoplaza de ese a\u00f1o, figuraba a unos metros suyo. En el 2024, el bonaerense est\u00e1 sentado sobre la goma media del FW46, el que manej\u00f3 en 10 Grandes Premios (a los 9 como titular se le sum\u00f3 1 como probador, en Silverstone),<strong> lleva consigo un casco y viste un buzo antiflama blanco<\/strong>. El antes y el despu\u00e9s. El pibe que so\u00f1aba con llegar y el que lo consigui\u00f3. El que este domingo, en Abu Dhabi, <strong>cerrar\u00e1 su primer temporada como piloto de F\u00f3rmula 1.<\/strong><\/p>\n<\/div>\n<p><h2><strong>Las fotos de Colapinto en 2023 y 2024<\/strong><\/h2>\n<\/p>\n<div class=\"sc-e7b891c4-0 ifHnQL image-embed\"><img alt=\"En la fila de abajo, justo a la derecha, posaba un Colapinto que so\u00f1aba con llegar a la F1. (Williams Racing)\" loading=\"lazy\" width=\"720\" height=\"100\" decoding=\"async\" data-nimg=\"1\" src=\"http:\/\/cordobadirecto.com\/wp-content\/uploads\/2024\/12\/el-antes-y-el-despues-de-colapinto-desde-la-optica-de-williams.jpg\"><span class=\"epigraphe\">En la fila de abajo, justo a la derecha, posaba un Colapinto que so\u00f1aba con llegar a la F1. (Williams Racing)<\/span><\/div>\n<div class=\"sc-e7b891c4-0 ifHnQL image-embed\"><img alt=\"A la izquierda, en la parte trasera del FW46, un Colapinto que cumpli\u00f3 su sue\u00f1o. (Williams Racing)\" loading=\"lazy\" width=\"720\" height=\"100\" decoding=\"async\" data-nimg=\"1\" src=\"http:\/\/cordobadirecto.com\/wp-content\/uploads\/2024\/12\/el-antes-y-el-despues-de-colapinto-desde-la-optica-de-williams-1.jpg\"><span class=\"epigraphe\">A la izquierda, en la parte trasera del FW46, un Colapinto que cumpli\u00f3 su sue\u00f1o. (Williams Racing)<\/span><\/div>\n<p><h2><strong>Se viene la \u00faltima carrera de Colapinto en la temporada<\/strong><\/h2>\n<\/p>\n<div class=\"custom-text \" readability=\"37\">\n<p>Franco correr\u00e1 su novena final en la M\u00e1xima <strong>este domingo desde las 10<\/strong>. La transmisi\u00f3n por TV estar\u00e1 a cargo de <strong>Fox Sports<\/strong>, mientras que <strong>Disney+ Premium<\/strong> se encargar\u00e1 de emitirlo por streaming. Asimismo, en <strong>Ol\u00e9 <\/strong>podr\u00e1s seguir en vivo la previa, el minuto a minuto y el post.<\/p>\n<\/div>\n<div class=\"custom-text \" readability=\"38\">\n<p>Por su resultado en la clasificaci\u00f3n, combinado con la penalizaci\u00f3n de cinco puestos por cambios en la caja de cambios,<strong> Colapinto largar\u00e1 20\u00b0 en Abu Dhabi. <\/strong>Desde all\u00ed buscar\u00e1 remontar a partir de la estrategia y de un ritmo de carrera que se estima que puede ser mejor, algo que se vio durante buena parte de la temporada. <\/p>\n<\/div>\n<div class=\"sc-e7b891c4-0 ifHnQL image-embed\"><img alt=\"Colapinto volver\u00e1 a la pista este domingo. (AP Photo\/Hamad I Mohammed, Pool)\" loading=\"lazy\" width=\"720\" height=\"100\" decoding=\"async\" data-nimg=\"1\" src=\"http:\/\/cordobadirecto.com\/wp-content\/uploads\/2024\/12\/el-antes-y-el-despues-de-colapinto-desde-la-optica-de-williams-2.jpg\"><span class=\"epigraphe\">Colapinto volver\u00e1 a la pista este domingo. (AP Photo\/Hamad I Mohammed, Pool)<\/span><\/div>\n<div class=\"sc-a7166897-0 eoLsBE\" readability=\"7\">\n<section readability=\"4\"><picture><img alt=\"Atenci\u00f3n Colapinto: James Vowles, jefe de Williams, no cerr\u00f3 la puerta para el 2025\" loading=\"lazy\" width=\"290\" height=\"290\" decoding=\"async\" data-nimg=\"1\" src=\"http:\/\/cordobadirecto.com\/wp-content\/uploads\/2024\/12\/el-antes-y-el-despues-de-colapinto-desde-la-optica-de-williams-3.jpg\"><\/picture>\n<p><span>Mir\u00e1 tambi\u00e9n<\/span><\/p>\n<hr>\n<h3>Atenci\u00f3n Colapinto: James Vowles, jefe de Williams, no cerr\u00f3 la puerta para el 2025<\/h3>\n<\/p>\n<\/section>\n<\/div>\n<div class=\"sc-a7166897-0 eoLsBE\" readability=\"6\">\n<section readability=\"2\"><picture><img alt=\"Franco Colapinto no pas\u00f3 la Q1 y va a largar \u00faltimo en el GP de Abu Dhabi de la F1\" loading=\"lazy\" width=\"290\" height=\"290\" decoding=\"async\" data-nimg=\"1\" src=\"http:\/\/cordobadirecto.com\/wp-content\/uploads\/2024\/12\/el-antes-y-el-despues-de-colapinto-desde-la-optica-de-williams-4.jpg\"><\/picture>\n<p><span>Mir\u00e1 tambi\u00e9n<\/span><\/p>\n<hr>\n<h3>Franco Colapinto no pas\u00f3 la Q1 y va a largar \u00faltimo en el GP de Abu Dhabi de la F1<\/h3>\n<\/p>\n<\/section>\n<\/div>\n<div class=\"sc-a7166897-0 eoLsBE\" readability=\"6\">\n<section readability=\"2\"><picture><img alt=\"El crudo an\u00e1lisis de Colapinto luego de la clasificaci\u00f3n en Abu Dhabi\" loading=\"lazy\" width=\"290\" height=\"290\" decoding=\"async\" data-nimg=\"1\" src=\"http:\/\/cordobadirecto.com\/wp-content\/uploads\/2024\/12\/el-antes-y-el-despues-de-colapinto-desde-la-optica-de-williams-5.jpg\"><\/picture>\n<p><span>Mir\u00e1 tambi\u00e9n<\/span><\/p>\n<hr>\n<h3>El crudo an\u00e1lisis de Colapinto luego de la clasificaci\u00f3n en Abu Dhabi<\/h3>\n<\/p>\n<\/section>\n<\/div>\n<div class=\"sc-a7166897-0 eoLsBE\" readability=\"6\">\n<section readability=\"2\"><picture><img alt=\"Colapinto le agradeci\u00f3 a Williams y sentenci\u00f3: &quot;Quiero quedarme en el futuro&quot;\" loading=\"lazy\" width=\"290\" height=\"290\" decoding=\"async\" data-nimg=\"1\" src=\"http:\/\/cordobadirecto.com\/wp-content\/uploads\/2024\/12\/el-antes-y-el-despues-de-colapinto-desde-la-optica-de-williams-6.jpg\"><\/picture>\n<p><span>Mir\u00e1 tambi\u00e9n<\/span><\/p>\n<hr>\n<h3>Colapinto le agradeci\u00f3 a Williams y sentenci\u00f3: &#8220;Quiero quedarme en el futuro&#8221;<\/h3>\n<\/p>\n<\/section>\n<\/div>\n<div class=\"sc-a7166897-0 eoLsBE\" readability=\"6.5\">\n<section readability=\"3\"><picture><img alt=\"El ida y vuelta de Colapinto y Albon sobre los argentinos: &quot;Si dec\u00eds que no son los mejores...&quot;\" loading=\"lazy\" width=\"290\" height=\"290\" decoding=\"async\" data-nimg=\"1\" src=\"http:\/\/cordobadirecto.com\/wp-content\/uploads\/2024\/12\/el-antes-y-el-despues-de-colapinto-desde-la-optica-de-williams-7.jpg\"><\/picture>\n<p><span>Mir\u00e1 tambi\u00e9n<\/span><\/p>\n<hr>\n<h3>El ida y vuelta de Colapinto y Albon sobre los argentinos: &#8220;Si dec\u00eds que no son los mejores&#8230;&#8221;<\/h3>\n<\/p>\n<\/section>\n<\/div>\n<\/div>\n","protected":false},"excerpt":{"rendered":"<p>07\/12\/2024 19:45hs. Se est\u00e1 terminando la temporada 2024 de la F\u00f3rmula 1, que fue m\u00e1s que especial para los argentinos por tratarse de la primera en 23 a\u00f1os en contar con uno de los suyos. Quien comand\u00f3 la ilusi\u00f3n fue Franco Colapinto, que hasta hace un a\u00f1o y pico corr\u00eda en la F\u00f3rmula 3 y [&hellip;]<\/p>\n","protected":false},"author":1,"featured_media":159348,"comment_status":"closed","ping_status":"closed","sticky":false,"template":"","format":"standard","meta":[],"categories":[21],"tags":[],"_links":{"self":[{"href":"http:\/\/cordobadirecto.com\/index.php\/wp-json\/wp\/v2\/posts\/159347"}],"collection":[{"href":"http:\/\/cordobadirecto.com\/index.php\/wp-json\/wp\/v2\/posts"}],"about":[{"href":"http:\/\/cordobadirecto.com\/index.php\/wp-json\/wp\/v2\/types\/post"}],"author":[{"embeddable":true,"href":"http:\/\/cordobadirecto.com\/index.php\/wp-json\/wp\/v2\/users\/1"}],"replies":[{"embeddable":true,"href":"http:\/\/cordobadirecto.com\/index.php\/wp-json\/wp\/v2\/comments?post=159347"}],"version-history":[{"count":0,"href":"http:\/\/cordobadirecto.com\/index.php\/wp-json\/wp\/v2\/posts\/159347\/revisions"}],"wp:featuredmedia":[{"embeddable":true,"href":"http:\/\/cordobadirecto.com\/index.php\/wp-json\/wp\/v2\/media\/159348"}],"wp:attachment":[{"href":"http:\/\/cordobadirecto.com\/index.php\/wp-json\/wp\/v2\/media?parent=159347"}],"wp:term":[{"taxonomy":"category","embeddable":true,"href":"http:\/\/cordobadirecto.com\/index.php\/wp-json\/wp\/v2\/categories?post=159347"},{"taxonomy":"post_tag","embeddable":true,"href":"http:\/\/cordobadirecto.com\/index.php\/wp-json\/wp\/v2\/tags?post=159347"}],"curies":[{"name":"wp","href":"https:\/\/api.w.org\/{rel}","templated":true}]}}