{"id":159349,"date":"2024-12-07T21:53:28","date_gmt":"2024-12-07T21:53:28","guid":{"rendered":"https:\/\/www.ole.com.ar\/autos\/figura-automovilismo-argentino-volvera-turismo-carretera-tc-2025-matias-rossi-toyota_0_mjbgBlaBHB.html"},"modified":"2024-12-07T21:53:28","modified_gmt":"2024-12-07T21:53:28","slug":"una-figura-del-automovilismo-volvera-al-turismo-carretera-en-2025","status":"publish","type":"post","link":"http:\/\/cordobadirecto.com\/index.php\/2024\/12\/07\/una-figura-del-automovilismo-volvera-al-turismo-carretera-en-2025\/","title":{"rendered":"Una figura del automovilismo volver\u00e1 al Turismo Carretera en 2025"},"content":{"rendered":"<p><time class=\"createDate\" datetime=\"2024-12-07T18:53:28-03:00\">07\/12\/2024 18:53hs.<\/time><\/p>\n<div id=\"storyBody\">\n<div class=\"custom-text \" readability=\"39.744966442953\">\n<p>Hace una semana, el <strong>Turismo Carretera<\/strong> conoci\u00f3 a su nuevo rey: Juli\u00e1n Santero (Ford), cuya coronaci\u00f3n se vio opacada por <a href=\"https:\/\/www.ole.com.ar\/autos\/piloto-tc-escandalo-mariano-werner-twitter-lautaro-iglesia_0_ANI6jyhZUj.html\" target=\"_self\" title=\"el esc\u00e1ndalo con Mariano Werner\" alt=\"el esc\u00e1ndalo con Mariano Werner\" rel=\"noopener\">el esc\u00e1ndalo con Mariano Werner<\/a> (algunos hinchas se metieron en el circuito, le tiraron papeles en la toma de aire y le arruinaron el campeonato). Para la alegr\u00eda del p\u00fablico, <strong>a la vez que se suman campeones se dan regresos de algunos que supieron serlo<\/strong>. Este a\u00f1o, el \u00eddolo que peg\u00f3 la vuelta fue Agust\u00edn Canapino, y ya se puede confirmar que no ser\u00e1 el \u00fanico. De cara al 2025,<strong> otra figura del automovilismo argentino que supo ser campe\u00f3n del TC har\u00e1 su retorno.<\/strong><\/p>\n<\/div>\n<div class=\"custom-text \" readability=\"39\">\n<p>El hombre en cuesti\u00f3n es <strong>Mat\u00edas Rossi<\/strong>, que a lo largo de su carrera en el TC ha estado envuelto en pol\u00e9micas vinculadas al folclore: fue campe\u00f3n con Chevrolet (en 2014), se pas\u00f3 a Ford, le abri\u00f3 el camino a Toyota y fue el primer ganador en la historia de la categor\u00eda con la marca japonesa. <strong>Despu\u00e9s de haberse bajado por una temporada, el Misil retornar\u00e1 a la categor\u00eda reina.<\/strong><\/p>\n<\/div>\n<div class=\"sc-e7b891c4-0 ifHnQL image-embed\"><img alt=\"Mat\u00edas Rossi volver\u00e1 al Turismo Carretera junto al Pradecon Racing. (Prensa ACTC)\" loading=\"lazy\" width=\"720\" height=\"100\" decoding=\"async\" data-nimg=\"1\" src=\"http:\/\/cordobadirecto.com\/wp-content\/uploads\/2024\/12\/una-figura-del-automovilismo-volvera-al-turismo-carretera-en-2025.jpg\"><span class=\"epigraphe\">Mat\u00edas Rossi volver\u00e1 al Turismo Carretera junto al Pradecon Racing. (Prensa ACTC)<\/span><\/div>\n<div class=\"custom-text \" readability=\"40\">\n<p>En un comunicado, el Toyota Gazoo Racing, que dejar\u00e1 de ser atendido por el Dole Racing y pasar\u00e1 a las manos del Pradecon Racing, inform\u00f3: &#8220;<strong>Miramos hacia el 2025 con el objetivo de volver a ser competitivos y pelear en lo m\u00e1s alto del campeonato.<\/strong> Estamos felices de anunciar el regreso de Mat\u00edas Rossi como piloto oficial, qui\u00e9n contar\u00e1 con el respaldo de un equipo t\u00e9cnico con gran experiencia, reforzando nuestro compromiso con la excelencia en cada proyecto&#8221;.<\/p>\n<\/div>\n<p><h2><strong>Mat\u00edas Rossi, campe\u00f3n de todo, pegar\u00e1 la vuelta al TC<\/strong><\/h2>\n<\/p>\n<div class=\"custom-text \" readability=\"42\">\n<p>En su ausencia del TC, Rossi sigui\u00f3 con su participaci\u00f3n en el <strong>TC2000, que a falta de una fecha lo encuentra en la 2\u00aa posici\u00f3n<\/strong> (Leonel Pern\u00eda ya se consagr\u00f3 campe\u00f3n), y en el TCR South America, que lo vio terminar en el 4\u00b0 puesto. Campe\u00f3n en m\u00e1s de una ocasi\u00f3n, destac\u00e1ndose los cinco t\u00edtulos conseguidos en TC2000 (es el segundo m\u00e1ximo ganador), un doblete en Top Race (2019 y 2020) y una coronaci\u00f3n en la Clase 3 del Turismo Nacional (2014), <strong>una de las figuras m\u00e1s grandes que tiene el automovilismo local volver\u00e1 a la M\u00e1xima en busca del bi.<\/strong><\/p>\n<\/div>\n<div class=\"sc-e7b891c4-0 ifHnQL image-embed\"><img alt=\"Mat\u00edas Rossi con el Toyota del TCR South America. (@tcrsouthamerica)\" loading=\"lazy\" width=\"720\" height=\"100\" decoding=\"async\" data-nimg=\"1\" src=\"http:\/\/cordobadirecto.com\/wp-content\/uploads\/2024\/12\/una-figura-del-automovilismo-volvera-al-turismo-carretera-en-2025-1.jpg\"><span class=\"epigraphe\">Mat\u00edas Rossi con el Toyota del TCR South America. (@tcrsouthamerica)<\/span><\/div>\n<div class=\"sc-a7166897-0 eoLsBE\" readability=\"7\">\n<section readability=\"4\"><picture><img alt=\"Atenci\u00f3n Colapinto: James Vowles, jefe de Williams, no cerr\u00f3 la puerta para el 2025\" loading=\"lazy\" width=\"290\" height=\"290\" decoding=\"async\" data-nimg=\"1\" src=\"http:\/\/cordobadirecto.com\/wp-content\/uploads\/2024\/12\/una-figura-del-automovilismo-volvera-al-turismo-carretera-en-2025-2.jpg\"><\/picture>\n<p><span>Mir\u00e1 tambi\u00e9n<\/span><\/p>\n<hr>\n<h3>Atenci\u00f3n Colapinto: James Vowles, jefe de Williams, no cerr\u00f3 la puerta para el 2025<\/h3>\n<\/p>\n<\/section>\n<\/div>\n<div class=\"sc-a7166897-0 eoLsBE\" readability=\"6\">\n<section readability=\"2\"><picture><img alt=\"Franco Colapinto no pas\u00f3 la Q1 y va a largar \u00faltimo en el GP de Abu Dhabi de la F1\" loading=\"lazy\" width=\"290\" height=\"290\" decoding=\"async\" data-nimg=\"1\" src=\"http:\/\/cordobadirecto.com\/wp-content\/uploads\/2024\/12\/una-figura-del-automovilismo-volvera-al-turismo-carretera-en-2025-3.jpg\"><\/picture>\n<p><span>Mir\u00e1 tambi\u00e9n<\/span><\/p>\n<hr>\n<h3>Franco Colapinto no pas\u00f3 la Q1 y va a largar \u00faltimo en el GP de Abu Dhabi de la F1<\/h3>\n<\/p>\n<\/section>\n<\/div>\n<div class=\"sc-a7166897-0 eoLsBE\" readability=\"6\">\n<section readability=\"2\"><picture><img alt=\"El crudo an\u00e1lisis de Colapinto luego de la clasificaci\u00f3n en Abu Dhabi\" loading=\"lazy\" width=\"290\" height=\"290\" decoding=\"async\" data-nimg=\"1\" src=\"http:\/\/cordobadirecto.com\/wp-content\/uploads\/2024\/12\/una-figura-del-automovilismo-volvera-al-turismo-carretera-en-2025-4.jpg\"><\/picture>\n<p><span>Mir\u00e1 tambi\u00e9n<\/span><\/p>\n<hr>\n<h3>El crudo an\u00e1lisis de Colapinto luego de la clasificaci\u00f3n en Abu Dhabi<\/h3>\n<\/p>\n<\/section>\n<\/div>\n<div class=\"sc-a7166897-0 eoLsBE\" readability=\"6\">\n<section readability=\"2\"><picture><img alt=\"El Kun Ag\u00fcero fue a la F\u00f3rmula 1 en Abu Dhabi y visit\u00f3 el box de un equipo\" loading=\"lazy\" width=\"290\" height=\"290\" decoding=\"async\" data-nimg=\"1\" src=\"http:\/\/cordobadirecto.com\/wp-content\/uploads\/2024\/12\/una-figura-del-automovilismo-volvera-al-turismo-carretera-en-2025-5.jpg\"><\/picture>\n<p><span>Mir\u00e1 tambi\u00e9n<\/span><\/p>\n<hr>\n<h3>El Kun Ag\u00fcero fue a la F\u00f3rmula 1 en Abu Dhabi y visit\u00f3 el box de un equipo<\/h3>\n<\/p>\n<\/section>\n<\/div>\n<div class=\"sc-a7166897-0 eoLsBE\" readability=\"6\">\n<section readability=\"2\"><picture><img alt=\"Colapinto le agradeci\u00f3 a Williams y sentenci\u00f3: &quot;Quiero quedarme en el futuro&quot;\" loading=\"lazy\" width=\"290\" height=\"290\" decoding=\"async\" data-nimg=\"1\" src=\"http:\/\/cordobadirecto.com\/wp-content\/uploads\/2024\/12\/una-figura-del-automovilismo-volvera-al-turismo-carretera-en-2025-6.jpg\"><\/picture>\n<p><span>Mir\u00e1 tambi\u00e9n<\/span><\/p>\n<hr>\n<h3>Colapinto le agradeci\u00f3 a Williams y sentenci\u00f3: &#8220;Quiero quedarme en el futuro&#8221;<\/h3>\n<\/p>\n<\/section>\n<\/div>\n<\/div>\n","protected":false},"excerpt":{"rendered":"<p>07\/12\/2024 18:53hs. Hace una semana, el Turismo Carretera conoci\u00f3 a su nuevo rey: Juli\u00e1n Santero (Ford), cuya coronaci\u00f3n se vio opacada por el esc\u00e1ndalo con Mariano Werner (algunos hinchas se metieron en el circuito, le tiraron papeles en la toma de aire y le arruinaron el campeonato). Para la alegr\u00eda del p\u00fablico, a la vez [&hellip;]<\/p>\n","protected":false},"author":1,"featured_media":159350,"comment_status":"closed","ping_status":"closed","sticky":false,"template":"","format":"standard","meta":[],"categories":[21],"tags":[],"_links":{"self":[{"href":"http:\/\/cordobadirecto.com\/index.php\/wp-json\/wp\/v2\/posts\/159349"}],"collection":[{"href":"http:\/\/cordobadirecto.com\/index.php\/wp-json\/wp\/v2\/posts"}],"about":[{"href":"http:\/\/cordobadirecto.com\/index.php\/wp-json\/wp\/v2\/types\/post"}],"author":[{"embeddable":true,"href":"http:\/\/cordobadirecto.com\/index.php\/wp-json\/wp\/v2\/users\/1"}],"replies":[{"embeddable":true,"href":"http:\/\/cordobadirecto.com\/index.php\/wp-json\/wp\/v2\/comments?post=159349"}],"version-history":[{"count":0,"href":"http:\/\/cordobadirecto.com\/index.php\/wp-json\/wp\/v2\/posts\/159349\/revisions"}],"wp:featuredmedia":[{"embeddable":true,"href":"http:\/\/cordobadirecto.com\/index.php\/wp-json\/wp\/v2\/media\/159350"}],"wp:attachment":[{"href":"http:\/\/cordobadirecto.com\/index.php\/wp-json\/wp\/v2\/media?parent=159349"}],"wp:term":[{"taxonomy":"category","embeddable":true,"href":"http:\/\/cordobadirecto.com\/index.php\/wp-json\/wp\/v2\/categories?post=159349"},{"taxonomy":"post_tag","embeddable":true,"href":"http:\/\/cordobadirecto.com\/index.php\/wp-json\/wp\/v2\/tags?post=159349"}],"curies":[{"name":"wp","href":"https:\/\/api.w.org\/{rel}","templated":true}]}}