{"id":159394,"date":"2024-12-08T23:31:46","date_gmt":"2024-12-08T23:31:46","guid":{"rendered":"https:\/\/www.ole.com.ar\/autos\/fernando-alonso-elogio-franco-colapinto-formula1_0_X0qjcxhrM0.html"},"modified":"2024-12-08T23:31:46","modified_gmt":"2024-12-08T23:31:46","slug":"el-contundente-elogio-de-alonso-a-colapinto-ha-demostrado","status":"publish","type":"post","link":"http:\/\/cordobadirecto.com\/index.php\/2024\/12\/08\/el-contundente-elogio-de-alonso-a-colapinto-ha-demostrado\/","title":{"rendered":"El contundente elogio de Alonso a Colapinto: &#8220;Ha demostrado&#8230;&#8221;"},"content":{"rendered":"<p><time class=\"createDate\" datetime=\"2024-12-08T20:31:46-03:00\">08\/12\/2024 20:31hs.<\/time><\/p>\n<div id=\"storyBody\">\n<div class=\"custom-text \" readability=\"31.585185185185\">\n<p><strong>Franco Colapinto<\/strong> cerr\u00f3 <strong><a href=\"https:\/\/www.ole.com.ar\/autos\/franco-colapinto-hoy-vivo-carrera-gp-abu-dhabi-horario-ver-f1_0_YwudAIRrIq.html\" target=\"_blank\" title=\"su etapa en la F\u00f3rmula 1\" alt=\"su etapa en la F\u00f3rmula 1\" rel=\"noopener\">su etapa en la F\u00f3rmula 1<\/a>.<\/strong> O, al menos, <strong><a href=\"https:\/\/www.ole.com.ar\/autos\/franco-colapinto-cierre-etapa-formula1_0_Gkurn6CpFy.html\" target=\"_blank\" title=\"la que se supone que ser\u00e1 la primera\" alt=\"la que se supone que ser\u00e1 la primera\" rel=\"noopener\">la que se supone que ser\u00e1 la primera<\/a><\/strong>, porque tanto \u00e9l como muchos de sus colegas ya afirmaron que el argentino merece estar muchos a\u00f1os m\u00e1s en la categor\u00eda reina del deporte automotor. Y luego del <strong><a href=\"https:\/\/www.ole.com.ar\/usa\/automovilismo\/asi-quedaron-posiciones-finales-campeonato-individual-de-constructores-f1-formula-1-tabla-puestos-clasificacion_0_mEmmp1TMGq.html\" target=\"_blank\" title=\"GP de Abu Dhabi\" alt=\"GP de Abu Dhabi\" rel=\"noopener\">GP de Abu Dhabi<\/a><\/strong> fue <strong>Fernando Alonso<\/strong>, quien volvi\u00f3 a tener palabras positivas para valorar la actuaci\u00f3n del nacido en Pilar hace 21 a\u00f1os.<\/p>\n<\/div>\n<p><h2><strong>Los elogios de Alonso para Colapinto<\/strong><\/h2>\n<\/p>\n<div class=\"custom-text \" readability=\"39\">\n<p>&#8220;Ha demostrado, sobre todo en las primeras carreras en las que no tuvo ning\u00fan percance, su velocidad y su talento. Solamente hay 20 asientos y ese es el problema de la F1, pero \u00e9l mostr\u00f3 sus cartas y su identidad. La oportunidad le llegar\u00e1 tarde o temprano&#8221;, expres\u00f3 en charla con los medios hispanoamericanos.<\/p>\n<\/div>\n<div class=\"custom-text \" readability=\"33.601286173633\">\n<p>El argentino tuvo un d\u00eda para el olvido en el circuito de Yas Marina, dado que sufri\u00f3 <strong><a href=\"https:\/\/www.ole.com.ar\/autos\/dijo-oscar-piastri-choque-franco-colapinto-gp-abu-dhabi_0_sXWhwXDFtQ.html\" target=\"_blank\" title=\"un choque por parte de Oscar Piastri\" alt=\"un choque por parte de Oscar Piastri\" rel=\"noopener\">un choque por parte de Oscar Piastri<\/a><\/strong>, hecho que le gener\u00f3 una pinchadura y encima lo oblig\u00f3 a abandonar por un problema en su auto. Todo lo contrario le sucedi\u00f3 a Alonso, que qued\u00f3 noveno y cerr\u00f3 el a\u00f1o en los puntos.<\/p>\n<\/div>\n<p><h2><strong>La relaci\u00f3n entre Colapinto y Alonso viene de antes<\/strong><\/h2>\n<\/p>\n<div class=\"custom-text \" readability=\"39\">\n<p>El mensaje del asturiano no fue casualidad. La relaci\u00f3n entre ambos tiene historia, ya que Colapinto fue parte de la academia de j\u00f3venes talentos del bicampe\u00f3n espa\u00f1ol, lo que ha forjado una camarader\u00eda entre ellos a lo largo del a\u00f1o. Incluso, despu\u00e9s del impresionante debut del argentino en el Gran Premio de Monza, Alonso no escatim\u00f3 en elogios hacia el joven piloto.<\/p>\n<\/div>\n<div class=\"sc-e7b891c4-0 ifHnQL image-embed\"><img alt=\"Alonso sali\u00f3 9\u00ba en Yas Marina. (AP)\" loading=\"lazy\" width=\"720\" height=\"100\" decoding=\"async\" data-nimg=\"1\" src=\"http:\/\/cordobadirecto.com\/wp-content\/uploads\/2024\/12\/el-contundente-elogio-de-alonso-a-colapinto-ha-demostrado.jpg\"><span class=\"epigraphe\">Alonso sali\u00f3 9\u00ba en Yas Marina. (AP)<\/span><\/div>\n<div class=\"custom-text \" readability=\"38\">\n<p>&#8220;Hizo una muy buena carrera, habl\u00e9 con \u00e9l reci\u00e9n. Tuvo alg\u00fan dolor en la espalda por el asiento porque fue la primera vez que se subi\u00f3 a un coche por dos horas a un ritmo fuerte. Le dije que se prepare bien en las pr\u00f3ximas semanas, que aproveche el tiempo y que ajuste ese asiento porque Singapur no es tan f\u00e1cil como Monza&#8221;, asegur\u00f3 en su momento.<\/p>\n<\/div>\n<div class=\"sc-a7166897-0 eoLsBE\" readability=\"6\">\n<section readability=\"2\"><picture><img alt=\"Qu\u00e9 dijo Piastri acerca del choque con Colapinto\" loading=\"lazy\" width=\"290\" height=\"290\" decoding=\"async\" data-nimg=\"1\" src=\"http:\/\/cordobadirecto.com\/wp-content\/uploads\/2024\/12\/el-contundente-elogio-de-alonso-a-colapinto-ha-demostrado-1.jpg\"><\/picture>\n<p><span>Mir\u00e1 tambi\u00e9n<\/span><\/p>\n<hr>\n<h3>Qu\u00e9 dijo Piastri acerca del choque con Colapinto<\/h3>\n<\/p>\n<\/section>\n<\/div>\n<div class=\"sc-a7166897-0 eoLsBE\" readability=\"6.5\">\n<section readability=\"3\"><picture><img alt=\"Williams quiere que Colapinto siga en la F1: el cari\u00f1o de Vowles, Albon y Smeets\" loading=\"lazy\" width=\"290\" height=\"290\" decoding=\"async\" data-nimg=\"1\" src=\"http:\/\/cordobadirecto.com\/wp-content\/uploads\/2024\/12\/el-contundente-elogio-de-alonso-a-colapinto-ha-demostrado-2.jpg\"><\/picture>\n<p><span>Mir\u00e1 tambi\u00e9n<\/span><\/p>\n<hr>\n<h3>Williams quiere que Colapinto siga en la F1: el cari\u00f1o de Vowles, Albon y Smeets<\/h3>\n<\/p>\n<\/section>\n<\/div>\n<div class=\"sc-a7166897-0 eoLsBE\" readability=\"6\">\n<section readability=\"2\"><picture><img alt=\"\u00bfColapinto no es el \u00fanico? Otro piloto argentino se subir\u00e1 a un F\u00f3rmula 2\" loading=\"lazy\" width=\"290\" height=\"290\" decoding=\"async\" data-nimg=\"1\" src=\"http:\/\/cordobadirecto.com\/wp-content\/uploads\/2024\/12\/el-contundente-elogio-de-alonso-a-colapinto-ha-demostrado-3.jpg\"><\/picture>\n<p><span>Mir\u00e1 tambi\u00e9n<\/span><\/p>\n<hr>\n<h3>\u00bfColapinto no es el \u00fanico? Otro piloto argentino se subir\u00e1 a un F\u00f3rmula 2<\/h3>\n<\/p>\n<\/section>\n<\/div>\n<\/div>\n","protected":false},"excerpt":{"rendered":"<p>08\/12\/2024 20:31hs. Franco Colapinto cerr\u00f3 su etapa en la F\u00f3rmula 1. O, al menos, la que se supone que ser\u00e1 la primera, porque tanto \u00e9l como muchos de sus colegas ya afirmaron que el argentino merece estar muchos a\u00f1os m\u00e1s en la categor\u00eda reina del deporte automotor. Y luego del GP de Abu Dhabi fue [&hellip;]<\/p>\n","protected":false},"author":1,"featured_media":159395,"comment_status":"closed","ping_status":"closed","sticky":false,"template":"","format":"standard","meta":[],"categories":[21],"tags":[],"_links":{"self":[{"href":"http:\/\/cordobadirecto.com\/index.php\/wp-json\/wp\/v2\/posts\/159394"}],"collection":[{"href":"http:\/\/cordobadirecto.com\/index.php\/wp-json\/wp\/v2\/posts"}],"about":[{"href":"http:\/\/cordobadirecto.com\/index.php\/wp-json\/wp\/v2\/types\/post"}],"author":[{"embeddable":true,"href":"http:\/\/cordobadirecto.com\/index.php\/wp-json\/wp\/v2\/users\/1"}],"replies":[{"embeddable":true,"href":"http:\/\/cordobadirecto.com\/index.php\/wp-json\/wp\/v2\/comments?post=159394"}],"version-history":[{"count":0,"href":"http:\/\/cordobadirecto.com\/index.php\/wp-json\/wp\/v2\/posts\/159394\/revisions"}],"wp:featuredmedia":[{"embeddable":true,"href":"http:\/\/cordobadirecto.com\/index.php\/wp-json\/wp\/v2\/media\/159395"}],"wp:attachment":[{"href":"http:\/\/cordobadirecto.com\/index.php\/wp-json\/wp\/v2\/media?parent=159394"}],"wp:term":[{"taxonomy":"category","embeddable":true,"href":"http:\/\/cordobadirecto.com\/index.php\/wp-json\/wp\/v2\/categories?post=159394"},{"taxonomy":"post_tag","embeddable":true,"href":"http:\/\/cordobadirecto.com\/index.php\/wp-json\/wp\/v2\/tags?post=159394"}],"curies":[{"name":"wp","href":"https:\/\/api.w.org\/{rel}","templated":true}]}}