{"id":159396,"date":"2024-12-08T19:52:41","date_gmt":"2024-12-08T19:52:41","guid":{"rendered":"https:\/\/www.ole.com.ar\/autos\/dijo-oscar-piastri-choque-franco-colapinto-gp-abu-dhabi_0_sXWhwXDFtQ.html"},"modified":"2024-12-08T19:52:41","modified_gmt":"2024-12-08T19:52:41","slug":"que-dijo-piastri-acerca-del-choque-con-colapinto","status":"publish","type":"post","link":"http:\/\/cordobadirecto.com\/index.php\/2024\/12\/08\/que-dijo-piastri-acerca-del-choque-con-colapinto\/","title":{"rendered":"Qu\u00e9 dijo Piastri acerca del choque con Colapinto"},"content":{"rendered":"<p><time class=\"createDate\" datetime=\"2024-12-08T16:52:41-03:00\">08\/12\/2024 16:52hs.<\/time><\/p>\n<div id=\"storyBody\">\n<div class=\"custom-text \" readability=\"37.416083916084\">\n<p>El abandono de<strong> Franco Colapinto<\/strong> se dio en la vuelta 28 del GP de Abu Dhabi, el \u00faltimo de la temporada de F\u00f3rmula 1, <strong>pero empez\u00f3 a gestarse mucho antes<\/strong>. En el inicio de la carrera, el piloto de Williams recibi\u00f3 un bombazo de <strong>Oscar Piastri <\/strong>(McLaren) que le provoc\u00f3 un pinchazo y da\u00f1os en el difusor. Finalmente, <a href=\"https:\/\/www.ole.com.ar\/autos\/franco-colapinto-hoy-vivo-carrera-gp-abu-dhabi-horario-ver-f1_0_YwudAIRrIq.html\" target=\"_self\" title=\"el bonaerense tuvo que retirar el auto y abandonar\" alt=\"el bonaerense tuvo que retirar el auto y abandonar\" rel=\"noopener\">el bonaerense tuvo que retirar el auto y abandonar<\/a>, mientras que su rival pudo seguir -con una penalizaci\u00f3n- y sumar puntos. Despu\u00e9s de los festejos por el campeonato de constructores, <strong>el australiano se refiri\u00f3 al golpe y admiti\u00f3 haber tenido la culpa.<\/strong><\/p>\n<\/div>\n<div class=\"custom-text \" readability=\"40\">\n<p>&#8220;<strong>Las primeras vueltas fueron bastante miserables<\/strong>. Eso me prepar\u00f3 para una carrera bastante dura, pero en el gran esquema de las cosas, eso realmente no importa en este momento&#8221;, dijo Piastri, amargado por el accidente con Max Verstappen (Red Bull) que lo priv\u00f3 de terminar adelante pero contento con el \u00e9xito de las Papayas. <strong>De no haberse dado ese toque inicial, el aussie no se habr\u00eda cruzado con Franco&#8230;<\/strong><\/p>\n<\/div>\n<div class=\"sc-e7b891c4-0 ifHnQL image-embed\"><img alt=\"Franco Colapinto prepar\u00e1ndose para largar el GP de Abu Dhabi. (@WilliamsRacing)\" loading=\"lazy\" width=\"720\" height=\"100\" decoding=\"async\" data-nimg=\"1\" src=\"http:\/\/cordobadirecto.com\/wp-content\/uploads\/2024\/12\/que-dijo-piastri-acerca-del-choque-con-colapinto.jpg\"><span class=\"epigraphe\">Franco Colapinto prepar\u00e1ndose para largar el GP de Abu Dhabi. (@WilliamsRacing)<\/span><\/div>\n<div class=\"custom-text \" readability=\"41\">\n<p>Cuando el argentino marchaba 18\u00b0 y estaba a punto de ganar un lugar entrando en la curva 6, <strong>Piastri apareci\u00f3 desde atr\u00e1s, fren\u00f3 tarde y se lo llev\u00f3 puesto<\/strong>. &#8220;En la reanudaci\u00f3n con Franco, tengo que volver a mirarlo, pero creo que simplemente juzgu\u00e9 mal d\u00f3nde iba a frenar todo el mundo.<strong> Hubo muchos movimientos hacia la zona de frenada y me equivoqu\u00e9<\/strong>. Una vez que me encontr\u00e9 con Colapinto, eso fue pr\u00e1cticamente el final de mi carrera&#8221;, reconoci\u00f3 el piloto de McLaren.<\/p>\n<\/div>\n<p><h2><strong>Colapinto se calent\u00f3 por el golpazo de Piastri<\/strong><\/h2>\n<\/p>\n<div class=\"custom-text \" readability=\"39\">\n<p>Por el lado del pilarense, ante la \u00faltima carrera de la temporada y quiz\u00e1s la \u00faltima en mucho tiempo para \u00e9l (no tiene una butaca confirmada para el a\u00f1o siguiente), no ocult\u00f3 su bronca con la maniobra: &#8220;<strong>Hoy quer\u00eda terminar la carrera y Piastri me choc\u00f3. No s\u00e9 qu\u00e9 le pasa a este pibe, despu\u00e9s choc\u00f3 a mas gente, es una l\u00e1stima&#8230; <\/strong>Tuve un pinchazo y un da\u00f1o en el difusor&#8221;.<\/p>\n<\/div>\n<div class=\"sc-734b4696-1 kFfZtB\">\n<div class=\"sc-d00d9e74-0 hnHYbk\" type=\"embed\">\n<div class=\"sc-d00d9e74-1 iKVbz videoText\" id=\"contentTitleembed14SNLNCZ\" type=\"embed\"><svg fill=\"#ffffff\"><symbol id=\"play\" viewBox=\"0 0 512 512\"><path d=\"M512 256C512 397.4 397.4 512 256 512C114.6 512 0 397.4 0 256C0 114.6 114.6 0 256 0C397.4 0 512 114.6 512 256zM176 168V344C176 352.7 180.7 360.7 188.3 364.9C195.8 369.2 205.1 369 212.5 364.5L356.5 276.5C363.6 272.1 368 264.4 368 256C368 247.6 363.6 239.9 356.5 235.5L212.5 147.5C205.1 142.1 195.8 142.8 188.3 147.1C180.7 151.3 176 159.3 176 168V168z\" \/><\/symbol><use xlink:href=\"#play\" \/><\/svg><\/p>\n<div class=\"right\">\n<p>F\u00f3rmula 1<!-- --> &#8211; <span>&nbsp;<\/span><\/p>\n<h2 class=\"title-vid\">El choque de Piastri a Colapinto que a la larga lo hizo abandonar<\/h2>\n<\/div>\n<\/div>\n<p><span class=\"back\" id=\"spanBackembed14SNLNCZ\"><\/span><\/div>\n<p>Cr\u00e9dito: Formula 1<\/p>\n<\/div>\n<div class=\"sc-a7166897-0 eoLsBE\" readability=\"6\">\n<section readability=\"2\"><picture><img alt=\"Franco Colapinto abandon\u00f3 en Abu Dhabi y le puso fin a la temporada de F\u00f3rmula 1\" loading=\"lazy\" width=\"290\" height=\"290\" decoding=\"async\" data-nimg=\"1\" src=\"http:\/\/cordobadirecto.com\/wp-content\/uploads\/2024\/12\/que-dijo-piastri-acerca-del-choque-con-colapinto-1.jpg\"><\/picture>\n<p><span>Mir\u00e1 tambi\u00e9n<\/span><\/p>\n<hr>\n<h3>Franco Colapinto abandon\u00f3 en Abu Dhabi y le puso fin a la temporada de F\u00f3rmula 1<\/h3>\n<\/p>\n<\/section>\n<\/div>\n<div class=\"sc-a7166897-0 eoLsBE\" readability=\"6.5\">\n<section readability=\"3\"><picture><img alt=\"Williams quiere que Colapinto siga en la F1: el cari\u00f1o de Vowles, Albon y Smeets\" loading=\"lazy\" width=\"290\" height=\"290\" decoding=\"async\" data-nimg=\"1\" src=\"http:\/\/cordobadirecto.com\/wp-content\/uploads\/2024\/12\/que-dijo-piastri-acerca-del-choque-con-colapinto-2.jpg\"><\/picture>\n<p><span>Mir\u00e1 tambi\u00e9n<\/span><\/p>\n<hr>\n<h3>Williams quiere que Colapinto siga en la F1: el cari\u00f1o de Vowles, Albon y Smeets<\/h3>\n<\/p>\n<\/section>\n<\/div>\n<div class=\"sc-a7166897-0 eoLsBE\" readability=\"6\">\n<section readability=\"2\"><picture><img alt=\"Video: Piastri choc\u00f3 a Colapinto y recibi\u00f3 una sanci\u00f3n\" loading=\"lazy\" width=\"290\" height=\"290\" decoding=\"async\" data-nimg=\"1\" src=\"http:\/\/cordobadirecto.com\/wp-content\/uploads\/2024\/12\/que-dijo-piastri-acerca-del-choque-con-colapinto-3.jpg\"><\/picture>\n<p><span>Mir\u00e1 tambi\u00e9n<\/span><\/p>\n<hr>\n<h3>Video: Piastri choc\u00f3 a Colapinto y recibi\u00f3 una sanci\u00f3n<\/h3>\n<\/p>\n<\/section>\n<\/div>\n<div class=\"sc-a7166897-0 eoLsBE\" readability=\"6.5\">\n<section readability=\"3\"><picture><img alt=\"La monta\u00f1a rusa de Colapinto en la F1: un fen\u00f3meno que conquist\u00f3 al mundo en nueve carreras\" loading=\"lazy\" width=\"290\" height=\"290\" decoding=\"async\" data-nimg=\"1\" src=\"http:\/\/cordobadirecto.com\/wp-content\/uploads\/2024\/12\/que-dijo-piastri-acerca-del-choque-con-colapinto-4.jpg\"><\/picture>\n<p><span>Mir\u00e1 tambi\u00e9n<\/span><\/p>\n<hr>\n<h3>La monta\u00f1a rusa de Colapinto en la F1: un fen\u00f3meno que conquist\u00f3 al mundo en nueve carreras<\/h3>\n<\/p>\n<\/section>\n<\/div>\n<div class=\"sc-a7166897-0 eoLsBE\" readability=\"7\">\n<section readability=\"4\"><picture><img alt=\"Compiti\u00f3 contra Colapinto, gan\u00f3 dos t\u00edtulos seguidos y llegar\u00e1 a la F\u00f3rmula 1 con todo\" loading=\"lazy\" width=\"290\" height=\"290\" decoding=\"async\" data-nimg=\"1\" src=\"http:\/\/cordobadirecto.com\/wp-content\/uploads\/2024\/12\/que-dijo-piastri-acerca-del-choque-con-colapinto-5.jpg\"><\/picture>\n<p><span>Mir\u00e1 tambi\u00e9n<\/span><\/p>\n<hr>\n<h3>Compiti\u00f3 contra Colapinto, gan\u00f3 dos t\u00edtulos seguidos y llegar\u00e1 a la F\u00f3rmula 1 con todo<\/h3>\n<\/p>\n<\/section>\n<\/div>\n<div class=\"sc-a7166897-0 eoLsBE\" readability=\"6\">\n<section readability=\"2\"><picture><img alt=\"\u00bfColapinto no es el \u00fanico? Otro piloto argentino se subir\u00e1 a un F\u00f3rmula 2\" loading=\"lazy\" width=\"290\" height=\"290\" decoding=\"async\" data-nimg=\"1\" src=\"http:\/\/cordobadirecto.com\/wp-content\/uploads\/2024\/12\/que-dijo-piastri-acerca-del-choque-con-colapinto-6.jpg\"><\/picture>\n<p><span>Mir\u00e1 tambi\u00e9n<\/span><\/p>\n<hr>\n<h3>\u00bfColapinto no es el \u00fanico? Otro piloto argentino se subir\u00e1 a un F\u00f3rmula 2<\/h3>\n<\/p>\n<\/section>\n<\/div>\n<\/div>\n","protected":false},"excerpt":{"rendered":"<p>08\/12\/2024 16:52hs. El abandono de Franco Colapinto se dio en la vuelta 28 del GP de Abu Dhabi, el \u00faltimo de la temporada de F\u00f3rmula 1, pero empez\u00f3 a gestarse mucho antes. En el inicio de la carrera, el piloto de Williams recibi\u00f3 un bombazo de Oscar Piastri (McLaren) que le provoc\u00f3 un pinchazo y [&hellip;]<\/p>\n","protected":false},"author":1,"featured_media":159397,"comment_status":"closed","ping_status":"closed","sticky":false,"template":"","format":"standard","meta":[],"categories":[21],"tags":[],"_links":{"self":[{"href":"http:\/\/cordobadirecto.com\/index.php\/wp-json\/wp\/v2\/posts\/159396"}],"collection":[{"href":"http:\/\/cordobadirecto.com\/index.php\/wp-json\/wp\/v2\/posts"}],"about":[{"href":"http:\/\/cordobadirecto.com\/index.php\/wp-json\/wp\/v2\/types\/post"}],"author":[{"embeddable":true,"href":"http:\/\/cordobadirecto.com\/index.php\/wp-json\/wp\/v2\/users\/1"}],"replies":[{"embeddable":true,"href":"http:\/\/cordobadirecto.com\/index.php\/wp-json\/wp\/v2\/comments?post=159396"}],"version-history":[{"count":0,"href":"http:\/\/cordobadirecto.com\/index.php\/wp-json\/wp\/v2\/posts\/159396\/revisions"}],"wp:featuredmedia":[{"embeddable":true,"href":"http:\/\/cordobadirecto.com\/index.php\/wp-json\/wp\/v2\/media\/159397"}],"wp:attachment":[{"href":"http:\/\/cordobadirecto.com\/index.php\/wp-json\/wp\/v2\/media?parent=159396"}],"wp:term":[{"taxonomy":"category","embeddable":true,"href":"http:\/\/cordobadirecto.com\/index.php\/wp-json\/wp\/v2\/categories?post=159396"},{"taxonomy":"post_tag","embeddable":true,"href":"http:\/\/cordobadirecto.com\/index.php\/wp-json\/wp\/v2\/tags?post=159396"}],"curies":[{"name":"wp","href":"https:\/\/api.w.org\/{rel}","templated":true}]}}