{"id":159409,"date":"2024-12-09T19:12:24","date_gmt":"2024-12-09T19:12:24","guid":{"rendered":"https:\/\/puntoapunto.com.ar\/?p=368143"},"modified":"2024-12-09T19:12:24","modified_gmt":"2024-12-09T19:12:24","slug":"milei-llega-a-cordoba-para-inaugurar-la-nueva-sede-la-bolsa-de-comercio","status":"publish","type":"post","link":"http:\/\/cordobadirecto.com\/index.php\/2024\/12\/09\/milei-llega-a-cordoba-para-inaugurar-la-nueva-sede-la-bolsa-de-comercio\/","title":{"rendered":"Milei llega a C\u00f3rdoba para inaugurar la nueva sede la Bolsa de Comercio"},"content":{"rendered":"<div class=\"g g-36\">\n<div class=\"g-dyn a-29 c-1\"><a class=\"gofollow\" data-track=\"MjksMzYsMSw2MA==\" href=\"https:\/\/www.harmoniechateau.com.ar\/\" target=\"_blank\" rel=\"noopener\"><img src=\"http:\/\/cordobadirecto.com\/wp-content\/uploads\/2024\/12\/milei-llega-a-cordoba-para-inaugurar-la-nueva-sede-la-bolsa-de-comercio.gif\" loading=\"lazy\"><\/a><\/div>\n<\/div>\n<p>&nbsp;\n<\/p>\n<p>El<strong> presidente de la Naci\u00f3n, Javier Milei, y el gobernador de C\u00f3rdoba, Mart\u00edn Llaryora, participar\u00e1n el pr\u00f3ximo viernes 20 en la inauguraci\u00f3n oficial del nuevo edificio de la Bolsa de Comercio de C\u00f3rdoba<\/strong>. La ceremonia tendr\u00e1 lugar en el moderno complejo empresario ubicado frente al Aeropuerto Internacional Ingeniero Taravella.<!-- \u00a1O bien no hay banners, estan desactivados o no estan programados para esta ubicaci\u00f3n! -->\n<\/p>\n<p>La confirmaci\u00f3n de la presencia del mandatario nacional fue realizada por fuentes de la entidad, que preside Manuel Tagle. Este evento marca un hito para la Bolsa de Comercio, que recientemente traslad\u00f3 sus operaciones desde su hist\u00f3rica sede en <strong>Rosario de Santa Fe 231 al flamante edificio en avenida La Voz del Interior 8851<\/strong>, Torre Sur.\n<\/p>\n<p>En el nuevo edificio operara\u00b4, adem\u00e1s,&nbsp;la <strong>Fundaci\u00f3n Ecosur<\/strong>, el centro de investigaciones econ\u00f3micas dirigido por el reconocido economista Guido Sandleris. Adem\u00e1s, el auditorio del edificio ser\u00e1 inaugurado con un almuerzo empresarial, que tambi\u00e9n forma parte de los actos protocolares.<!-- \u00a1O bien no hay banners, estan desactivados o no estan programados para esta ubicaci\u00f3n! -->\n<\/p>\n<p>La inauguraci\u00f3n representa la tercera visita oficial del presidente Milei a la provincia en los \u00faltimos meses. En septiembre, el mandatario sobrevol\u00f3 las zonas afectadas por incendios en las sierras, y en octubre regres\u00f3 para participar en el aniversario de la Fundaci\u00f3n Mediterr\u00e1nea.<\/p>\n<p>Con esta nueva sede, la Bolsa de Comercio busca fortalecer su posici\u00f3n como motor del desarrollo econ\u00f3mico y empresarial en C\u00f3rdoba, ofreciendo un espacio moderno y estrat\u00e9gico para sus actividades.\n<\/p>\n<div class=\"g g-38\">\n<div class=\"g-dyn a-12 c-1\"><a class=\"gofollow\" data-track=\"MTIsMzgsMSw2MA==\" href=\"https:\/\/hospitalprivado.com.ar\/blog\/institucional\/somos-la-primera-institucion-del-interior-del-pais-en-acreditar-joint-commission-international.html\" target=\"_blank\" rel=\"noopener\"><img src=\"http:\/\/cordobadirecto.com\/wp-content\/uploads\/2024\/12\/milei-llega-a-cordoba-para-inaugurar-la-nueva-sede-la-bolsa-de-comercio-1.gif\" loading=\"lazy\"><\/a><\/div>\n<\/div>\n","protected":false},"excerpt":{"rendered":"<p>&nbsp; El presidente de la Naci\u00f3n, Javier Milei, y el gobernador de C\u00f3rdoba, Mart\u00edn Llaryora, participar\u00e1n el pr\u00f3ximo viernes 20 en la inauguraci\u00f3n oficial del nuevo edificio de la Bolsa de Comercio de C\u00f3rdoba. La ceremonia tendr\u00e1 lugar en el moderno complejo empresario ubicado frente al Aeropuerto Internacional Ingeniero Taravella. La confirmaci\u00f3n de la presencia [&hellip;]<\/p>\n","protected":false},"author":1,"featured_media":159410,"comment_status":"closed","ping_status":"closed","sticky":false,"template":"","format":"standard","meta":[],"categories":[25],"tags":[],"_links":{"self":[{"href":"http:\/\/cordobadirecto.com\/index.php\/wp-json\/wp\/v2\/posts\/159409"}],"collection":[{"href":"http:\/\/cordobadirecto.com\/index.php\/wp-json\/wp\/v2\/posts"}],"about":[{"href":"http:\/\/cordobadirecto.com\/index.php\/wp-json\/wp\/v2\/types\/post"}],"author":[{"embeddable":true,"href":"http:\/\/cordobadirecto.com\/index.php\/wp-json\/wp\/v2\/users\/1"}],"replies":[{"embeddable":true,"href":"http:\/\/cordobadirecto.com\/index.php\/wp-json\/wp\/v2\/comments?post=159409"}],"version-history":[{"count":0,"href":"http:\/\/cordobadirecto.com\/index.php\/wp-json\/wp\/v2\/posts\/159409\/revisions"}],"wp:featuredmedia":[{"embeddable":true,"href":"http:\/\/cordobadirecto.com\/index.php\/wp-json\/wp\/v2\/media\/159410"}],"wp:attachment":[{"href":"http:\/\/cordobadirecto.com\/index.php\/wp-json\/wp\/v2\/media?parent=159409"}],"wp:term":[{"taxonomy":"category","embeddable":true,"href":"http:\/\/cordobadirecto.com\/index.php\/wp-json\/wp\/v2\/categories?post=159409"},{"taxonomy":"post_tag","embeddable":true,"href":"http:\/\/cordobadirecto.com\/index.php\/wp-json\/wp\/v2\/tags?post=159409"}],"curies":[{"name":"wp","href":"https:\/\/api.w.org\/{rel}","templated":true}]}}