{"id":159417,"date":"2024-12-09T17:59:03","date_gmt":"2024-12-09T17:59:03","guid":{"rendered":"https:\/\/cordoba.gob.ar\/?p=64949"},"modified":"2024-12-09T17:59:03","modified_gmt":"2024-12-09T17:59:03","slug":"mas-de-180-artistas-que-participan-en-los-talleres-de-los-parques-educativos-se-presentaron-en-el-teatro-comedia","status":"publish","type":"post","link":"http:\/\/cordobadirecto.com\/index.php\/2024\/12\/09\/mas-de-180-artistas-que-participan-en-los-talleres-de-los-parques-educativos-se-presentaron-en-el-teatro-comedia\/","title":{"rendered":"M\u00e1s de 180 artistas que participan en los talleres de los Parques Educativos se presentaron en el teatro Comedia"},"content":{"rendered":"<div><img src=\"http:\/\/cordobadirecto.com\/wp-content\/uploads\/2024\/12\/mas-de-180-artistas-que-participan-en-los-talleres-de-los-parques-educativos-se-presentaron-en-el-teatro-comedia.jpg\" class=\"ff-og-image-inserted\"><\/div>\n<ul>\n<li><strong><strong>Bajo el lema \u00abLa M\u00fasica y la Danza nos Encuentran\u00bb, formaron parte ni\u00f1os, ni\u00f1as, adolescentes, j\u00f3venes y adultos mayores de distintos puntos de la ciudad.<\/strong><\/strong><br \/>\n<hr>\n<\/li>\n<\/ul>\n<p>M\u00e1s de 180 vecinos y vecinas que participan de propuestas art\u00edsticas y culturales en los Parques Educativos compartieron presentaciones musicales en el evento \u201cLa M\u00fasica y la Danza nos Encuentran\u201d que se llev\u00f3 adelante en el Teatro Municipal Comedia.<\/p>\n<p>Esta iniciativa, parte del proyecto \u201cCompartiendo Cultura\u201d de la Subsecretar\u00eda de Educaci\u00f3n Social, Cient\u00edfica y Tecnol\u00f3gica, promueve el encuentro entre protagonistas de las diversas propuestas que funcionan en los Parques Educativos.<\/p>\n<p>En esta ocasi\u00f3n, se trat\u00f3 de la puesta en escena de producciones culturales que buscan multiplicar experiencias art\u00edsticas y fortalecer la identidad cultural en la ciudad.<\/p>\n<p>El espect\u00e1culo se desarroll\u00f3 en cuatro bloques tem\u00e1ticos:<\/p>\n<ul class=\"ak-ul\">\n<li>Primer bloque: presentaci\u00f3n de las bandas del proyecto CREA Tu M\u00fasica, ensambles musicales de los Parques Educativos y las orquestas barriales de los barrios Marqu\u00e9s Anexo y Campo de la Ribera.<\/li>\n<li>Segundo bloque: ni\u00f1os y ni\u00f1as de los talleres de teatro llenaron el escenario de colores y creatividad con las obras \u201cAdivinador Adivina\u201d y \u201cLa Pantera Rosa\u201d.<\/li>\n<li>Tercer bloque: grupos de coro, percusi\u00f3n y danzas folkl\u00f3ricas interpretaron y bailaron canciones t\u00edpicas de Argentina, resaltando nuestras ra\u00edces culturales.<\/li>\n<li>Cuarto bloque: el Teatro Comedia vibr\u00f3 al ritmo del samba, la zumba y las danzas \u00e1rabes con las presentaciones de los grupos \u201cIlhe Ax\u00e9: la fuerza de la alegr\u00eda\u201d, \u201cZumberas y Power\u201d y \u201cAlmas Orientales\u201d.<\/li>\n<\/ul>\n<p>\u201cEs muy emocionante que nuestros vecinos y vecinas tengan la oportunidad de mostrar su arte, sus canciones, sus palabras en un lugar tan emblem\u00e1tico como el Teatro Comedia\u201d, expres\u00f3 la subsecretaria de Educaci\u00f3n Social, Cient\u00edfica y Tecnol\u00f3gica, Eugenia Rotondi.<\/p>\n<p>Adem\u00e1s, agreg\u00f3: \u201cEn los Parques Educativos buscamos potenciar el arte como un lenguaje que nos une, nos encuentra y nos conecta con otros y otras\u201d.<\/p>\n","protected":false},"excerpt":{"rendered":"<p>Bajo el lema \u00abLa M\u00fasica y la Danza nos Encuentran\u00bb, formaron parte ni\u00f1os, ni\u00f1as, adolescentes, j\u00f3venes y adultos mayores de distintos puntos de la ciudad. M\u00e1s de 180 vecinos y vecinas que participan de propuestas art\u00edsticas y culturales en los Parques Educativos compartieron presentaciones musicales en el evento \u201cLa M\u00fasica y la Danza nos Encuentran\u201d [&hellip;]<\/p>\n","protected":false},"author":1,"featured_media":159418,"comment_status":"closed","ping_status":"closed","sticky":false,"template":"","format":"standard","meta":[],"categories":[44],"tags":[],"_links":{"self":[{"href":"http:\/\/cordobadirecto.com\/index.php\/wp-json\/wp\/v2\/posts\/159417"}],"collection":[{"href":"http:\/\/cordobadirecto.com\/index.php\/wp-json\/wp\/v2\/posts"}],"about":[{"href":"http:\/\/cordobadirecto.com\/index.php\/wp-json\/wp\/v2\/types\/post"}],"author":[{"embeddable":true,"href":"http:\/\/cordobadirecto.com\/index.php\/wp-json\/wp\/v2\/users\/1"}],"replies":[{"embeddable":true,"href":"http:\/\/cordobadirecto.com\/index.php\/wp-json\/wp\/v2\/comments?post=159417"}],"version-history":[{"count":0,"href":"http:\/\/cordobadirecto.com\/index.php\/wp-json\/wp\/v2\/posts\/159417\/revisions"}],"wp:featuredmedia":[{"embeddable":true,"href":"http:\/\/cordobadirecto.com\/index.php\/wp-json\/wp\/v2\/media\/159418"}],"wp:attachment":[{"href":"http:\/\/cordobadirecto.com\/index.php\/wp-json\/wp\/v2\/media?parent=159417"}],"wp:term":[{"taxonomy":"category","embeddable":true,"href":"http:\/\/cordobadirecto.com\/index.php\/wp-json\/wp\/v2\/categories?post=159417"},{"taxonomy":"post_tag","embeddable":true,"href":"http:\/\/cordobadirecto.com\/index.php\/wp-json\/wp\/v2\/tags?post=159417"}],"curies":[{"name":"wp","href":"https:\/\/api.w.org\/{rel}","templated":true}]}}