{"id":159421,"date":"2024-12-09T14:50:29","date_gmt":"2024-12-09T14:50:29","guid":{"rendered":"https:\/\/cordoba.gob.ar\/?p=64963"},"modified":"2024-12-09T14:50:29","modified_gmt":"2024-12-09T14:50:29","slug":"hoy-se-enciende-el-arbol-de-navidad-fabricado-100-con-materiales-reciclados","status":"publish","type":"post","link":"http:\/\/cordobadirecto.com\/index.php\/2024\/12\/09\/hoy-se-enciende-el-arbol-de-navidad-fabricado-100-con-materiales-reciclados\/","title":{"rendered":"Hoy se enciende el \u00e1rbol de navidad fabricado 100% con materiales reciclados"},"content":{"rendered":"<div><img src=\"http:\/\/cordobadirecto.com\/wp-content\/uploads\/2024\/12\/hoy-se-enciende-el-arbol-de-navidad-fabricado-100-con-materiales-reciclados.png\" class=\"ff-og-image-inserted\"><\/div>\n<ul>\n<li><strong>Ser\u00e1 en la Plaza de la Intendencia-H\u00e9roes de Malvinas a las 20:00.<\/strong><\/li>\n<li><strong><strong>Desde las 16:00 se pueden adquirir prendas de la feria Sin Desperdicio. Tambi\u00e9n se suma para este lunes un Ecocanje: llev\u00e1 residuos secos y te regalamos adornos navide\u00f1os.<\/strong><\/strong><br \/>\n<hr>\n<\/li>\n<\/ul>\n<p>La Municipalidad de C\u00f3rdoba invita a los vecinos y vecinas a participar del encendido del \u00e1rbol de la Navidad Circular, s\u00edmbolo de las v\u00edsperas de festividad cristiana y tambi\u00e9n de una de las pol\u00edticas centrales en la ciudad: la Econom\u00eda Circular.<\/p>\n<p>Ser\u00e1 este lunes a las 20:00 en la Plaza de la Intendencia \u2013 H\u00e9roes de Malvinas.<\/p>\n<p>Con latas de aluminio de colores y m\u00e1s de 150 mil tapitas, el artista Dar\u00edo Pedreira levant\u00f3 una estructura de 16 metros de alto, \u00edntegramente hecha con materiales reciclados y reciclables provenientes de los Centros Verdes que administra el Ente C\u00f3rdoba Obras y Servicios (COyS).<\/p>\n<p>Tambi\u00e9n ser\u00e1 el \u00faltimo d\u00eda para recorrer los m\u00e1s de 150 puestos de la 6ta. edici\u00f3n de la Feria de Moda Circular y Econom\u00eda Popular \u201cSin Desperdicio\u201d. Entre las 16:00 y las 21:00 horas los vecinos y vecinas podr\u00e1n conocer y adquirir prendas de segunda mano, vintage, customizadas y suprarecicladas.<\/p>\n<p>Para ese lunes se sumar\u00e1 un Ecocanje: vecinos y vecinas podr\u00e1n entregar residuos secos a cambio de adornos navide\u00f1os y juguetes fabricados con pl\u00e1stico reciclado, promoviendo pr\u00e1cticas responsables con el ambiente, como lo es la separaci\u00f3n de residuos.<\/p>\n<p>Adem\u00e1s se podr\u00e1 disfrutar de m\u00fasica en vivo y gastronom\u00eda local a precios accesibles.<\/p>\n<p><strong>Consumo responsable y donaciones<\/strong><\/p>\n<p>La Navidad Circular continuar\u00e1 este martes y mi\u00e9rcoles en la plaza V\u00e9lez Sarsfield, de 17:00 a 21:00 horas, donde habr\u00e1 otra oportunidad para conocer productos circulares como juguetes de telas o madera, decoraci\u00f3n para el hogar, cuadros, indumentaria y accesorios de la moda circular, l\u00e1mparas, artesan\u00edas, encuadernaci\u00f3n, entre muchos otros art\u00edculos.<\/p>\n<p>Es otra propuesta para difundir h\u00e1bitos de consumo responsable mediante la compra de productos amigables con el ambiente.<\/p>\n<p>En el lugar funcionar\u00e1 el Hospital de Juguetes, donde los vecinos pueden llevar esos art\u00edculos infantiles que, tras su reparaci\u00f3n, ser\u00e1n donados a instituciones locales.<\/p>\n","protected":false},"excerpt":{"rendered":"<p>Ser\u00e1 en la Plaza de la Intendencia-H\u00e9roes de Malvinas a las 20:00. Desde las 16:00 se pueden adquirir prendas de la feria Sin Desperdicio. Tambi\u00e9n se suma para este lunes un Ecocanje: llev\u00e1 residuos secos y te regalamos adornos navide\u00f1os. La Municipalidad de C\u00f3rdoba invita a los vecinos y vecinas a participar del encendido del [&hellip;]<\/p>\n","protected":false},"author":1,"featured_media":159422,"comment_status":"closed","ping_status":"closed","sticky":false,"template":"","format":"standard","meta":[],"categories":[44],"tags":[],"_links":{"self":[{"href":"http:\/\/cordobadirecto.com\/index.php\/wp-json\/wp\/v2\/posts\/159421"}],"collection":[{"href":"http:\/\/cordobadirecto.com\/index.php\/wp-json\/wp\/v2\/posts"}],"about":[{"href":"http:\/\/cordobadirecto.com\/index.php\/wp-json\/wp\/v2\/types\/post"}],"author":[{"embeddable":true,"href":"http:\/\/cordobadirecto.com\/index.php\/wp-json\/wp\/v2\/users\/1"}],"replies":[{"embeddable":true,"href":"http:\/\/cordobadirecto.com\/index.php\/wp-json\/wp\/v2\/comments?post=159421"}],"version-history":[{"count":0,"href":"http:\/\/cordobadirecto.com\/index.php\/wp-json\/wp\/v2\/posts\/159421\/revisions"}],"wp:featuredmedia":[{"embeddable":true,"href":"http:\/\/cordobadirecto.com\/index.php\/wp-json\/wp\/v2\/media\/159422"}],"wp:attachment":[{"href":"http:\/\/cordobadirecto.com\/index.php\/wp-json\/wp\/v2\/media?parent=159421"}],"wp:term":[{"taxonomy":"category","embeddable":true,"href":"http:\/\/cordobadirecto.com\/index.php\/wp-json\/wp\/v2\/categories?post=159421"},{"taxonomy":"post_tag","embeddable":true,"href":"http:\/\/cordobadirecto.com\/index.php\/wp-json\/wp\/v2\/tags?post=159421"}],"curies":[{"name":"wp","href":"https:\/\/api.w.org\/{rel}","templated":true}]}}