{"id":159456,"date":"2024-12-10T01:28:14","date_gmt":"2024-12-10T01:28:14","guid":{"rendered":"https:\/\/cordoba.gob.ar\/?p=64987"},"modified":"2024-12-10T01:28:14","modified_gmt":"2024-12-10T01:28:14","slug":"el-arbol-navideno-de-la-economia-circular-ya-brilla-en-la-plaza-de-la-intendencia","status":"publish","type":"post","link":"http:\/\/cordobadirecto.com\/index.php\/2024\/12\/10\/el-arbol-navideno-de-la-economia-circular-ya-brilla-en-la-plaza-de-la-intendencia\/","title":{"rendered":"El \u00c1rbol Navide\u00f1o de la Econom\u00eda Circular ya brilla en la Plaza de la Intendencia"},"content":{"rendered":"<div><img src=\"http:\/\/cordobadirecto.com\/wp-content\/uploads\/2024\/12\/el-arbol-navideno-de-la-economia-circular-ya-brilla-en-la-plaza-de-la-intendencia.jpg\" class=\"ff-og-image-inserted\"><\/div>\n<ul>\n<li><strong>Passerini junto a miles de vecinos y vecinas encendieron juntos la estructura fabricada en su totalidad con elementos reciclados.<\/strong><\/li>\n<\/ul>\n<hr>\n<p>Como cada a\u00f1o, la Municipalidad de C\u00f3rdoba encendi\u00f3 el \u00c1rbol de Navidad de la Econom\u00eda Circular en pleno centro de la ciudad: la Plaza de la Intendencia-H\u00e9roes de Malvinas.<\/p>\n<p>El intendente de la ciudad de C\u00f3rdoba, Daniel Passerini, estuvo presente durante la ceremonia, al igual que miles de vecinos y vecinas que acompa\u00f1aron la tradici\u00f3n que representa la uni\u00f3n y la esperanza, y que hoy simboliza un punto de encuentro entre todos los cordobeses y cordobesas en v\u00edsperas de la navidad.<\/p>\n<p>\u00abEstamos trabajando en C\u00f3rdoba para que la Econom\u00eda Circular sea cada vez m\u00e1s grande, somos los primero en la materia de Argentina. Y este \u00e1rbol es un ejemplo y un orgullo; al igual que la feria. Incluso la energ\u00eda que va a encender el \u00e1rbol es amigable con el ambiente, porque estamos utilizando biocombustible\u00bb, fueron las palabras del intendente, en relaci\u00f3n a los materiales que conforman y la energ\u00eda que encendi\u00f3 el \u00e1rbol.<\/p>\n<p>\u00abGracias a todos por acompa\u00f1arnos, quer\u00edamos compartir con ustedes este momento especial. Que la luz de la navidad ilumine a todos los cordobeses, en los tiempos m\u00e1s dif\u00edciles tenemos que estar as\u00ed, en familia y en comunidad\u00bb, augur\u00f3 Passerini para todos los ciudadanos de C\u00f3rdoba.<\/p>\n<p>El ya cl\u00e1sico \u00c1rbol de Navidad de la Econom\u00eda Circular est\u00e1 hecho con material 100% reciclado, con elementos provenientes de los Centros Verdes que administra el Ente C\u00f3rdoba Obras y Servicios (COyS).<\/p>\n<p>Tiene en total 16 metros de altura: 14 de estructura y 2 de la estrella que corona la cima. El armaz\u00f3n donde se asientan los adornos es la misma que se reutiliza desde su primera edici\u00f3n.<\/p>\n<p>El elemento principal de este a\u00f1o es la hojalata, que le da matices brillantes tanto de d\u00eda como de noche. Son latas que los vecinos y vecinos desechan a trav\u00e9s de la correcta separaci\u00f3n domiciliaria de residuos, que pasan por un proceso de clasificaci\u00f3n y limpieza para hoy adornar el \u00e1rbol de navidad.<\/p>\n<p>Este a\u00f1o est\u00e1 caracterizado por el color rojo.<\/p>\n<p>Como novedad se incorporan guirnaldas, confeccionadas con m\u00e1s de 150.000 tapitas perforadas y enhebradas, que luego ser\u00e1n recicladas.<\/p>\n<p>Todo lo que se us\u00f3 en el \u00e1rbol que ilumina la Plaza de la Intendencia-H\u00e9roes de Malvinas ya fue utilizado alguna vez y va a poder seguir emple\u00e1ndose, generando el c\u00edrculo virtuoso de la Econom\u00eda Circular.<\/p>\n<p>Fue una obra del artista Dar\u00edo Pedreira.<\/p>\n<p>Al igual que miles de vecinos y vecinas participaron miembros del gabinete provincial y municipal, legisladores y legisladoras, concejales y concejalas, y dem\u00e1s autoridades.<\/p>\n<p>La previa fue musicalizada por la Misty Soul Choir.<\/p>\n<p><strong>Navidad Circular<\/strong><\/p>\n<p>El encendido del \u00e1rbol se da en el marco de la Navidad Circular. Desde el viernes hasta el lunes se desarroll\u00f3 en la plaza la Feria Sin Desperdicio, en su sexta edici\u00f3n, con una gran afluencia de vecinos y turistas que recorrieron los diferentes stands.<\/p>\n<p>All\u00ed pudieron comprar ropa de segunda mano y vintage trabajada desde una perspectiva de recuperaci\u00f3n y contribuyendo a la Econom\u00eda Circular.<\/p>\n<p>La Navidad Circular contin\u00faa a partir de ma\u00f1ana en la Plaza V\u00e9lez S\u00e1rsfield, hasta el d\u00eda mi\u00e9rcoles. Se podr\u00e1 visitar de 17:00 a 21:00 horas.<\/p>\n<p>All\u00ed se dar\u00e1n a conocer productos circulares de excelente calidad, realizados por alguno de los feriantes, trabajadores y trabajadoras de la econom\u00eda popular registrados, dise\u00f1adores locales independientes, cooperativas y emprendedores, que ser\u00e1n parte de la feria.<\/p>\n<p>Habr\u00e1 juguetes de telas o madera, decoraci\u00f3n para el hogar, cuadros, indumentaria, l\u00e1mparas, artesan\u00edas, encuadernaci\u00f3n, bazar, mates, art\u00edculos de cer\u00e1mica y barro, plantas, entre otros.<\/p>\n","protected":false},"excerpt":{"rendered":"<p>Passerini junto a miles de vecinos y vecinas encendieron juntos la estructura fabricada en su totalidad con elementos reciclados. Como cada a\u00f1o, la Municipalidad de C\u00f3rdoba encendi\u00f3 el \u00c1rbol de Navidad de la Econom\u00eda Circular en pleno centro de la ciudad: la Plaza de la Intendencia-H\u00e9roes de Malvinas. El intendente de la ciudad de C\u00f3rdoba, [&hellip;]<\/p>\n","protected":false},"author":1,"featured_media":159457,"comment_status":"closed","ping_status":"closed","sticky":false,"template":"","format":"standard","meta":[],"categories":[44],"tags":[],"_links":{"self":[{"href":"http:\/\/cordobadirecto.com\/index.php\/wp-json\/wp\/v2\/posts\/159456"}],"collection":[{"href":"http:\/\/cordobadirecto.com\/index.php\/wp-json\/wp\/v2\/posts"}],"about":[{"href":"http:\/\/cordobadirecto.com\/index.php\/wp-json\/wp\/v2\/types\/post"}],"author":[{"embeddable":true,"href":"http:\/\/cordobadirecto.com\/index.php\/wp-json\/wp\/v2\/users\/1"}],"replies":[{"embeddable":true,"href":"http:\/\/cordobadirecto.com\/index.php\/wp-json\/wp\/v2\/comments?post=159456"}],"version-history":[{"count":0,"href":"http:\/\/cordobadirecto.com\/index.php\/wp-json\/wp\/v2\/posts\/159456\/revisions"}],"wp:featuredmedia":[{"embeddable":true,"href":"http:\/\/cordobadirecto.com\/index.php\/wp-json\/wp\/v2\/media\/159457"}],"wp:attachment":[{"href":"http:\/\/cordobadirecto.com\/index.php\/wp-json\/wp\/v2\/media?parent=159456"}],"wp:term":[{"taxonomy":"category","embeddable":true,"href":"http:\/\/cordobadirecto.com\/index.php\/wp-json\/wp\/v2\/categories?post=159456"},{"taxonomy":"post_tag","embeddable":true,"href":"http:\/\/cordobadirecto.com\/index.php\/wp-json\/wp\/v2\/tags?post=159456"}],"curies":[{"name":"wp","href":"https:\/\/api.w.org\/{rel}","templated":true}]}}