{"id":159484,"date":"2024-12-10T21:27:32","date_gmt":"2024-12-10T21:27:32","guid":{"rendered":"https:\/\/www.ole.com.ar\/autos\/ferrari-motorizara-nuevo-equipo-formula-1-f1-cadillac-general-motors_0_wqqgpf5j2S.html"},"modified":"2024-12-10T21:27:32","modified_gmt":"2024-12-10T21:27:32","slug":"ferrari-motorizara-a-un-nuevo-equipo-en-la-formula-1","status":"publish","type":"post","link":"http:\/\/cordobadirecto.com\/index.php\/2024\/12\/10\/ferrari-motorizara-a-un-nuevo-equipo-en-la-formula-1\/","title":{"rendered":"Ferrari motorizar\u00e1 a un nuevo equipo en la F\u00f3rmula 1"},"content":{"rendered":"<p><time class=\"createDate\" datetime=\"2024-12-10T18:27:32-03:00\">10\/12\/2024 18:27hs.<\/time><\/p>\n<div id=\"storyBody\">\n<div class=\"custom-text \" readability=\"38\">\n<p>La temporada 2024 de la <strong>F\u00f3rmula 1<\/strong> cerr\u00f3 su tel\u00f3n el pasado fin de semana, dejando tras de s\u00ed emociones, consagraciones y la promesa de una parrilla que evolucionar\u00e1 de cara a la pr\u00f3xima edici\u00f3n de la competici\u00f3n. Y en ese contexto, este martes se dio a conocer un nuevo movimiento que repercutir\u00e1 en el futuro de la M\u00e1xima: <strong>Ferrari anunci\u00f3 que motorizar\u00e1 a un nuevo equipo a partir de 2026<\/strong>.<\/p>\n<\/div>\n<div class=\"custom-text \" readability=\"33.168880455408\">\n<p>La ic\u00f3nica escuder\u00eda italiana expandir\u00e1 su huella dentro de la categor\u00eda reina al convertirse en proveedor de unidades de potencia para <strong>Cadillac<\/strong>, <strong><a href=\"https:\/\/www.ole.com.ar\/tema\/0NQ6svJZph.html\" title=\"el nuevo equipo que fue confirmado hace unas semanas para sumarse a la F1 a partir de 2026\" alt=\"el nuevo equipo que fue confirmado hace unas semanas para sumarse a la F1 a partir de 2026\">el nuevo equipo que fue confirmado hace unas semanas para sumarse a la F1 a partir de 2026<\/a><\/strong>. El gigante estadounidense, que ya hab\u00eda mostrado intenciones de ingresar junto a Andretti Global, sell\u00f3 las negociaciones con su socio de lujo, que en la actualidad tambi\u00e9n provee motores y cajas de cambios para <strong>Haas <\/strong>y <strong>Sauber <\/strong>(que para 2026 pasar\u00e1 a ser Audi, con motores propios).<\/p>\n<\/div>\n<div class=\"custom-text \" readability=\"38\">\n<p>&#8220;Ferrari anuncia hoy un acuerdo plurianual a partir de 2026 con Andretti Formula Racing, relativo al suministro de la unidad de potencia y la caja de cambios al equipo de carreras dirigido por TWG Global y General Motors, <strong>sujeto a que Andretti Formula Racing LLC reciba la confirmaci\u00f3n por escrito de la FIA &#8211; F1 de que su inscripci\u00f3n en el Campeonato de F\u00f3rmula 1 de la FIA de 2026 ha sido aceptada y aprobada<\/strong>&#8220;, comunic\u00f3 el equipo de Maranello.<\/p>\n<\/div>\n<div class=\"sc-e7b891c4-0 ifHnQL image-embed\"><img alt=\"Frederic Vasseur, el director de Ferrari.\" loading=\"lazy\" width=\"720\" height=\"100\" decoding=\"async\" data-nimg=\"1\" src=\"http:\/\/cordobadirecto.com\/wp-content\/uploads\/2024\/12\/ferrari-motorizara-a-un-nuevo-equipo-en-la-formula-1.jpg\"><span class=\"epigraphe\">Frederic Vasseur, el director de Ferrari.<\/span><\/div>\n<div class=\"custom-text \" readability=\"41\">\n<p><strong>Frederic Vasseur,<\/strong> director de Ferrari, coment\u00f3: \u201cEs fant\u00e1stico ver el compromiso de otro equipo estadounidense (<strong>NdR<\/strong>: el primero con el que trabaj\u00f3 fue Haas), respaldado por una de las marcas m\u00e1s respetadas de la industria del motor, <strong>en un momento en el que la F\u00f3rmula 1 est\u00e1 ganando popularidad en Estados Unidos. <\/strong>Por ello, estamos encantados de poder suministrar al equipo nuestro motor y nuestra caja de cambios como base de esta colaboraci\u00f3n t\u00e9cnica. Esto significa que <strong>seguiremos teniendo dos equipos cliente en el campeonato<\/strong>, con todos los beneficios que ello conlleva en t\u00e9rminos de desarrollo t\u00e9cnico\u201d.<\/p>\n<\/div>\n<div class=\"custom-text \" readability=\"40\">\n<p>En tanto, <strong>Graeme Lowdon<\/strong>, director de Cadillac, a\u00f1adi\u00f3: \u201cEstamos encantados de asociarnos con Ferrari como proveedor de unidades de potencia y cajas de cambios para nuestro equipo, uniendo dos legados notables. Elegir el socio adecuado para la unidad de potencia es crucial y<strong> confiamos en la pasi\u00f3n, la excelencia y las capacidades excepcionales de Ferrari<\/strong>\u201d.<\/p>\n<\/div>\n<div class=\"sc-e7b891c4-0 ifHnQL image-embed\"><img alt=\"Ferrari sell\u00f3 su alianza comercial con Cadillac para proveerle unidades de potencia a partir de 2026. (REUTERS\/Mike Blake)\" loading=\"lazy\" width=\"720\" height=\"100\" decoding=\"async\" data-nimg=\"1\" src=\"http:\/\/cordobadirecto.com\/wp-content\/uploads\/2024\/12\/ferrari-motorizara-a-un-nuevo-equipo-en-la-formula-1-1.jpg\"><span class=\"epigraphe\">Ferrari sell\u00f3 su alianza comercial con Cadillac para proveerle unidades de potencia a partir de 2026. (REUTERS\/Mike Blake)<\/span><\/div>\n<p><h2><strong>As\u00ed se dio la llegada de Cadillac a la F1 para 2026<\/strong><\/h2>\n<\/p>\n<div class=\"custom-text \" readability=\"38\">\n<p><strong>La aparici\u00f3n de un und\u00e9cimo equipo parec\u00eda una necesidad<\/strong>, y la FIA apretaba para que sucediera de una buena vez. Luego de mucho rumoreo, se confirm\u00f3 que General Motors desembarcar\u00e1 en la M\u00e1xima a partir del 2026 y que utilizar\u00e1 el proyecto que ya tiene creado Andretti Global, <strong>con sus instalaciones en Silverstone como columna vertebral.<\/strong><\/p>\n<\/div>\n<div class=\"custom-text \" readability=\"40\">\n<p>La aparici\u00f3n de marcas es una buena noticia para la M\u00e1xima, repleta de equipos clientes (constructores que usan motores de otras compa\u00f1\u00edas, como Haas con Ferrari, Williams con Mercedes y Red Bull con Honda). Para colmo, <strong>es un hecho que Renault dejar\u00e1 de proveer unidades de potencia<\/strong>, haciendo que<strong> <\/strong>Alpine pase a ser motorizado por Mercedes. Ahora se sumar\u00e1 una m\u00e1s al baile&#8230;<\/p>\n<\/div>\n<div class=\"sc-e7b891c4-0 ifHnQL image-embed\"><img alt=\"Andretti-Cadillac en la F1.\" loading=\"lazy\" width=\"720\" height=\"100\" decoding=\"async\" data-nimg=\"1\" src=\"http:\/\/cordobadirecto.com\/wp-content\/uploads\/2024\/12\/ferrari-motorizara-a-un-nuevo-equipo-en-la-formula-1-2.jpg\"><span class=\"epigraphe\">Andretti-Cadillac en la F1.<\/span><\/div>\n<div class=\"sc-a7166897-0 eoLsBE\" readability=\"6\">\n<section readability=\"2\"><picture><img alt=\"Franco Colapinto y la F\u00f3rmula 1: las se\u00f1ales con Alpine y una noticia que no ayuda\" loading=\"lazy\" width=\"290\" height=\"290\" decoding=\"async\" data-nimg=\"1\" src=\"http:\/\/cordobadirecto.com\/wp-content\/uploads\/2024\/12\/ferrari-motorizara-a-un-nuevo-equipo-en-la-formula-1-3.jpg\"><\/picture>\n<p><span>Mir\u00e1 tambi\u00e9n<\/span><\/p>\n<hr>\n<h3>Franco Colapinto y la F\u00f3rmula 1: las se\u00f1ales con Alpine y una noticia que no ayuda<\/h3>\n<\/p>\n<\/section>\n<\/div>\n<div class=\"sc-a7166897-0 eoLsBE\" readability=\"6\">\n<section readability=\"2\"><picture><img alt=\"Qui\u00e9n es el argentino que se medir\u00e1 con una figura emergente de la F\u00f3rmula 1\" loading=\"lazy\" width=\"290\" height=\"290\" decoding=\"async\" data-nimg=\"1\" src=\"http:\/\/cordobadirecto.com\/wp-content\/uploads\/2024\/12\/ferrari-motorizara-a-un-nuevo-equipo-en-la-formula-1-4.jpg\"><\/picture>\n<p><span>Mir\u00e1 tambi\u00e9n<\/span><\/p>\n<hr>\n<h3>Qui\u00e9n es el argentino que se medir\u00e1 con una figura emergente de la F\u00f3rmula 1<\/h3>\n<\/p>\n<\/section>\n<\/div>\n<div class=\"sc-a7166897-0 eoLsBE\" readability=\"7\">\n<section readability=\"4\"><picture><img alt=\"Tras la salida de Franco Colapinto, Sainz sorprendi\u00f3 con Williams en el test de postemporada de la F\u00f3rmula 1\" loading=\"lazy\" width=\"290\" height=\"290\" decoding=\"async\" data-nimg=\"1\" src=\"http:\/\/cordobadirecto.com\/wp-content\/uploads\/2024\/12\/ferrari-motorizara-a-un-nuevo-equipo-en-la-formula-1-5.jpg\"><\/picture>\n<p><span>Mir\u00e1 tambi\u00e9n<\/span><\/p>\n<hr>\n<h3>Tras la salida de Franco Colapinto, Sainz sorprendi\u00f3 con Williams en el test de postemporada de la F\u00f3rmula 1<\/h3>\n<\/p>\n<\/section>\n<\/div>\n<div class=\"sc-a7166897-0 eoLsBE\" readability=\"6.5\">\n<section readability=\"3\"><picture><img alt=\"El cari\u00f1o de Williams hacia Colapinto: &quot;Desde que llegaste se sinti\u00f3 la positividad&quot;\" loading=\"lazy\" width=\"290\" height=\"290\" decoding=\"async\" data-nimg=\"1\" src=\"http:\/\/cordobadirecto.com\/wp-content\/uploads\/2024\/12\/ferrari-motorizara-a-un-nuevo-equipo-en-la-formula-1-6.jpg\"><\/picture>\n<p><span>Mir\u00e1 tambi\u00e9n<\/span><\/p>\n<hr>\n<h3>El cari\u00f1o de Williams hacia Colapinto: &#8220;Desde que llegaste se sinti\u00f3 la positividad&#8221;<\/h3>\n<\/p>\n<\/section>\n<\/div>\n<\/div>\n","protected":false},"excerpt":{"rendered":"<p>10\/12\/2024 18:27hs. La temporada 2024 de la F\u00f3rmula 1 cerr\u00f3 su tel\u00f3n el pasado fin de semana, dejando tras de s\u00ed emociones, consagraciones y la promesa de una parrilla que evolucionar\u00e1 de cara a la pr\u00f3xima edici\u00f3n de la competici\u00f3n. Y en ese contexto, este martes se dio a conocer un nuevo movimiento que repercutir\u00e1 [&hellip;]<\/p>\n","protected":false},"author":1,"featured_media":159485,"comment_status":"closed","ping_status":"closed","sticky":false,"template":"","format":"standard","meta":[],"categories":[21],"tags":[],"_links":{"self":[{"href":"http:\/\/cordobadirecto.com\/index.php\/wp-json\/wp\/v2\/posts\/159484"}],"collection":[{"href":"http:\/\/cordobadirecto.com\/index.php\/wp-json\/wp\/v2\/posts"}],"about":[{"href":"http:\/\/cordobadirecto.com\/index.php\/wp-json\/wp\/v2\/types\/post"}],"author":[{"embeddable":true,"href":"http:\/\/cordobadirecto.com\/index.php\/wp-json\/wp\/v2\/users\/1"}],"replies":[{"embeddable":true,"href":"http:\/\/cordobadirecto.com\/index.php\/wp-json\/wp\/v2\/comments?post=159484"}],"version-history":[{"count":0,"href":"http:\/\/cordobadirecto.com\/index.php\/wp-json\/wp\/v2\/posts\/159484\/revisions"}],"wp:featuredmedia":[{"embeddable":true,"href":"http:\/\/cordobadirecto.com\/index.php\/wp-json\/wp\/v2\/media\/159485"}],"wp:attachment":[{"href":"http:\/\/cordobadirecto.com\/index.php\/wp-json\/wp\/v2\/media?parent=159484"}],"wp:term":[{"taxonomy":"category","embeddable":true,"href":"http:\/\/cordobadirecto.com\/index.php\/wp-json\/wp\/v2\/categories?post=159484"},{"taxonomy":"post_tag","embeddable":true,"href":"http:\/\/cordobadirecto.com\/index.php\/wp-json\/wp\/v2\/tags?post=159484"}],"curies":[{"name":"wp","href":"https:\/\/api.w.org\/{rel}","templated":true}]}}