{"id":159486,"date":"2024-12-11T02:11:10","date_gmt":"2024-12-11T02:11:10","guid":{"rendered":"https:\/\/www.ole.com.ar\/ascenso\/ascenso-primera-nacional-san-martin-tucuman-forestello_0_p7Z3hwscHc.html"},"modified":"2024-12-11T02:11:10","modified_gmt":"2024-12-11T02:11:10","slug":"operativo-dt-san-martin-de-tucuman-va-por-un-conocido-de-la-casa","status":"publish","type":"post","link":"http:\/\/cordobadirecto.com\/index.php\/2024\/12\/11\/operativo-dt-san-martin-de-tucuman-va-por-un-conocido-de-la-casa\/","title":{"rendered":"Operativo DT: San Mart\u00edn de Tucum\u00e1n va por un conocido de la casa"},"content":{"rendered":"<p><time class=\"createDate\" datetime=\"2024-12-10T19:47:44-03:00\">10\/12\/2024 19:47hs.<\/time><\/p>\n<div id=\"storyBody\">\n<div class=\"custom-text \" readability=\"26.545454545455\">\n<p><strong>La frustrada doble chance de ascenso a la<a href=\"https:\/\/www.ole.com.ar\/tema\/liga-profesional.html\" title=\"Liga Profesional\" alt=\"Liga Profesional\" class=\"slug\"> Liga Profesional <\/a>peg\u00f3 fuerte en <a href=\"https:\/\/www.ole.com.ar\/tema\/san-martin-tucuman.html\" title=\"San Mart\u00edn Tucum\u00e1n\" alt=\"San Mart\u00edn Tucum\u00e1n\" class=\"slug\">San Mart\u00edn de Tucum\u00e1n<\/a>.<\/strong> Tanto que, tras la eliminaci\u00f3n a manos de<a href=\"https:\/\/www.ole.com.ar\/tema\/gimnasia-de-mendoza.html\" title=\"Gimnasia de Mendoza\" alt=\"Gimnasia de Mendoza\" class=\"slug\"> Gimnasia de Mendoza<\/a> en el Reducido (que decret\u00f3 una temporada m\u00e1s en el <a href=\"https:\/\/www.ole.com.ar\/tema\/primera-nacional.html\" title=\"Primera Nacional\" alt=\"Primera Nacional\" class=\"slug\">Nacional<\/a>)<strong> se produjo la salida de <a href=\"https:\/\/www.ole.com.ar\/tema\/diego-flores.html\" title=\"Diego Flores\" alt=\"Diego Flores\" class=\"slug\">Diego Flores<\/a>, su ahora ex t\u00e9cnico del equipo. <\/strong><\/p>\n<\/div>\n<div class=\"custom-text \" readability=\"33.759124087591\">\n<p>La comisi\u00f3n directiva del conjunto tucumano comenz\u00f3 a moverse para cerrar r\u00e1pidamente al reemplazante del Traductor. As\u00ed, dentro de la danza de nombres, apareci\u00f3 uno que tom\u00f3 fuerza y pic\u00f3 en punta . Se trata de <strong><a href=\"https:\/\/www.ole.com.ar\/tema\/ruben-forestello.html\" title=\"Rub\u00e9n Forestello\" alt=\"Rub\u00e9n Forestello\" class=\"slug\">Rub\u00e9n Dar\u00edo Forestello<\/a>, un viejo conocido de la casa. <\/strong><\/p>\n<\/div>\n<div class=\"custom-text \" readability=\"38\">\n<p>Tras desvincularse hace dos semanas de Gimnasia y Tiro de Salta, el Yagui fue pretendido por otros clubes importantes de la categor\u00eda como Chacarita, Col\u00f3n de Santa Fe y Patronato, entre otros. Sin embargo, <strong>la propuesta del Santo fue la m\u00e1s seductora. <\/strong><\/p>\n<\/div>\n<div class=\"custom-text \" readability=\"39\">\n<p>Ya existieron reuniones entre la c\u00fapula dirigencial y el t\u00e9cnico oriundo de La Pampa. Seg\u00fan pudo averiguar <strong>Ol\u00e9<\/strong>, las partes quedaron conformes y, <strong>de no mediar inconvenientes, el acuerdo podr\u00eda cerrarse en el transcurso de esta semana<\/strong>. En el caso de concretarse, el entrenador afrontar\u00e1 su segundo ciclo en el equipo de La Ciudadela.<\/p>\n<\/div>\n<p><h2><strong>El paso de Forestello por San Mart\u00edn de Tucum\u00e1n<\/strong><\/h2>\n<\/p>\n<div class=\"custom-text \" readability=\"38\">\n<p>Forestello dej\u00f3 una marca imborrable en este club. En la temporada 2017\/18 <strong>qued\u00f3 en la historia grande del Santo Tucumano, <\/strong>gracias finaliz\u00f3 tercero con 39 unidades y se consagr\u00f3 en el octogonal: dej\u00f3 en el camino a Villa D\u00e1lmine (3-3 global y avanz\u00f3 por tener ventaja deportiva), Agropecuario de Carlos Casares (3-0 global) y Sarmiento de Jun\u00edn (5-2 global). De esa manera,<strong> subi\u00f3 a la m\u00e1xima categor\u00eda del f\u00fatbol argentino. <\/strong><\/p>\n<\/div>\n<div class=\"sc-e7b891c4-0 ifHnQL image-embed\"><img alt=\"Forestello ascendi\u00f3 a Primera con San Mart\u00edn \" loading=\"lazy\" width=\"720\" height=\"100\" decoding=\"async\" data-nimg=\"1\" src=\"http:\/\/cordobadirecto.com\/wp-content\/uploads\/2024\/12\/operativo-dt-san-martin-de-tucuman-va-por-un-conocido-de-la-casa.jpg\"><span class=\"epigraphe\">Forestello ascendi\u00f3 a Primera con San Mart\u00edn <\/span><\/div>\n<div class=\"custom-text \" readability=\"38\">\n<p>Ya en la Superliga 2018\/19 la historia no fue positiva. Dur\u00f3 solo cinco fechas en le cargo, tras cosechar apenas dos unidades producto de dos empates y tres derrotas. En total, <strong>durante su paso por San Mart\u00edn de Tucum\u00e1n, sum\u00f3 nueve triunfos, misma cantidad de igualdades y seis ca\u00eddas. <\/strong><\/p>\n<\/div>\n<p><h2><strong>Los otros candidatos para dirigir al Santo<\/strong><\/h2>\n<\/p>\n<div class=\"custom-text \" readability=\"41\">\n<p>Pese a que Forestello es la opci\u00f3n A, <strong>hay otros nombres que se deslizaron entre los integrantes de la CD o fueron ofrecidos. Ellos son Daniel Oldr\u00e1 <\/strong>(de \u00faltimo paso por Godoy Cruz, interes\u00f3 en la dirigencia), <strong>Israel Damonte<\/strong> (recientemente dej\u00f3 su cargo en Sarmiento de Jun\u00edn), <strong>Dav\u00edd Trezeguet<\/strong> (da sus primeros pasos como det\u00e9 y fue acercado su nombre) y <strong>Leandro Romagnoli,<\/strong> (con experiencia en San Lorenzo, tambi\u00e9n fue ofrecido).<\/p>\n<\/div>\n<div class=\"sc-e7b891c4-0 ifHnQL image-embed\"><img alt=\"Romagnoli fue ofrecido a San Mart\u00edn de Tucum\u00e1n\" loading=\"lazy\" width=\"720\" height=\"100\" decoding=\"async\" data-nimg=\"1\" src=\"http:\/\/cordobadirecto.com\/wp-content\/uploads\/2024\/12\/operativo-dt-san-martin-de-tucuman-va-por-un-conocido-de-la-casa-1.jpg\"><span class=\"epigraphe\">Romagnoli fue ofrecido a San Mart\u00edn de Tucum\u00e1n<\/span><\/div>\n<div class=\"sc-a7166897-0 eoLsBE\" readability=\"6\">\n<section readability=\"2\"><picture><img alt=\"Diego Mart\u00ednez a punto de asumir en un grande de Paraguay\" loading=\"lazy\" width=\"290\" height=\"290\" decoding=\"async\" data-nimg=\"1\" src=\"http:\/\/cordobadirecto.com\/wp-content\/uploads\/2024\/12\/operativo-dt-san-martin-de-tucuman-va-por-un-conocido-de-la-casa-2.jpg\"><\/picture>\n<p><span>Mir\u00e1 tambi\u00e9n<\/span><\/p>\n<hr>\n<h3>Diego Mart\u00ednez a punto de asumir en un grande de Paraguay<\/h3>\n<\/p>\n<\/section>\n<\/div>\n<div class=\"sc-a7166897-0 eoLsBE\" readability=\"7\">\n<section readability=\"4\"><picture><img alt=\"Con regresos importantes y dudas centrales, la formaci\u00f3n que piensa Gago para el cl\u00e1sico con Independiente\" loading=\"lazy\" width=\"290\" height=\"290\" decoding=\"async\" data-nimg=\"1\" src=\"http:\/\/cordobadirecto.com\/wp-content\/uploads\/2024\/12\/operativo-dt-san-martin-de-tucuman-va-por-un-conocido-de-la-casa-3.jpg\"><\/picture>\n<p><span>Mir\u00e1 tambi\u00e9n<\/span><\/p>\n<hr>\n<h3>Con regresos importantes y dudas centrales, la formaci\u00f3n que piensa Gago para el cl\u00e1sico con Independiente<\/h3>\n<\/p>\n<\/section>\n<\/div>\n<div class=\"sc-a7166897-0 eoLsBE\" readability=\"6\">\n<section readability=\"2\"><picture><img alt=\"Boca lo blinda: el jugador que empez\u00f3 a crecer con Gago y firma un nuevo contrato \" loading=\"lazy\" width=\"290\" height=\"290\" decoding=\"async\" data-nimg=\"1\" src=\"http:\/\/cordobadirecto.com\/wp-content\/uploads\/2024\/12\/operativo-dt-san-martin-de-tucuman-va-por-un-conocido-de-la-casa-4.jpg\"><\/picture>\n<p><span>Mir\u00e1 tambi\u00e9n<\/span><\/p>\n<hr>\n<h3>Boca lo blinda: el jugador que empez\u00f3 a crecer con Gago y firma un nuevo contrato <\/h3>\n<\/p>\n<\/section>\n<\/div>\n<div class=\"sc-a7166897-0 eoLsBE\" readability=\"6\">\n<section readability=\"2\"><picture><img alt=\"Marcone dej\u00f3 picando su posible adi\u00f3s a Independiente\" loading=\"lazy\" width=\"290\" height=\"290\" decoding=\"async\" data-nimg=\"1\" src=\"http:\/\/cordobadirecto.com\/wp-content\/uploads\/2024\/12\/operativo-dt-san-martin-de-tucuman-va-por-un-conocido-de-la-casa-5.jpg\"><\/picture>\n<p><span>Mir\u00e1 tambi\u00e9n<\/span><\/p>\n<hr>\n<h3>Marcone dej\u00f3 picando su posible adi\u00f3s a Independiente<\/h3>\n<\/p>\n<\/section>\n<\/div>\n<\/div>\n","protected":false},"excerpt":{"rendered":"<p>10\/12\/2024 19:47hs. La frustrada doble chance de ascenso a la Liga Profesional peg\u00f3 fuerte en San Mart\u00edn de Tucum\u00e1n. Tanto que, tras la eliminaci\u00f3n a manos de Gimnasia de Mendoza en el Reducido (que decret\u00f3 una temporada m\u00e1s en el Nacional) se produjo la salida de Diego Flores, su ahora ex t\u00e9cnico del equipo. La [&hellip;]<\/p>\n","protected":false},"author":1,"featured_media":159487,"comment_status":"closed","ping_status":"closed","sticky":false,"template":"","format":"standard","meta":[],"categories":[21],"tags":[],"_links":{"self":[{"href":"http:\/\/cordobadirecto.com\/index.php\/wp-json\/wp\/v2\/posts\/159486"}],"collection":[{"href":"http:\/\/cordobadirecto.com\/index.php\/wp-json\/wp\/v2\/posts"}],"about":[{"href":"http:\/\/cordobadirecto.com\/index.php\/wp-json\/wp\/v2\/types\/post"}],"author":[{"embeddable":true,"href":"http:\/\/cordobadirecto.com\/index.php\/wp-json\/wp\/v2\/users\/1"}],"replies":[{"embeddable":true,"href":"http:\/\/cordobadirecto.com\/index.php\/wp-json\/wp\/v2\/comments?post=159486"}],"version-history":[{"count":0,"href":"http:\/\/cordobadirecto.com\/index.php\/wp-json\/wp\/v2\/posts\/159486\/revisions"}],"wp:featuredmedia":[{"embeddable":true,"href":"http:\/\/cordobadirecto.com\/index.php\/wp-json\/wp\/v2\/media\/159487"}],"wp:attachment":[{"href":"http:\/\/cordobadirecto.com\/index.php\/wp-json\/wp\/v2\/media?parent=159486"}],"wp:term":[{"taxonomy":"category","embeddable":true,"href":"http:\/\/cordobadirecto.com\/index.php\/wp-json\/wp\/v2\/categories?post=159486"},{"taxonomy":"post_tag","embeddable":true,"href":"http:\/\/cordobadirecto.com\/index.php\/wp-json\/wp\/v2\/tags?post=159486"}],"curies":[{"name":"wp","href":"https:\/\/api.w.org\/{rel}","templated":true}]}}