{"id":159538,"date":"2024-12-11T21:34:48","date_gmt":"2024-12-11T21:34:48","guid":{"rendered":"https:\/\/www.ole.com.ar\/autos\/formula1-franco-colapinto-alpine-declaraciones-jack-doohan_0_yPw4WKCkbN.html"},"modified":"2024-12-11T21:34:48","modified_gmt":"2024-12-11T21:34:48","slug":"atencion-colapinto-doohan-se-mostro-confiado-para-seguir-en-alpine-en-2025","status":"publish","type":"post","link":"http:\/\/cordobadirecto.com\/index.php\/2024\/12\/11\/atencion-colapinto-doohan-se-mostro-confiado-para-seguir-en-alpine-en-2025\/","title":{"rendered":"Atenci\u00f3n Colapinto: Doohan se mostr\u00f3 confiado para seguir en Alpine en 2025"},"content":{"rendered":"<p><time class=\"createDate\" datetime=\"2024-12-11T16:34:48-05:00\">11\/12\/2024 16:34hs.<\/time><\/p>\n<div id=\"storyBody\">\n<div class=\"custom-text \" readability=\"30.863636363636\">\n<p>El futuro de <strong><a href=\"https:\/\/www.ole.com.ar\/tema\/franco-colapinto.html\" title=\"Franco Colapinto\" alt=\"Franco Colapinto\" class=\"slug\">Franco Colapinto<\/a><\/strong> en la <strong><a href=\"https:\/\/www.ole.com.ar\/tema\/formula-1.html\" title=\"F\u00f3rmula 1\" alt=\"F\u00f3rmula 1\" class=\"slug\">F\u00f3rmula 1<\/a><\/strong> a\u00fan es una completa inc\u00f3gnita. A la espera de una confirmaci\u00f3n, los rumores sobre un posible arribo a <strong>Alpine <\/strong>siguen resonando con fuerza dentro del entorno de la M\u00e1xima.<\/p>\n<\/div>\n<div class=\"custom-text \" readability=\"35\">\n<p>Ahora bien, el equipo de Enstone ya cuenta con dos pilotos confirmados: <strong>Pierre Gasly<\/strong> y el novato<strong> Jack Doohan<\/strong>, quien corri\u00f3 en el lugar de <strong>Esteban Ocon<\/strong> durante el <strong>Gran Premio de Abu Dhabi<\/strong>.<\/p>\n<\/div>\n<div class=\"sc-e7b891c4-0 ifHnQL image-embed\"><img alt=\"Doohan estuvo presente durante las pruebas post temporada y dio unas vueltas en el Alpine. (EFE)\" loading=\"lazy\" width=\"720\" height=\"100\" decoding=\"async\" data-nimg=\"1\" src=\"http:\/\/cordobadirecto.com\/wp-content\/uploads\/2024\/12\/atencion-colapinto-doohan-se-mostro-confiado-para-seguir-en-alpine-en-2025.jpg\"><span class=\"epigraphe\">Doohan estuvo presente durante las pruebas post temporada y dio unas vueltas en el Alpine. (EFE)<\/span><\/div>\n<div class=\"custom-text \" readability=\"38\">\n<p>No obstante, <strong>hay dos puntos claves que enlazan a Colapinto con Alpine<\/strong>. El primero, <strong>son los elogios de<\/strong> <strong>Flavio Briatore<\/strong>, el asesor deportivo de la escuder\u00eda francesa, <strong>quien se encarga de enaltecer la figura del argentino<\/strong> cada vez que se le menciona el nombre de Franco.<\/p>\n<\/div>\n<div class=\"custom-text \" readability=\"35\">\n<p>El segundo, es la <strong>cl\u00e1usula <\/strong>que existir\u00eda dentro del contrato del Doohan, la cual indicar\u00eda que <strong>su vinculo podr\u00eda verse interrumpido seg\u00fan el rendimiento en las primeras seis carreras.<\/strong><\/p>\n<\/div>\n<p><h2><strong>El posteo que comparti\u00f3 Jack Doohan, tras los rumores que vinculan a Colapinto a Alpine<\/strong><\/h2>\n<\/p>\n<div class=\"custom-text \" readability=\"38\">\n<p>&#8220;Muy agradecido por el conocimiento y la experiencia que adquir\u00ed, es un d\u00eda con el que hab\u00eda so\u00f1ado toda mi vida. Un gran agradecimiento a todo el equipo de Alpine por este fin de semana, <strong>no podr\u00eda estar m\u00e1s feliz de cara a mi temporada de debut en 2025<\/strong>&#8220;, expresa el mensaje escrito por el nacido en Gold Coast en sus plataformas sociales.<\/p>\n<\/div>\n<div class=\"custom-embedhtml\" readability=\"6.5653495440729\">\n<blockquote class=\"twitter-tweet\" readability=\"7.3860182370821\">\n<p lang=\"en\" dir=\"ltr\">Debut <a href=\"https:\/\/twitter.com\/F1?ref_src=twsrc%5Etfw\">@F1<\/a> Grand Prix in the books. Extremely grateful for the knowledge and experience gained, a day I had dreamt about my whole life. A big thank you to the entire <a href=\"https:\/\/twitter.com\/AlpineF1Team?ref_src=twsrc%5Etfw\">@AlpineF1Team<\/a> for the weekend, couldn\u2019t be happier going into my debut season in 2025! <a href=\"https:\/\/t.co\/TkCN86490i\">pic.twitter.com\/TkCN86490i<\/a><\/p>\n<p>\u2014 Jack Doohan (@jackdoohan33) <a href=\"https:\/\/twitter.com\/jackdoohan33\/status\/1866767170342191521?ref_src=twsrc%5Etfw\">December 11, 2024<\/a><\/p><\/blockquote><\/div>\n<p><h2><strong>Las declaraciones de Flavio Briatore que ilusionan a Colapinto<\/strong><\/h2>\n<\/p>\n<div class=\"custom-text \" readability=\"39\">\n<p>El italiano, tras ser consultado por el futuro de Doohan en Alpine y una posible llegada de Colapinto, asegur\u00f3: &#8220;Mi trabajo es poner a Alpine en lo m\u00e1s alto, y <strong>nunca hay lugar para los sentimientos en la F1<\/strong>\u201d. Lo cierto es que Briatore es el representante del aussie y no le temblar\u00eda el pulso para bajarlo de la butaca, en caso de que as\u00ed lo deseara.<\/p>\n<\/div>\n<div class=\"sc-e7b891c4-0 ifHnQL image-embed\"><img alt=\"Las palabras del asesor deportivo de Alpine sobre Doohan y Colapinto. (Reuters)\" loading=\"lazy\" width=\"720\" height=\"100\" decoding=\"async\" data-nimg=\"1\" src=\"http:\/\/cordobadirecto.com\/wp-content\/uploads\/2024\/12\/atencion-colapinto-doohan-se-mostro-confiado-para-seguir-en-alpine-en-2025-1.jpg\"><span class=\"epigraphe\">Las palabras del asesor deportivo de Alpine sobre Doohan y Colapinto. (Reuters)<\/span><\/div>\n<div class=\"sc-a7166897-0 eoLsBE\" readability=\"6\">\n<section readability=\"2\"><picture><img alt=\"Varrone se subi\u00f3 a un F\u00f3rmula 2 y recibi\u00f3 una buena noticia\" loading=\"lazy\" width=\"290\" height=\"290\" decoding=\"async\" data-nimg=\"1\" src=\"http:\/\/cordobadirecto.com\/wp-content\/uploads\/2024\/12\/atencion-colapinto-doohan-se-mostro-confiado-para-seguir-en-alpine-en-2025-2.jpg\"><\/picture>\n<p><span>Mir\u00e1 tambi\u00e9n<\/span><\/p>\n<hr>\n<h3>Varrone se subi\u00f3 a un F\u00f3rmula 2 y recibi\u00f3 una buena noticia<\/h3>\n<\/p>\n<\/section>\n<\/div>\n<div class=\"sc-a7166897-0 eoLsBE\" readability=\"6.5\">\n<section readability=\"3\"><picture><img alt=\"James Vowles, impresionado por el impacto de Colapinto en la F1\" loading=\"lazy\" width=\"290\" height=\"290\" decoding=\"async\" data-nimg=\"1\" src=\"http:\/\/cordobadirecto.com\/wp-content\/uploads\/2024\/12\/atencion-colapinto-doohan-se-mostro-confiado-para-seguir-en-alpine-en-2025-3.jpg\"><\/picture>\n<p><span>Mir\u00e1 tambi\u00e9n<\/span><\/p>\n<hr>\n<h3>James Vowles, impresionado por el impacto de Colapinto en la F1<\/h3>\n<\/p>\n<\/section>\n<\/div>\n<div class=\"sc-a7166897-0 eoLsBE\" readability=\"6\">\n<section readability=\"2\"><picture><img alt=\"La F\u00f3rmula 1 har\u00e1 historia a partir de 2025\" loading=\"lazy\" width=\"290\" height=\"290\" decoding=\"async\" data-nimg=\"1\" src=\"http:\/\/cordobadirecto.com\/wp-content\/uploads\/2024\/12\/atencion-colapinto-doohan-se-mostro-confiado-para-seguir-en-alpine-en-2025-4.jpg\"><\/picture>\n<p><span>Mir\u00e1 tambi\u00e9n<\/span><\/p>\n<hr>\n<h3>La F\u00f3rmula 1 har\u00e1 historia a partir de 2025<\/h3>\n<\/p>\n<\/section>\n<\/div>\n<\/div>\n","protected":false},"excerpt":{"rendered":"<p>11\/12\/2024 16:34hs. El futuro de Franco Colapinto en la F\u00f3rmula 1 a\u00fan es una completa inc\u00f3gnita. A la espera de una confirmaci\u00f3n, los rumores sobre un posible arribo a Alpine siguen resonando con fuerza dentro del entorno de la M\u00e1xima. Ahora bien, el equipo de Enstone ya cuenta con dos pilotos confirmados: Pierre Gasly y [&hellip;]<\/p>\n","protected":false},"author":1,"featured_media":159539,"comment_status":"closed","ping_status":"closed","sticky":false,"template":"","format":"standard","meta":[],"categories":[21],"tags":[],"_links":{"self":[{"href":"http:\/\/cordobadirecto.com\/index.php\/wp-json\/wp\/v2\/posts\/159538"}],"collection":[{"href":"http:\/\/cordobadirecto.com\/index.php\/wp-json\/wp\/v2\/posts"}],"about":[{"href":"http:\/\/cordobadirecto.com\/index.php\/wp-json\/wp\/v2\/types\/post"}],"author":[{"embeddable":true,"href":"http:\/\/cordobadirecto.com\/index.php\/wp-json\/wp\/v2\/users\/1"}],"replies":[{"embeddable":true,"href":"http:\/\/cordobadirecto.com\/index.php\/wp-json\/wp\/v2\/comments?post=159538"}],"version-history":[{"count":0,"href":"http:\/\/cordobadirecto.com\/index.php\/wp-json\/wp\/v2\/posts\/159538\/revisions"}],"wp:featuredmedia":[{"embeddable":true,"href":"http:\/\/cordobadirecto.com\/index.php\/wp-json\/wp\/v2\/media\/159539"}],"wp:attachment":[{"href":"http:\/\/cordobadirecto.com\/index.php\/wp-json\/wp\/v2\/media?parent=159538"}],"wp:term":[{"taxonomy":"category","embeddable":true,"href":"http:\/\/cordobadirecto.com\/index.php\/wp-json\/wp\/v2\/categories?post=159538"},{"taxonomy":"post_tag","embeddable":true,"href":"http:\/\/cordobadirecto.com\/index.php\/wp-json\/wp\/v2\/tags?post=159538"}],"curies":[{"name":"wp","href":"https:\/\/api.w.org\/{rel}","templated":true}]}}