{"id":159544,"date":"2024-12-11T19:21:22","date_gmt":"2024-12-11T19:21:22","guid":{"rendered":"https:\/\/es.digitaltrends.com\/?p=1050579"},"modified":"2024-12-11T19:21:22","modified_gmt":"2024-12-11T19:21:22","slug":"se-te-cayo-whatsapp-instagram-o-facebook-meta-admite-falla","status":"publish","type":"post","link":"http:\/\/cordobadirecto.com\/index.php\/2024\/12\/11\/se-te-cayo-whatsapp-instagram-o-facebook-meta-admite-falla\/","title":{"rendered":"\u00bfSe te cay\u00f3 WhatsApp, Instagram o Facebook? Meta admite falla"},"content":{"rendered":"<figure id=\"attachment_1013995\" aria-describedby=\"caption-attachment-1013995\" class=\"wp-caption alignnone\"><img src=\"http:\/\/cordobadirecto.com\/wp-content\/uploads\/2024\/12\/se-te-cayo-whatsapp-instagram-o-facebook-meta-admite-falla.jpg\" data-dt-lazy-src=\"http:\/\/cordobadirecto.com\/wp-content\/uploads\/2024\/12\/se-te-cayo-whatsapp-instagram-o-facebook-meta-admite-falla.jpg\" fetchpriority=\"high\" decoding=\"async\" class=\" size-full wp-image-1013995 h-lightbox is-zoomable dt-lazy-no\" alt=\"Desbloquear Instagram.\" srcset=\"http:\/\/cordobadirecto.com\/wp-content\/uploads\/2024\/12\/se-te-cayo-whatsapp-instagram-o-facebook-meta-admite-falla-1.jpg 414w, https:\/\/es.digitaltrends.com\/wp-content\/uploads\/2023\/12\/desbloquear-instagram.jpeg?fit=720%2C480&amp;p=1\" sizes=\"(max-width: 650px) 414px\"><figcaption id=\"caption-attachment-1013995\" class=\"wp-caption-text\"><span class=\"credit\">Deagreez \/ Adobe Stock<\/span><\/figcaption><\/figure>\n<p>Es posible que seas uno de los desafortunados usuarios que est\u00e9 reclamando en este momento porque se qued\u00f3 sin <a href=\"https:\/\/es.digitaltrends.com\/sociales\/como-desbloquear-a-alguien-en-instagram\/\"><strong>Instagram<\/strong><\/a>, <a href=\"https:\/\/es.digitaltrends.com\/celular\/whatsapp-web-en-windows-y-mac\/\"><strong>WhatsApp<\/strong><\/a> o <a href=\"https:\/\/es.digitaltrends.com\/sociales\/pasos-antes-de-eliminar-cuenta-de-facebook\/\"><strong>Facebook<\/strong><\/a>. Lo cierto es que Meta ha admitido que tiene una falla que est\u00e1 provocando una ca\u00edda masiva.<\/p>\n<p>\u00abSomos conscientes de que un problema t\u00e9cnico est\u00e1 afectando a la capacidad de algunos usuarios para acceder a nuestras aplicaciones\u00bb,&nbsp;<a href=\"https:\/\/x.com\/Meta\/status\/1866918000374280593\">dice Meta en X<\/a>. \u00abEstamos trabajando para que las cosas vuelvan a la normalidad lo m\u00e1s r\u00e1pido posible y pedimos disculpas por cualquier inconveniente\u00bb.<\/p>\n<div class=\"b-connatix b-connatix--video\" id=\"dt-cnx-container-6759e7261c69b\">\n<div class=\"b-connatix__label\"> Recommended Videos <\/div>\n<div class=\"b-connatix__container\"> <\/div>\n<\/div>\n<blockquote class=\"h-lazy-embed\" data-width=\"500\" data-dnt=\"true\" data-initial-classes=\"twitter-tweet\" data-embed-name=\"twitter\" data-sdk-src=\"\/\/platform.twitter.com\/widgets.js\">\n<p lang=\"en\" dir=\"ltr\">We\u2019re aware that a technical issue is impacting some users\u2019 ability to access our apps. We\u2019re working to get things back to normal as quickly as possible and apologize for any inconvenience.<\/p>\n<p>&amp;mdash; Meta (@Meta) <a href=\"https:\/\/twitter.com\/Meta\/status\/1866918000374280593?ref_src=twsrc%5Etfw\">December 11, 2024<\/a><\/p>\n<\/blockquote>\n<p class=\"duet--article--dangerously-set-cms-markup duet--article--standard-paragraph mb-20 font-fkroman text-18 leading-160 -tracking-1 selection:bg-franklin-20 dark:text-white dark:selection:bg-blurple [&amp;_a:hover]:shadow-highlight-franklin dark:[&amp;_a:hover]:shadow-highlight-blurple [&amp;_a]:shadow-underline-black dark:[&amp;_a]:shadow-underline-white\">\u00abSabemos que hay un problema t\u00e9cnico que afecta la capacidad de algunas personas para acceder a Instagram\u00bb,&nbsp;<a href=\"https:\/\/x.com\/instagram\/status\/1866920842443337824\">dice Instagram en X<\/a>. \u00abEstamos trabajando para que las cosas vuelvan a la normalidad lo m\u00e1s r\u00e1pido posible y lamentamos cualquier inconveniente\u00bb.<\/p>\n<p>Downdetector est\u00e1 mostrando estad\u00edsticas grandes y repentinas para Facebook, WhatsApp, Messenger e Instagram, lo que indica <em>que muchas<\/em>&nbsp;personas se han visto afectadas por las interrupciones. La p\u00e1gina&nbsp;<a href=\"https:\/\/downdetector.com\/status\/instagram\/\">de Instagram Downdetector<\/a>, por ejemplo, muestra un pico de m\u00e1s de 70.000 informes de problemas con la plataforma. El peak <a href=\"https:\/\/downdetector.com\/status\/facebook\/\">de Facebook super\u00f3 los 100.000<\/a>.<\/p>\n<p> <span id=\"publisher-md\" itemprop=\"publisher\" itemscope itemtype=\"https:\/\/schema.org\/Organization\"> <span itemprop=\"url\" itemtype=\"https:\/\/schema.org\/Url\" content=\"https:\/\/es.digitaltrends.com\"> <span itemprop=\"logo\" itemscope itemtype=\"https:\/\/schema.org\/ImageObject\"> <meta itemprop=\"url\" content=\"https:\/\/cdn.dtcn.com\/dt\/dt-logo-small.png\"> <meta itemprop=\"width\" content=\"0\"> <meta itemprop=\"height\" content=\"0\"> <\/span> <meta itemprop=\"name\" content=\"Digital Trends Espa\u00f1ol\"> <\/span> <span itemprop=\"image\" itemscope itemtype=\"https:\/\/schema.org\/ImageObject\"> <meta itemprop=\"url\" content=\"https:\/\/es.digitaltrends.com\/wp-content\/uploads\/2023\/12\/desbloquear-instagram.jpeg?p=1\"> <\/span> <\/span> <\/p>\n","protected":false},"excerpt":{"rendered":"<p>Deagreez \/ Adobe Stock Es posible que seas uno de los desafortunados usuarios que est\u00e9 reclamando en este momento porque se qued\u00f3 sin Instagram, WhatsApp o Facebook. Lo cierto es que Meta ha admitido que tiene una falla que est\u00e1 provocando una ca\u00edda masiva. \u00abSomos conscientes de que un problema t\u00e9cnico est\u00e1 afectando a la [&hellip;]<\/p>\n","protected":false},"author":1,"featured_media":159545,"comment_status":"closed","ping_status":"closed","sticky":false,"template":"","format":"standard","meta":[],"categories":[26],"tags":[],"_links":{"self":[{"href":"http:\/\/cordobadirecto.com\/index.php\/wp-json\/wp\/v2\/posts\/159544"}],"collection":[{"href":"http:\/\/cordobadirecto.com\/index.php\/wp-json\/wp\/v2\/posts"}],"about":[{"href":"http:\/\/cordobadirecto.com\/index.php\/wp-json\/wp\/v2\/types\/post"}],"author":[{"embeddable":true,"href":"http:\/\/cordobadirecto.com\/index.php\/wp-json\/wp\/v2\/users\/1"}],"replies":[{"embeddable":true,"href":"http:\/\/cordobadirecto.com\/index.php\/wp-json\/wp\/v2\/comments?post=159544"}],"version-history":[{"count":0,"href":"http:\/\/cordobadirecto.com\/index.php\/wp-json\/wp\/v2\/posts\/159544\/revisions"}],"wp:featuredmedia":[{"embeddable":true,"href":"http:\/\/cordobadirecto.com\/index.php\/wp-json\/wp\/v2\/media\/159545"}],"wp:attachment":[{"href":"http:\/\/cordobadirecto.com\/index.php\/wp-json\/wp\/v2\/media?parent=159544"}],"wp:term":[{"taxonomy":"category","embeddable":true,"href":"http:\/\/cordobadirecto.com\/index.php\/wp-json\/wp\/v2\/categories?post=159544"},{"taxonomy":"post_tag","embeddable":true,"href":"http:\/\/cordobadirecto.com\/index.php\/wp-json\/wp\/v2\/tags?post=159544"}],"curies":[{"name":"wp","href":"https:\/\/api.w.org\/{rel}","templated":true}]}}