{"id":159550,"date":"2024-12-11T20:01:29","date_gmt":"2024-12-11T20:01:29","guid":{"rendered":"https:\/\/es.digitaltrends.com\/?p=1050588"},"modified":"2024-12-11T20:01:29","modified_gmt":"2024-12-11T20:01:29","slug":"de-gladiador-ii-a-the-beatles-paul-mescal-sera-paul-mccartney","status":"publish","type":"post","link":"http:\/\/cordobadirecto.com\/index.php\/2024\/12\/11\/de-gladiador-ii-a-the-beatles-paul-mescal-sera-paul-mccartney\/","title":{"rendered":"De Gladiador II a The Beatles: Paul Mescal ser\u00e1 Paul McCartney"},"content":{"rendered":"<figure id=\"attachment_24270\" aria-describedby=\"caption-attachment-24270\" class=\"wp-caption alignnone\"><img src=\"http:\/\/cordobadirecto.com\/wp-content\/uploads\/2024\/12\/de-gladiador-ii-a-the-beatles-paul-mescal-sera-paul-mccartney.jpg\" data-dt-lazy-src=\"http:\/\/cordobadirecto.com\/wp-content\/uploads\/2024\/12\/de-gladiador-ii-a-the-beatles-paul-mescal-sera-paul-mccartney.jpg\" fetchpriority=\"high\" decoding=\"async\" class=\" size-full wp-image-24270 h-lightbox is-zoomable dt-lazy-no\" alt=\"Paul McCartney\" srcset=\"http:\/\/cordobadirecto.com\/wp-content\/uploads\/2024\/12\/de-gladiador-ii-a-the-beatles-paul-mescal-sera-paul-mccartney-1.jpg 414w, http:\/\/cordobadirecto.com\/wp-content\/uploads\/2024\/12\/de-gladiador-ii-a-the-beatles-paul-mescal-sera-paul-mccartney.jpg\" sizes=\"(max-width: 650px) 414px\"><figcaption id=\"caption-attachment-24270\" class=\"wp-caption-text\"><span class=\"credit\">DTES<\/span><\/figcaption><\/figure>\n<p>El actor Paul Mescal, quien est\u00e1 en los cines de casi todo el mundo como protagonista de <a href=\"https:\/\/es.digitaltrends.com\/entretenimiento\/gladiador-2-criticas\/\"><em><strong>Gladiador 2<\/strong><\/em><\/a>, ahora tendr\u00e1 que saltar a otras arenas, y no las del Coliseo, sino m\u00e1s bien las de la m\u00fasica.<\/p>\n<p>Ahora, el interprete se pondr\u00e1 en la piel de Paul McCartney para las cuatro pel\u00edculas biogr\u00e1ficas que prepara Sam Mendes sobre <a href=\"https:\/\/es.digitaltrends.com\/entretenimiento\/barry-keoghan-sera-ringo-starr\/\"><strong>The Beatles.<\/strong><\/a><\/p>\n<div class=\"b-connatix b-connatix--video\" id=\"dt-cnx-container-6759f6c591982\">\n<div class=\"b-connatix__label\"> Recommended Videos <\/div>\n<div class=\"b-connatix__container\"> <\/div>\n<\/div>\n<p>El proyecto, producido por la productora de Mendes, Neal Street, propiedad de All3Media, se dio a conocer por primera vez en febrero, pero las especulaciones sobre el casting se rompieron varios meses despu\u00e9s. Junto a Mescal como McCartney, se rumoreaba que Harris Dickinson interpretar\u00eda a John Lennon, Barry Keoghan interpretar\u00eda a Ringo Starr y Charlie Rowe interpretar\u00eda a George Harrison.<\/p>\n<p>Hace dos semanas, el propio Starr pareci\u00f3 confirmar que <a href=\"https:\/\/es.digitaltrends.com\/entretenimiento\/barry-keoghan-sera-ringo-starr\/\"><strong>Keoghan<\/strong><\/a>&nbsp;lo interpretaba, afirmando que pensaba que el actor irland\u00e9s estaba \u00aben alg\u00fan lugar tomando lecciones de bater\u00eda, y espero que no demasiadas\u00bb.<\/p>\n<p>Mescal tiene un par de pr\u00f3ximas pel\u00edculas ya filmadas y programadas para estrenarse en 2025, incluida \u00abThe History of Sound\u00bb junto a Josh O\u2019Connor y \u00abHamnet\u00bb con Jessie Buckley.<\/p>\n<p> <span id=\"publisher-md\" itemprop=\"publisher\" itemscope itemtype=\"https:\/\/schema.org\/Organization\"> <span itemprop=\"url\" itemtype=\"https:\/\/schema.org\/Url\" content=\"https:\/\/es.digitaltrends.com\"> <span itemprop=\"logo\" itemscope itemtype=\"https:\/\/schema.org\/ImageObject\"> <meta itemprop=\"url\" content=\"https:\/\/cdn.dtcn.com\/dt\/dt-logo-small.png\"> <meta itemprop=\"width\" content=\"0\"> <meta itemprop=\"height\" content=\"0\"> <\/span> <meta itemprop=\"name\" content=\"Digital Trends Espa\u00f1ol\"> <\/span> <span itemprop=\"image\" itemscope itemtype=\"https:\/\/schema.org\/ImageObject\"> <meta itemprop=\"url\" content=\"https:\/\/es.digitaltrends.com\/wp-content\/uploads\/2024\/07\/GL2_05931RC2.jpg?p=1\"> <\/span> <\/span> <\/p>\n","protected":false},"excerpt":{"rendered":"<p>DTES El actor Paul Mescal, quien est\u00e1 en los cines de casi todo el mundo como protagonista de Gladiador 2, ahora tendr\u00e1 que saltar a otras arenas, y no las del Coliseo, sino m\u00e1s bien las de la m\u00fasica. Ahora, el interprete se pondr\u00e1 en la piel de Paul McCartney para las cuatro pel\u00edculas biogr\u00e1ficas [&hellip;]<\/p>\n","protected":false},"author":1,"featured_media":159551,"comment_status":"closed","ping_status":"closed","sticky":false,"template":"","format":"standard","meta":[],"categories":[18],"tags":[],"_links":{"self":[{"href":"http:\/\/cordobadirecto.com\/index.php\/wp-json\/wp\/v2\/posts\/159550"}],"collection":[{"href":"http:\/\/cordobadirecto.com\/index.php\/wp-json\/wp\/v2\/posts"}],"about":[{"href":"http:\/\/cordobadirecto.com\/index.php\/wp-json\/wp\/v2\/types\/post"}],"author":[{"embeddable":true,"href":"http:\/\/cordobadirecto.com\/index.php\/wp-json\/wp\/v2\/users\/1"}],"replies":[{"embeddable":true,"href":"http:\/\/cordobadirecto.com\/index.php\/wp-json\/wp\/v2\/comments?post=159550"}],"version-history":[{"count":0,"href":"http:\/\/cordobadirecto.com\/index.php\/wp-json\/wp\/v2\/posts\/159550\/revisions"}],"wp:featuredmedia":[{"embeddable":true,"href":"http:\/\/cordobadirecto.com\/index.php\/wp-json\/wp\/v2\/media\/159551"}],"wp:attachment":[{"href":"http:\/\/cordobadirecto.com\/index.php\/wp-json\/wp\/v2\/media?parent=159550"}],"wp:term":[{"taxonomy":"category","embeddable":true,"href":"http:\/\/cordobadirecto.com\/index.php\/wp-json\/wp\/v2\/categories?post=159550"},{"taxonomy":"post_tag","embeddable":true,"href":"http:\/\/cordobadirecto.com\/index.php\/wp-json\/wp\/v2\/tags?post=159550"}],"curies":[{"name":"wp","href":"https:\/\/api.w.org\/{rel}","templated":true}]}}