{"id":159594,"date":"2024-12-13T02:21:16","date_gmt":"2024-12-13T02:21:16","guid":{"rendered":"https:\/\/www.ole.com.ar\/ascenso\/ascenso-nueva-chicago-montenegro-nania_0_SkdRTViw2g.html"},"modified":"2024-12-13T02:21:16","modified_gmt":"2024-12-13T02:21:16","slug":"montenegro-vs-los-dirigentes-y-chicago-en-llamas-duele-que-me-ensucien","status":"publish","type":"post","link":"http:\/\/cordobadirecto.com\/index.php\/2024\/12\/13\/montenegro-vs-los-dirigentes-y-chicago-en-llamas-duele-que-me-ensucien\/","title":{"rendered":"Montenegro vs. los dirigentes y Chicago en llamas: &#8220;Duele que me ensucien&#8221;"},"content":{"rendered":"<p><time class=\"createDate\" datetime=\"2024-12-11T17:59:46-03:00\">11\/12\/2024 17:59hs.<\/time><\/p>\n<div id=\"storyBody\">\n<div class=\"custom-text \" readability=\"32.408408408408\">\n<p> Hace dos semanas, <a href=\"https:\/\/www.ole.com.ar\/tema\/nueva-chicago.html\" title=\"Nueva Chicago\" alt=\"Nueva Chicago\" class=\"slug\">Chicago<\/a> qued\u00f3 eliminado del <a href=\"https:\/\/www.ole.com.ar\/tema\/primera-nacional.html\" title=\"Primera Nacional\" alt=\"Primera Nacional\" class=\"slug\">Reducido<\/a> y dej\u00f3 pasar la chance del ascenso. La paz no reina en Mataderos. <strong><a href=\"https:\/\/www.ole.com.ar\/ascenso\/montenegro-chicago-ascenso-primera-nacional_0_fOLMRNymm2.html\" target=\"_self\" title=\"Andr\u00e9s Montenegro\" alt=\"Andr\u00e9s Montenegro\" rel=\"noopener\">Andr\u00e9s Montenegro<\/a> dej\u00f3 su cargo como director t\u00e9cnico y vol\u00f3 todo por los aires: <a href=\"https:\/\/www.ole.com.ar\/tema\/alejandro-nania.html\" title=\"Alejandro Nan\u00eda\" alt=\"Alejandro Nan\u00eda\" class=\"slug\">Alejandro Nan\u00eda<\/a>, m\u00e1nager del club, carg\u00f3 fuerte contra \u00e9l <\/strong>y hasta lo culp\u00f3 de hablar por atr\u00e1s con otras instituciones.<\/p>\n<\/div>\n<div class=\"custom-text \" readability=\"38\">\n<p>En este contexto, donde adem\u00e1s se vincula fuertemente el nombre del Lobo con Estudiantes de Buenos Aires (busca entrenador tras la salida de Walter Otta a Mor\u00f3n), <strong>fue el propio DT quien sali\u00f3 a hablar con el medio Chicago es As\u00ed y le respondi\u00f3 al Director Deportivo<\/strong>. As\u00ed, se desat\u00f3 una batalla picante.<\/p>\n<\/div>\n<p><h2><strong>Los dichos de Alejandro Nan\u00eda contra el DT<\/strong><\/h2>\n<\/p>\n<div class=\"custom-text \" readability=\"39\">\n<p>\u201cNosotros a Andr\u00e9s (Montenegro) le ofrecimos renovar, a pesar de algunas cosas que no gustaron como haber renovado cinco d\u00edas antes de las elecciones y<strong> como tambi\u00e9n antes de jugar estos partidos decisivos sentarse a negociar con otro club\u201d<\/strong>, declar\u00f3 el dirigente de Chicago, en di\u00e1logo con Solo Ascenso, hace algunos d\u00edas atr\u00e1s.<\/p>\n<\/div>\n<div class=\"sc-e7b891c4-0 ifHnQL image-embed\"><img alt=\"Alejandro Nan\u00eda, m\u00e1nager de Chicago, apunt\u00f3 contra Montenegro. \" loading=\"lazy\" width=\"720\" height=\"100\" decoding=\"async\" data-nimg=\"1\" src=\"http:\/\/cordobadirecto.com\/wp-content\/uploads\/2024\/12\/montenegro-vs-los-dirigentes-y-chicago-en-llamas-duele-que-me-ensucien.jpg\"><span class=\"epigraphe\">Alejandro Nan\u00eda, m\u00e1nager de Chicago, apunt\u00f3 contra Montenegro. <\/span><\/div>\n<p><h2><strong>Las declaraciones de Andr\u00e9s Montenegro<\/strong><\/h2>\n<\/p>\n<div class=\"custom-text \" readability=\"38\">\n<p>\u201cFue dur\u00edsimo el golpe tras estar ilusionados de jugar una final. Lo sufrimos, lo lloramos, no podemos digerirlo hasta el d\u00eda de hoy. Se habl\u00f3 del contrato y respeto la l\u00ednea de presupuesto. E<strong>l club siempre est\u00e1 por encima de todo<\/strong>\u201d, comenz\u00f3 el DT acerca de las sensaciones posteriores a la eliminaci\u00f3n y su salida.<\/p>\n<\/div>\n<div class=\"custom-text \" readability=\"37\">\n<p>Con respecto a los dichos de Alejandro Nan\u00eda, el Lobo contest\u00f3: <strong>\u201cYo no voy a hablar lo que declararon ciertas personas acerca de mi salida<\/strong>. Yo hablo con trabajo. Yo ten\u00eda la misma ilusi\u00f3n,<strong> \u00bfen qu\u00e9 cabeza cabe que estando tan cerca de ascender vaya a hablar con otro club?<\/strong> Hay un representante que trabaja para eso\u201d.<\/p>\n<\/div>\n<div class=\"sc-e7b891c4-0 ifHnQL image-embed\"><img alt=\"Andr\u00e9s Montenegro le respondi\u00f3 a Nan\u00eda (Foto: Prensa Chicago)\" loading=\"lazy\" width=\"720\" height=\"100\" decoding=\"async\" data-nimg=\"1\" src=\"http:\/\/cordobadirecto.com\/wp-content\/uploads\/2024\/12\/montenegro-vs-los-dirigentes-y-chicago-en-llamas-duele-que-me-ensucien-1.jpg\"><span class=\"epigraphe\">Andr\u00e9s Montenegro le respondi\u00f3 a Nan\u00eda (Foto: Prensa Chicago)<\/span><\/div>\n<div class=\"custom-text \" readability=\"37\">\n<p>Bajo la misma l\u00ednea, Montenegro se refiri\u00f3 a las acuaciones realizadas contra \u00e9l: \u201cCuando quieren manchar a una persona tienen muchas maneras. <strong>No voy a hablar de esa persona que declar\u00f3 eso<\/strong>. Ya llor\u00e9, lloro y seguir\u00e9 llorando esto. El trabajo de mi representante es parte del f\u00fatbol. <strong>Duele que me ensucien de esa manera.<\/strong> El que me conoce sabe c\u00f3mo me manejo<strong>\u201d.<\/strong><\/p>\n<\/div>\n<div class=\"custom-text \" readability=\"36\">\n<p>&#8220;Sepan que dej\u00e9 la piel por el club. La gente disfrut\u00f3 mucho y espero que Nueva Chicago siga creciendo. Siempre deseo lo mejor para el club. <strong>A los hinchas les agradezco el apoyo en cada partido, jugaban con nosotros y no me olvido&#8221;<\/strong>, finaliz\u00f3 el t\u00e9cnico con un mensaje a la gente.<\/p>\n<\/div>\n<p><h2><strong>El principal candidato para agarrar Chicago<\/strong><\/h2>\n<\/p>\n<div class=\"custom-text \" readability=\"37\">\n<p>Tras la salida de Montenegro, <strong>el Torito comenz\u00f3 a moverse y est\u00e1 cerca de cerrar la llegada de Dami\u00e1n Ayude,<\/strong> que actualmente se encuentra al frente de la Reserva de San Lorenzo de Almagro. Fue integrante del Cuerpo T\u00e9cnico de Alejandro Nan\u00eda en las divisiones juveniles del Cicl\u00f3n. <strong>Ya hubo reuniones y podr\u00eda cerrarse esta semana.<\/strong><\/p>\n<\/div>\n<div class=\"sc-e7b891c4-0 ifHnQL image-embed\"><img alt=\"Dami\u00e1n Ayude, el principal candidato en Chicago (Prensa San Lorenzo)\" loading=\"lazy\" width=\"720\" height=\"100\" decoding=\"async\" data-nimg=\"1\" src=\"http:\/\/cordobadirecto.com\/wp-content\/uploads\/2024\/12\/montenegro-vs-los-dirigentes-y-chicago-en-llamas-duele-que-me-ensucien-2.jpg\"><span class=\"epigraphe\">Dami\u00e1n Ayude, el principal candidato en Chicago (Prensa San Lorenzo)<\/span><\/div>\n<div class=\"sc-a7166897-0 eoLsBE\" readability=\"7\">\n<section readability=\"4\"><picture><img alt=\"Con un golazo de Juli\u00e1n y dos de Griezmann, el Atl\u00e9tico de De Paul y Giuliano venci\u00f3 al Bratislava\" loading=\"lazy\" width=\"290\" height=\"290\" decoding=\"async\" data-nimg=\"1\" src=\"http:\/\/cordobadirecto.com\/wp-content\/uploads\/2024\/12\/montenegro-vs-los-dirigentes-y-chicago-en-llamas-duele-que-me-ensucien-3.jpg\"><\/picture>\n<p><span>Mir\u00e1 tambi\u00e9n<\/span><\/p>\n<hr>\n<h3>Con un golazo de Juli\u00e1n y dos de Griezmann, el Atl\u00e9tico de De Paul y Giuliano venci\u00f3 al Bratislava<\/h3>\n<\/p>\n<\/section>\n<\/div>\n<div class=\"sc-a7166897-0 eoLsBE\" readability=\"6\">\n<section readability=\"2\"><picture><img alt=\"La reacci\u00f3n en River tras la elecci\u00f3n del Monumental como sede del Mundial 2030\" loading=\"lazy\" width=\"290\" height=\"290\" decoding=\"async\" data-nimg=\"1\" src=\"http:\/\/cordobadirecto.com\/wp-content\/uploads\/2024\/12\/montenegro-vs-los-dirigentes-y-chicago-en-llamas-duele-que-me-ensucien-4.jpg\"><\/picture>\n<p><span>Mir\u00e1 tambi\u00e9n<\/span><\/p>\n<hr>\n<h3>La reacci\u00f3n en River tras la elecci\u00f3n del Monumental como sede del Mundial 2030<\/h3>\n<\/p>\n<\/section>\n<\/div>\n<div class=\"sc-a7166897-0 eoLsBE\" readability=\"6\">\n<section readability=\"2\"><picture><img alt=\"Central C\u00f3rdoba y otra final de Copa Argentina: el antecedente ante River\" loading=\"lazy\" width=\"290\" height=\"290\" decoding=\"async\" data-nimg=\"1\" src=\"http:\/\/cordobadirecto.com\/wp-content\/uploads\/2024\/12\/montenegro-vs-los-dirigentes-y-chicago-en-llamas-duele-que-me-ensucien-5.jpg\"><\/picture>\n<p><span>Mir\u00e1 tambi\u00e9n<\/span><\/p>\n<hr>\n<h3>Central C\u00f3rdoba y otra final de Copa Argentina: el antecedente ante River<\/h3>\n<\/p>\n<\/section>\n<\/div>\n<div class=\"sc-a7166897-0 eoLsBE\" readability=\"6\">\n<section readability=\"2\"><picture><img alt=\"Operativo DT: San Mart\u00edn de Tucum\u00e1n va por un conocido de la casa \" loading=\"lazy\" width=\"290\" height=\"290\" decoding=\"async\" data-nimg=\"1\" src=\"http:\/\/cordobadirecto.com\/wp-content\/uploads\/2024\/12\/montenegro-vs-los-dirigentes-y-chicago-en-llamas-duele-que-me-ensucien-6.jpg\"><\/picture>\n<p><span>Mir\u00e1 tambi\u00e9n<\/span><\/p>\n<hr>\n<h3>Operativo DT: San Mart\u00edn de Tucum\u00e1n va por un conocido de la casa <\/h3>\n<\/p>\n<\/section>\n<\/div>\n<\/div>\n","protected":false},"excerpt":{"rendered":"<p>11\/12\/2024 17:59hs. Hace dos semanas, Chicago qued\u00f3 eliminado del Reducido y dej\u00f3 pasar la chance del ascenso. La paz no reina en Mataderos. Andr\u00e9s Montenegro dej\u00f3 su cargo como director t\u00e9cnico y vol\u00f3 todo por los aires: Alejandro Nan\u00eda, m\u00e1nager del club, carg\u00f3 fuerte contra \u00e9l y hasta lo culp\u00f3 de hablar por atr\u00e1s con [&hellip;]<\/p>\n","protected":false},"author":1,"featured_media":159595,"comment_status":"closed","ping_status":"closed","sticky":false,"template":"","format":"standard","meta":[],"categories":[21],"tags":[],"_links":{"self":[{"href":"http:\/\/cordobadirecto.com\/index.php\/wp-json\/wp\/v2\/posts\/159594"}],"collection":[{"href":"http:\/\/cordobadirecto.com\/index.php\/wp-json\/wp\/v2\/posts"}],"about":[{"href":"http:\/\/cordobadirecto.com\/index.php\/wp-json\/wp\/v2\/types\/post"}],"author":[{"embeddable":true,"href":"http:\/\/cordobadirecto.com\/index.php\/wp-json\/wp\/v2\/users\/1"}],"replies":[{"embeddable":true,"href":"http:\/\/cordobadirecto.com\/index.php\/wp-json\/wp\/v2\/comments?post=159594"}],"version-history":[{"count":0,"href":"http:\/\/cordobadirecto.com\/index.php\/wp-json\/wp\/v2\/posts\/159594\/revisions"}],"wp:featuredmedia":[{"embeddable":true,"href":"http:\/\/cordobadirecto.com\/index.php\/wp-json\/wp\/v2\/media\/159595"}],"wp:attachment":[{"href":"http:\/\/cordobadirecto.com\/index.php\/wp-json\/wp\/v2\/media?parent=159594"}],"wp:term":[{"taxonomy":"category","embeddable":true,"href":"http:\/\/cordobadirecto.com\/index.php\/wp-json\/wp\/v2\/categories?post=159594"},{"taxonomy":"post_tag","embeddable":true,"href":"http:\/\/cordobadirecto.com\/index.php\/wp-json\/wp\/v2\/tags?post=159594"}],"curies":[{"name":"wp","href":"https:\/\/api.w.org\/{rel}","templated":true}]}}