{"id":159603,"date":"2024-12-13T14:21:57","date_gmt":"2024-12-13T14:21:57","guid":{"rendered":"http:\/\/estaciontrip.com.ar\/?p=9701"},"modified":"2024-12-13T14:21:57","modified_gmt":"2024-12-13T14:21:57","slug":"la-cumbre-dara-inicio-a-la-temporada-de-verano-con-un-show-musical-y-gastronomico-al-aire-libre","status":"publish","type":"post","link":"http:\/\/cordobadirecto.com\/index.php\/2024\/12\/13\/la-cumbre-dara-inicio-a-la-temporada-de-verano-con-un-show-musical-y-gastronomico-al-aire-libre\/","title":{"rendered":"La Cumbre dar\u00e1 inicio a la temporada de verano con un show musical y gastron\u00f3mico al aire libre"},"content":{"rendered":"<p><em>Ser\u00e1 este viernes 13 en la calle Caraffa al 300, del centro de la ciudad; desde las 21 horas, abierto a todo el p\u00fablico<\/em>, <em>con entrada gratuita.<\/em><\/p>\n<p>La localidad cordobesa La Cumbre se prepara para dar inicio a la temporada de verano con un show musical, este pr\u00f3ximo viernes 13, a cargo del artista Angel Mart\u00edn y Sin L\u00edmite Folk, como banda invitada.<\/p>\n<p>El evento abierto a todo el p\u00fablico y con entrada gratuita, ser\u00e1 la ocasi\u00f3n de compartir un momento de recreaci\u00f3n y entretenimiento. Tambi\u00e9n, los sabores que distinguen a La Cumbre, ofrecidos en dos food trucks y un puesto de cerveza artesanal.<\/p>\n<p>La oferta de actividades de La Cumbre para este verano incluye propuestas para toda la familia: inicia en diciembre con atractivos navide\u00f1os, como el encendido del \u00e1rbol de Navidad, la representaci\u00f3n del pesebre gauchesco, la Expo Pesebres y la llegada de Mam\u00e1 y Pap\u00e1 Noel.<\/p>\n<p>Durante los primeros d\u00edas de enero, quienes visiten la coqueta localidad del Valle de Punilla podr\u00e1n disfrutar de la Noche de Arte, el cl\u00e1sico recorrido por los ateliers de artistas. Durante todo enero y febrero, habr\u00e1 actividades programadas por las secretar\u00edas de Turismo y de Cultura local, como senderismo, yoga al aire libre, recorridos guiados por el circuito poblado hist\u00f3rico, shows musicales, fiestas retro, noche de pe\u00f1a, muestras de arte y espect\u00e1culos infantiles.<\/p>\n<p>Todas las propuestas se suman a un entorno natural que invita al relax y el descanso; y una oferta hotelera y gastron\u00f3mica que hacen de La Cumbre uno de los destinos m\u00e1s elegidos de la provincia de C\u00f3rdoba.<\/p>\n<p>\u201cEstamos muy contentos de dar inicio a una nueva temporada de verano y como cada a\u00f1o, lo hacemos con la expectativa de recibir en nuestra localidad a turistas que llegan de toda la provincia de C\u00f3rdoba y el pa\u00eds. La Cumbre es uno de los principales destinos de nuestra provincia que ofrece muchas posibilidades a quienes nos visitan. Contamos con una oferta hotelera diversa, con caba\u00f1as, posadas, hoteles boutiques, y un abanico gastron\u00f3mico que realmente se destaca por su variedad y por su calidad\u201d, expres\u00f3 el intendente, Pablo Alicio.<\/p>\n<p>A esta oferta diversa se suman promociones y descuentos que han lanzado algunos de los establecimientos hoteleros para quienes contraten su estad\u00eda con anticipaci\u00f3n.<\/p>\n<figure class=\"wp-block-image size-large\"><a href=\"http:\/\/cordobadirecto.com\/wp-content\/uploads\/2024\/12\/la-cumbre-dara-inicio-a-la-temporada-de-verano-con-un-show-musical-y-gastronomico-al-aire-libre-4.jpg\"><img loading=\"lazy\" decoding=\"async\" width=\"1024\" height=\"576\" src=\"http:\/\/cordobadirecto.com\/wp-content\/uploads\/2024\/12\/la-cumbre-dara-inicio-a-la-temporada-de-verano-con-un-show-musical-y-gastronomico-al-aire-libre.jpg\" alt class=\"wp-image-9703\" srcset=\"http:\/\/cordobadirecto.com\/wp-content\/uploads\/2024\/12\/la-cumbre-dara-inicio-a-la-temporada-de-verano-con-un-show-musical-y-gastronomico-al-aire-libre.jpg 1024w, http:\/\/cordobadirecto.com\/wp-content\/uploads\/2024\/12\/la-cumbre-dara-inicio-a-la-temporada-de-verano-con-un-show-musical-y-gastronomico-al-aire-libre-1.jpg 300w, http:\/\/cordobadirecto.com\/wp-content\/uploads\/2024\/12\/la-cumbre-dara-inicio-a-la-temporada-de-verano-con-un-show-musical-y-gastronomico-al-aire-libre-2.jpg 768w, http:\/\/cordobadirecto.com\/wp-content\/uploads\/2024\/12\/la-cumbre-dara-inicio-a-la-temporada-de-verano-con-un-show-musical-y-gastronomico-al-aire-libre-3.jpg 1536w, http:\/\/cordobadirecto.com\/wp-content\/uploads\/2024\/12\/la-cumbre-dara-inicio-a-la-temporada-de-verano-con-un-show-musical-y-gastronomico-al-aire-libre-4.jpg 2048w\" sizes=\"(max-width: 1024px) 100vw, 1024px\"><\/a><\/figure>\n","protected":false},"excerpt":{"rendered":"<p>Ser\u00e1 este viernes 13 en la calle Caraffa al 300, del centro de la ciudad; desde las 21 horas, abierto a todo el p\u00fablico, con entrada gratuita. La localidad cordobesa La Cumbre se prepara para dar inicio a la temporada de verano con un show musical, este pr\u00f3ximo viernes 13, a cargo del artista Angel [&hellip;]<\/p>\n","protected":false},"author":1,"featured_media":159604,"comment_status":"closed","ping_status":"closed","sticky":false,"template":"","format":"standard","meta":[],"categories":[22],"tags":[],"_links":{"self":[{"href":"http:\/\/cordobadirecto.com\/index.php\/wp-json\/wp\/v2\/posts\/159603"}],"collection":[{"href":"http:\/\/cordobadirecto.com\/index.php\/wp-json\/wp\/v2\/posts"}],"about":[{"href":"http:\/\/cordobadirecto.com\/index.php\/wp-json\/wp\/v2\/types\/post"}],"author":[{"embeddable":true,"href":"http:\/\/cordobadirecto.com\/index.php\/wp-json\/wp\/v2\/users\/1"}],"replies":[{"embeddable":true,"href":"http:\/\/cordobadirecto.com\/index.php\/wp-json\/wp\/v2\/comments?post=159603"}],"version-history":[{"count":0,"href":"http:\/\/cordobadirecto.com\/index.php\/wp-json\/wp\/v2\/posts\/159603\/revisions"}],"wp:featuredmedia":[{"embeddable":true,"href":"http:\/\/cordobadirecto.com\/index.php\/wp-json\/wp\/v2\/media\/159604"}],"wp:attachment":[{"href":"http:\/\/cordobadirecto.com\/index.php\/wp-json\/wp\/v2\/media?parent=159603"}],"wp:term":[{"taxonomy":"category","embeddable":true,"href":"http:\/\/cordobadirecto.com\/index.php\/wp-json\/wp\/v2\/categories?post=159603"},{"taxonomy":"post_tag","embeddable":true,"href":"http:\/\/cordobadirecto.com\/index.php\/wp-json\/wp\/v2\/tags?post=159603"}],"curies":[{"name":"wp","href":"https:\/\/api.w.org\/{rel}","templated":true}]}}