{"id":159609,"date":"2024-12-13T14:15:46","date_gmt":"2024-12-13T14:15:46","guid":{"rendered":"https:\/\/cordoba.gob.ar\/?p=65079"},"modified":"2024-12-13T14:15:46","modified_gmt":"2024-12-13T14:15:46","slug":"asumieron-las-nuevas-autoridades-del-tribunal-de-cuentas-municipal","status":"publish","type":"post","link":"http:\/\/cordobadirecto.com\/index.php\/2024\/12\/13\/asumieron-las-nuevas-autoridades-del-tribunal-de-cuentas-municipal\/","title":{"rendered":"Asumieron las nuevas autoridades del Tribunal de Cuentas Municipal"},"content":{"rendered":"<div><img src=\"http:\/\/cordobadirecto.com\/wp-content\/uploads\/2024\/12\/asumieron-las-nuevas-autoridades-del-tribunal-de-cuentas-municipal.jpg\" class=\"ff-og-image-inserted\"><\/div>\n<ul>\n<li><strong>Pablo Garc\u00eda Aresca tom\u00f3 juramento como presidente, Florencia Mana como vice y Pablo Giesenow como vocal por la primera mayor\u00eda.<\/strong><\/li>\n<\/ul>\n<hr>\n<p>Con la participaci\u00f3n del intendente Daniel Passerini, este jueves asumieron las nuevas autoridades del Tribunal de Cuentas de la Municipalidad de C\u00f3rdoba. El acto se desarroll\u00f3 en la sala de acuerdos del organismo, localizada en 27 de Abril 524.<\/p>\n<p>El cuerpo qued\u00f3 conformado por Pablo Garc\u00eda Aresca como presidente, Florencia Mana como vice y Pablo Giesenow como vocal por la primera mayor\u00eda.<\/p>\n<p>La ceremonia contempl\u00f3 la toma de juramento y firma de las actas correspondientes, adem\u00e1s de palabras alusivas del nuevo presidente y del intendente Daniel Passerini.<\/p>\n<p>El Tribunal de Cuentas de la Municipalidad de C\u00f3rdoba es un organismo aut\u00f3nomo y t\u00e9cnico que ejerce el control contable, econ\u00f3mico y de legalidad de los gastos municipales.<\/p>\n<p>Est\u00e1 integrado con cinco miembros designados cada uno como vocal, elegidos en forma directa junto con la renovaci\u00f3n ordinaria de las autoridades municipales.<\/p>\n<p>Corresponden tres por la mayor\u00eda y dos por la primera minor\u00eda. Tiene un mandato de cuatro a\u00f1os y pueden ser reelectos por una vez consecutiva, debiendo pasar un per\u00edodo completo para una nueva elecci\u00f3n.<\/p>\n<p>El pr\u00f3ximo 19 de diciembre cumplir\u00e1 99 a\u00f1os de su conformaci\u00f3n.<\/p>\n","protected":false},"excerpt":{"rendered":"<p>Pablo Garc\u00eda Aresca tom\u00f3 juramento como presidente, Florencia Mana como vice y Pablo Giesenow como vocal por la primera mayor\u00eda. Con la participaci\u00f3n del intendente Daniel Passerini, este jueves asumieron las nuevas autoridades del Tribunal de Cuentas de la Municipalidad de C\u00f3rdoba. El acto se desarroll\u00f3 en la sala de acuerdos del organismo, localizada en [&hellip;]<\/p>\n","protected":false},"author":1,"featured_media":159610,"comment_status":"closed","ping_status":"closed","sticky":false,"template":"","format":"standard","meta":[],"categories":[44],"tags":[],"_links":{"self":[{"href":"http:\/\/cordobadirecto.com\/index.php\/wp-json\/wp\/v2\/posts\/159609"}],"collection":[{"href":"http:\/\/cordobadirecto.com\/index.php\/wp-json\/wp\/v2\/posts"}],"about":[{"href":"http:\/\/cordobadirecto.com\/index.php\/wp-json\/wp\/v2\/types\/post"}],"author":[{"embeddable":true,"href":"http:\/\/cordobadirecto.com\/index.php\/wp-json\/wp\/v2\/users\/1"}],"replies":[{"embeddable":true,"href":"http:\/\/cordobadirecto.com\/index.php\/wp-json\/wp\/v2\/comments?post=159609"}],"version-history":[{"count":0,"href":"http:\/\/cordobadirecto.com\/index.php\/wp-json\/wp\/v2\/posts\/159609\/revisions"}],"wp:featuredmedia":[{"embeddable":true,"href":"http:\/\/cordobadirecto.com\/index.php\/wp-json\/wp\/v2\/media\/159610"}],"wp:attachment":[{"href":"http:\/\/cordobadirecto.com\/index.php\/wp-json\/wp\/v2\/media?parent=159609"}],"wp:term":[{"taxonomy":"category","embeddable":true,"href":"http:\/\/cordobadirecto.com\/index.php\/wp-json\/wp\/v2\/categories?post=159609"},{"taxonomy":"post_tag","embeddable":true,"href":"http:\/\/cordobadirecto.com\/index.php\/wp-json\/wp\/v2\/tags?post=159609"}],"curies":[{"name":"wp","href":"https:\/\/api.w.org\/{rel}","templated":true}]}}