{"id":159633,"date":"2024-12-13T23:49:44","date_gmt":"2024-12-13T23:49:44","guid":{"rendered":"http:\/\/cordobadirecto.com\/index.php\/2024\/12\/13\/cordoba-amplia-la-convocatoria-para-la-vacunacion-contra-el-dengue-ninos-y-la-nueva-manana\/"},"modified":"2024-12-13T23:49:44","modified_gmt":"2024-12-13T23:49:44","slug":"cordoba-amplia-la-convocatoria-para-la-vacunacion-contra-el-dengue-ninos-y-la-nueva-manana","status":"publish","type":"post","link":"http:\/\/cordobadirecto.com\/index.php\/2024\/12\/13\/cordoba-amplia-la-convocatoria-para-la-vacunacion-contra-el-dengue-ninos-y-la-nueva-manana\/","title":{"rendered":"<b>C\u00f3rdoba<\/b> ampl\u00eda la convocatoria para la vacunaci\u00f3n contra el dengue: ni\u00f1os y &#8230; &#8211; La <b>Nueva<\/b> Ma\u00f1ana"},"content":{"rendered":"<p>A los grupos priorizados hasta el momento, se suman ni\u00f1os y adolescentes de 4 a 14 a\u00f1os que hayan cursado la enfermedad con internaciones mayores&nbsp;&#8230; <\/p>\n","protected":false},"excerpt":{"rendered":"<p>A los grupos priorizados hasta el momento, se suman ni\u00f1os y adolescentes de 4 a 14 a\u00f1os que hayan cursado la enfermedad con internaciones mayores&nbsp;&#8230;<\/p>\n","protected":false},"author":1,"featured_media":0,"comment_status":"closed","ping_status":"closed","sticky":false,"template":"","format":"standard","meta":[],"categories":[40],"tags":[],"_links":{"self":[{"href":"http:\/\/cordobadirecto.com\/index.php\/wp-json\/wp\/v2\/posts\/159633"}],"collection":[{"href":"http:\/\/cordobadirecto.com\/index.php\/wp-json\/wp\/v2\/posts"}],"about":[{"href":"http:\/\/cordobadirecto.com\/index.php\/wp-json\/wp\/v2\/types\/post"}],"author":[{"embeddable":true,"href":"http:\/\/cordobadirecto.com\/index.php\/wp-json\/wp\/v2\/users\/1"}],"replies":[{"embeddable":true,"href":"http:\/\/cordobadirecto.com\/index.php\/wp-json\/wp\/v2\/comments?post=159633"}],"version-history":[{"count":0,"href":"http:\/\/cordobadirecto.com\/index.php\/wp-json\/wp\/v2\/posts\/159633\/revisions"}],"wp:attachment":[{"href":"http:\/\/cordobadirecto.com\/index.php\/wp-json\/wp\/v2\/media?parent=159633"}],"wp:term":[{"taxonomy":"category","embeddable":true,"href":"http:\/\/cordobadirecto.com\/index.php\/wp-json\/wp\/v2\/categories?post=159633"},{"taxonomy":"post_tag","embeddable":true,"href":"http:\/\/cordobadirecto.com\/index.php\/wp-json\/wp\/v2\/tags?post=159633"}],"curies":[{"name":"wp","href":"https:\/\/api.w.org\/{rel}","templated":true}]}}