{"id":159636,"date":"2024-12-13T22:07:49","date_gmt":"2024-12-13T22:07:49","guid":{"rendered":"https:\/\/www.ole.com.ar\/autos\/daniel-ricciardo-regreso-formula-1-cadillac_0_ePyB95o6lP.html"},"modified":"2024-12-13T22:07:49","modified_gmt":"2024-12-13T22:07:49","slug":"lo-echaron-de-la-f1-y-podria-volver-como-figura-de-un-equipo","status":"publish","type":"post","link":"http:\/\/cordobadirecto.com\/index.php\/2024\/12\/13\/lo-echaron-de-la-f1-y-podria-volver-como-figura-de-un-equipo\/","title":{"rendered":"Lo echaron de la F1 y podr\u00eda volver como figura de un equipo"},"content":{"rendered":"<p><time class=\"createDate\" datetime=\"2024-12-13T19:07:49-03:00\">13\/12\/2024 19:07hs.<\/time><\/p>\n<div id=\"storyBody\">\n<div class=\"custom-text \" readability=\"37.581818181818\">\n<p>En noviembre de este a\u00f1o, la <strong><a href=\"https:\/\/www.ole.com.ar\/tema\/formula-1.html\" title=\"F\u00f3rmula 1\" alt=\"F\u00f3rmula 1\" class=\"slug\">F\u00f3rmula 1<\/a><\/strong> lanz\u00f3 un comunicado para confirmar <strong>la llegada de una nueva escuder\u00eda<\/strong>, la und\u00e9cima en la parrilla. Se trata de <strong>Cadillac<\/strong>, el equipo estadounidense que, en consecuencia de su arribo pactado para el 2026, otorgar\u00e1 dos nuevos asientos. <\/p>\n<\/div>\n<div class=\"custom-text \" readability=\"40\">\n<p>Ante esta situaci\u00f3n, se abri\u00f3 una posibilidad para que m\u00e1s pilotos logren participar en la M\u00e1xima. Ahora bien, no solo <strong>los norteamericanos est\u00e1n analizando volantes con un futuro promisorio, sino que tambi\u00e9n optar\u00edan por la experiencia<\/strong>. En ese sentido, uno de los elegidos por la firma que pertenece a la compa\u00f1\u00eda <strong>General Motors<\/strong> ser\u00eda <strong>Daniel Ricciardo, <\/strong>seg\u00fan consign\u00f3 el medio alem\u00e1n Bild.<\/p>\n<\/div>\n<div class=\"sc-e7b891c4-0 ifHnQL image-embed\"><img alt=\"Ricciardo, despedido en 2024, ser\u00eda uno de los apuntados por Cadillac para 2026. (EFE)\" loading=\"lazy\" width=\"720\" height=\"100\" decoding=\"async\" data-nimg=\"1\" src=\"http:\/\/cordobadirecto.com\/wp-content\/uploads\/2024\/12\/lo-echaron-de-la-f1-y-podria-volver-como-figura-de-un-equipo.jpg\"><span class=\"epigraphe\">Ricciardo, despedido en 2024, ser\u00eda uno de los apuntados por Cadillac para 2026. (EFE)<\/span><\/div>\n<div class=\"custom-text \" readability=\"39\">\n<p>Tras no haber alcanzado el rendimiento esperado (12 puntos en 18 carreras, sumando en solo cuatro), el australiano no complet\u00f3 la \u00faltima temporada, dado que <strong>Racing Bulls dictamin\u00f3 su despido tras el Gran Premio de Singapur<\/strong>. Para reemplazarlo, la escuder\u00eda que act\u00faa como sat\u00e9lite de Red Bull se decidi\u00f3 por el neozeland\u00e9s <strong>Liam Lawson<\/strong>.<\/p>\n<\/div>\n<div class=\"custom-text \" readability=\"45\">\n<p>Durante los 13 a\u00f1os que se desempe\u00f1\u00f3 como piloto de la M\u00e1xima, Ricciardo condujo bajo las \u00f3rdenes de <strong>HRT<\/strong>, <strong>Toro Rosso<\/strong>, <strong>Red Bull <\/strong>(donde fue compa\u00f1ero del tetracampe\u00f3n, <strong>Sebastian Vettel<\/strong>), <strong>Renault<\/strong>, <strong>McLaren <\/strong>y <strong>RB<\/strong>. Adem\u00e1s, cuenta con un historial de <strong>257 Grandes Premios<\/strong> disputados, donde consigui\u00f3 <strong>ocho victorias<\/strong>, <strong>tres poles<\/strong> y <strong>32 podios<\/strong>. En efecto, el oriundo de Perth <strong>contar\u00eda con los argumentos para ser uno de los grandes candidatos a quedarse con una de las butacas que ofrece Cadillac<\/strong>.<\/p>\n<\/div>\n<p><h2><strong>Cadillac utilizar\u00e1 motores Ferrari durante sus primeros dos a\u00f1os en la F\u00f3rmula 1<\/strong><\/h2>\n<\/p>\n<div class=\"custom-text \" readability=\"35\">\n<p>La flamante escuder\u00eda se decant\u00f3 por <strong>Ferrari <\/strong>como proveedor de motores para los monoplazas que debutar\u00e1n en 2026. El acuerdo tendr\u00e1 validez hasta <strong>2028<\/strong>, ya que a partir de ese a\u00f1o General Motors se convertir\u00e1 en abastecedor y Cadillac <strong>podr\u00e1 utilizar un motor propio<\/strong>.<\/p>\n<\/div>\n<div class=\"sc-e7b891c4-0 ifHnQL image-embed\"><img alt=\"Los estadounidenses optaron por los italianos para propulsar a sus veh\u00edculos durante sus primeros a\u00f1os en la F1.\" loading=\"lazy\" width=\"720\" height=\"100\" decoding=\"async\" data-nimg=\"1\" src=\"http:\/\/cordobadirecto.com\/wp-content\/uploads\/2024\/12\/lo-echaron-de-la-f1-y-podria-volver-como-figura-de-un-equipo-1.jpg\"><span class=\"epigraphe\">Los estadounidenses optaron por los italianos para propulsar a sus veh\u00edculos durante sus primeros a\u00f1os en la F1.<\/span><\/div>\n<div class=\"sc-a7166897-0 eoLsBE\" readability=\"6.5\">\n<section readability=\"3\"><picture><img alt=\"Varrone, tras su prueba en la F\u00f3rmula 2: &quot;Las puertas est\u00e1n abiertas&quot;\" loading=\"lazy\" width=\"290\" height=\"290\" decoding=\"async\" data-nimg=\"1\" src=\"http:\/\/cordobadirecto.com\/wp-content\/uploads\/2024\/12\/lo-echaron-de-la-f1-y-podria-volver-como-figura-de-un-equipo-2.jpg\"><\/picture>\n<p><span>Mir\u00e1 tambi\u00e9n<\/span><\/p>\n<hr>\n<h3>Varrone, tras su prueba en la F\u00f3rmula 2: &#8220;Las puertas est\u00e1n abiertas&#8221;<\/h3>\n<\/p>\n<\/section>\n<\/div>\n<div class=\"sc-a7166897-0 eoLsBE\" readability=\"6\">\n<section readability=\"2\"><picture><img alt=\"\u00bfVuelve la F\u00f3rmula 1 a \u00c1frica? El pa\u00eds que se postul\u00f3 para recibir a la M\u00e1xima\" loading=\"lazy\" width=\"290\" height=\"290\" decoding=\"async\" data-nimg=\"1\" src=\"http:\/\/cordobadirecto.com\/wp-content\/uploads\/2024\/12\/lo-echaron-de-la-f1-y-podria-volver-como-figura-de-un-equipo-3.jpg\"><\/picture>\n<p><span>Mir\u00e1 tambi\u00e9n<\/span><\/p>\n<hr>\n<h3>\u00bfVuelve la F\u00f3rmula 1 a \u00c1frica? El pa\u00eds que se postul\u00f3 para recibir a la M\u00e1xima<\/h3>\n<\/p>\n<\/section>\n<\/div>\n<div class=\"sc-a7166897-0 eoLsBE\" readability=\"6.5\">\n<section readability=\"3\"><picture><img alt=\"Con un asiento libre, la prelista de la F\u00f3rmula 1 para 2025\" loading=\"lazy\" width=\"290\" height=\"290\" decoding=\"async\" data-nimg=\"1\" src=\"http:\/\/cordobadirecto.com\/wp-content\/uploads\/2024\/12\/lo-echaron-de-la-f1-y-podria-volver-como-figura-de-un-equipo-4.jpg\"><\/picture>\n<p><span>Mir\u00e1 tambi\u00e9n<\/span><\/p>\n<hr>\n<h3>Con un asiento libre, la prelista de la F\u00f3rmula 1 para 2025<\/h3>\n<\/p>\n<\/section>\n<\/div>\n<\/div>\n","protected":false},"excerpt":{"rendered":"<p>13\/12\/2024 19:07hs. En noviembre de este a\u00f1o, la F\u00f3rmula 1 lanz\u00f3 un comunicado para confirmar la llegada de una nueva escuder\u00eda, la und\u00e9cima en la parrilla. Se trata de Cadillac, el equipo estadounidense que, en consecuencia de su arribo pactado para el 2026, otorgar\u00e1 dos nuevos asientos. Ante esta situaci\u00f3n, se abri\u00f3 una posibilidad para [&hellip;]<\/p>\n","protected":false},"author":1,"featured_media":159637,"comment_status":"closed","ping_status":"closed","sticky":false,"template":"","format":"standard","meta":[],"categories":[21],"tags":[],"_links":{"self":[{"href":"http:\/\/cordobadirecto.com\/index.php\/wp-json\/wp\/v2\/posts\/159636"}],"collection":[{"href":"http:\/\/cordobadirecto.com\/index.php\/wp-json\/wp\/v2\/posts"}],"about":[{"href":"http:\/\/cordobadirecto.com\/index.php\/wp-json\/wp\/v2\/types\/post"}],"author":[{"embeddable":true,"href":"http:\/\/cordobadirecto.com\/index.php\/wp-json\/wp\/v2\/users\/1"}],"replies":[{"embeddable":true,"href":"http:\/\/cordobadirecto.com\/index.php\/wp-json\/wp\/v2\/comments?post=159636"}],"version-history":[{"count":0,"href":"http:\/\/cordobadirecto.com\/index.php\/wp-json\/wp\/v2\/posts\/159636\/revisions"}],"wp:featuredmedia":[{"embeddable":true,"href":"http:\/\/cordobadirecto.com\/index.php\/wp-json\/wp\/v2\/media\/159637"}],"wp:attachment":[{"href":"http:\/\/cordobadirecto.com\/index.php\/wp-json\/wp\/v2\/media?parent=159636"}],"wp:term":[{"taxonomy":"category","embeddable":true,"href":"http:\/\/cordobadirecto.com\/index.php\/wp-json\/wp\/v2\/categories?post=159636"},{"taxonomy":"post_tag","embeddable":true,"href":"http:\/\/cordobadirecto.com\/index.php\/wp-json\/wp\/v2\/tags?post=159636"}],"curies":[{"name":"wp","href":"https:\/\/api.w.org\/{rel}","templated":true}]}}