{"id":159640,"date":"2024-12-13T19:36:17","date_gmt":"2024-12-13T19:36:17","guid":{"rendered":"https:\/\/es.digitaltrends.com\/?p=1050866"},"modified":"2024-12-13T19:36:17","modified_gmt":"2024-12-13T19:36:17","slug":"ya-hay-fecha-para-que-google-y-apple-se-deshagan-de-tiktok","status":"publish","type":"post","link":"http:\/\/cordobadirecto.com\/index.php\/2024\/12\/13\/ya-hay-fecha-para-que-google-y-apple-se-deshagan-de-tiktok\/","title":{"rendered":"Ya hay fecha para que Google y Apple se deshagan de TikTok"},"content":{"rendered":"<figure id=\"attachment_975336\" aria-describedby=\"caption-attachment-975336\" class=\"wp-caption alignnone\"><img src=\"http:\/\/cordobadirecto.com\/wp-content\/uploads\/2024\/12\/ya-hay-fecha-para-que-google-y-apple-se-deshagan-de-tiktok.jpg\" data-dt-lazy-src=\"http:\/\/cordobadirecto.com\/wp-content\/uploads\/2024\/12\/ya-hay-fecha-para-que-google-y-apple-se-deshagan-de-tiktok.jpg\" fetchpriority=\"high\" decoding=\"async\" class=\" size-full wp-image-975336 h-lightbox is-zoomable dt-lazy-no\" alt=\"TikTok banderas Estados Unidos y China\" srcset=\"http:\/\/cordobadirecto.com\/wp-content\/uploads\/2024\/12\/ya-hay-fecha-para-que-google-y-apple-se-deshagan-de-tiktok-1.jpg 414w, http:\/\/cordobadirecto.com\/wp-content\/uploads\/2024\/12\/ya-hay-fecha-para-que-google-y-apple-se-deshagan-de-tiktok.jpg\" sizes=\"(max-width: 650px) 414px\"><figcaption id=\"caption-attachment-975336\" class=\"wp-caption-text\"><span class=\"credit\">Shutterstock \/ DTES<\/span><\/figcaption><\/figure>\n<p>Se est\u00e1 acabando el plazo para que Estados Unidos se quede sin <a href=\"https:\/\/es.digitaltrends.com\/sociales\/alternativas-que-deberias-usar-en-vez-de-tiktok\/\"><strong>TikTok<\/strong><\/a>, ya que dos legisladores del Congreso de ese pa\u00eds, advirtieron a Google y Apple que ya hay una fecha concreta para que eliminen a la aplicaci\u00f3n de ByteDance de sus tiendas.<\/p>\n<p>La carta bipartidista provino de dos l\u00edderes del comit\u00e9 de la C\u00e1mara de Representantes de Estados Unidos sobre China: el representante republicano John Moolenaar, quien es el presidente del comit\u00e9, y el principal representante dem\u00f3crata del grupo, Raja Krishnamoorthi.<\/p>\n<div class=\"b-connatix b-connatix--video\" id=\"dt-cnx-container-675c8cce5c922\">\n<div class=\"b-connatix__label\"> Recommended Videos <\/div>\n<div class=\"b-connatix__container\"> <\/div>\n<\/div>\n<p>La fecha para la eliminaci\u00f3n de TikTok de las tiendas de aplicaciones es el 19 de enero de 2025.<\/p>\n<p>Por separado, Moolenaar y Krishnamoorthi tambi\u00e9n instaron al CEO de TikTok, Shou Zi Chew, a vender la aplicaci\u00f3n: \u00abEl Congreso ha actuado con decisi\u00f3n para defender la seguridad nacional de Estados Unidos y proteger a los usuarios estadounidenses de TikTok del Partido Comunista Chino\u00bb, escribieron los legisladores. Instamos a <a href=\"https:\/\/es.digitaltrends.com\/deportes\/tiktok-messi-cam\/\"><strong>TikTok<\/strong><\/a>&nbsp;a ejecutar de inmediato una desinversi\u00f3n calificada\u00bb.<\/p>\n<figure id=\"attachment_980460\" aria-describedby=\"caption-attachment-980460\" class=\"wp-caption alignnone\"><img src=\"http:\/\/cordobadirecto.com\/wp-content\/uploads\/2024\/12\/ya-hay-fecha-para-que-google-y-apple-se-deshagan-de-tiktok.gif\" data-dt-lazy-src=\"https:\/\/es.digitaltrends.com\/wp-content\/uploads\/2023\/03\/tiktoker.jpeg?fit=600%2C450&amp;p=1\" decoding=\"async\" class=\" size-full wp-image-980460 h-lightbox is-zoomable dt-lazy-load dt-lazy-pending\" alt=\"Tiktoker\"><figcaption id=\"caption-attachment-980460\" class=\"wp-caption-text\"><span class=\"credit\">DTES<\/span><\/figcaption><\/figure>\n<p class=\"paragraph inline-placeholder vossi-paragraph\" data-uri=\"cms.cnn.com\/_components\/paragraph\/instances\/cm4n23sgv000r3b5vjia9tla7@published\" data-editable=\"text\" data-component-name=\"paragraph\" data-article-gutter=\"true\" data-analytics-observe=\"off\">El Departamento de Justicia dijo el mi\u00e9rcoles que si la prohibici\u00f3n entra en vigor el 19 de enero, \u00abno prohibir\u00eda directamente el uso continuado de TikTok\u00bb por parte de los usuarios de Apple o Google que ya han descargado TikTok. Sin embargo, admiti\u00f3 que las prohibiciones de proporcionar apoyo \u00abeventualmente har\u00e1n que la aplicaci\u00f3n sea inviable\u00bb.<\/p>\n<p class=\"paragraph inline-placeholder vossi-paragraph\" data-uri=\"cms.cnn.com\/_components\/paragraph\/instances\/cm4n24vmd000w3b5v1t9aqqri@published\" data-editable=\"text\" data-component-name=\"paragraph\" data-article-gutter=\"true\" data-analytics-observe=\"off\">En respuesta, TikTok dijo el jueves que, en ausencia de una orden judicial, la ley significa que la aplicaci\u00f3n desaparecer\u00e1 de las tiendas de aplicaciones m\u00f3viles el 19 de enero y \u00abno estar\u00e1 disponible para la mitad del pa\u00eds que a\u00fan no usa la aplicaci\u00f3n\u00bb. Advirti\u00f3 que poner fin a los servicios de soporte \u00abparalizar\u00e1 la plataforma en Estados Unidos y la har\u00e1 totalmente inutilizable\u00bb.<\/p>\n<p> <span id=\"publisher-md\" itemprop=\"publisher\" itemscope itemtype=\"https:\/\/schema.org\/Organization\"> <span itemprop=\"url\" itemtype=\"https:\/\/schema.org\/Url\" content=\"https:\/\/es.digitaltrends.com\"> <span itemprop=\"logo\" itemscope itemtype=\"https:\/\/schema.org\/ImageObject\"> <meta itemprop=\"url\" content=\"https:\/\/cdn.dtcn.com\/dt\/dt-logo-small.png\"> <meta itemprop=\"width\" content=\"0\"> <meta itemprop=\"height\" content=\"0\"> <\/span> <meta itemprop=\"name\" content=\"Digital Trends Espa\u00f1ol\"> <\/span> <span itemprop=\"image\" itemscope itemtype=\"https:\/\/schema.org\/ImageObject\"> <meta itemprop=\"url\" content=\"https:\/\/es.digitaltrends.com\/wp-content\/uploads\/2023\/01\/eliminar-tiktok.jpeg?p=1\"> <\/span> <\/span> <\/p>\n","protected":false},"excerpt":{"rendered":"<p>Shutterstock \/ DTES Se est\u00e1 acabando el plazo para que Estados Unidos se quede sin TikTok, ya que dos legisladores del Congreso de ese pa\u00eds, advirtieron a Google y Apple que ya hay una fecha concreta para que eliminen a la aplicaci\u00f3n de ByteDance de sus tiendas. La carta bipartidista provino de dos l\u00edderes del [&hellip;]<\/p>\n","protected":false},"author":1,"featured_media":159641,"comment_status":"closed","ping_status":"closed","sticky":false,"template":"","format":"standard","meta":[],"categories":[26],"tags":[],"_links":{"self":[{"href":"http:\/\/cordobadirecto.com\/index.php\/wp-json\/wp\/v2\/posts\/159640"}],"collection":[{"href":"http:\/\/cordobadirecto.com\/index.php\/wp-json\/wp\/v2\/posts"}],"about":[{"href":"http:\/\/cordobadirecto.com\/index.php\/wp-json\/wp\/v2\/types\/post"}],"author":[{"embeddable":true,"href":"http:\/\/cordobadirecto.com\/index.php\/wp-json\/wp\/v2\/users\/1"}],"replies":[{"embeddable":true,"href":"http:\/\/cordobadirecto.com\/index.php\/wp-json\/wp\/v2\/comments?post=159640"}],"version-history":[{"count":0,"href":"http:\/\/cordobadirecto.com\/index.php\/wp-json\/wp\/v2\/posts\/159640\/revisions"}],"wp:featuredmedia":[{"embeddable":true,"href":"http:\/\/cordobadirecto.com\/index.php\/wp-json\/wp\/v2\/media\/159641"}],"wp:attachment":[{"href":"http:\/\/cordobadirecto.com\/index.php\/wp-json\/wp\/v2\/media?parent=159640"}],"wp:term":[{"taxonomy":"category","embeddable":true,"href":"http:\/\/cordobadirecto.com\/index.php\/wp-json\/wp\/v2\/categories?post=159640"},{"taxonomy":"post_tag","embeddable":true,"href":"http:\/\/cordobadirecto.com\/index.php\/wp-json\/wp\/v2\/tags?post=159640"}],"curies":[{"name":"wp","href":"https:\/\/api.w.org\/{rel}","templated":true}]}}