{"id":159696,"date":"2024-12-14T12:53:35","date_gmt":"2024-12-14T12:53:35","guid":{"rendered":"https:\/\/cordoba.gob.ar\/?p=65076"},"modified":"2024-12-14T12:53:35","modified_gmt":"2024-12-14T12:53:35","slug":"en-el-1-foro-para-el-futuro-passerini-llamo-a-fortalecer-la-politica-e-impulsar-el-federalismo","status":"publish","type":"post","link":"http:\/\/cordobadirecto.com\/index.php\/2024\/12\/14\/en-el-1-foro-para-el-futuro-passerini-llamo-a-fortalecer-la-politica-e-impulsar-el-federalismo\/","title":{"rendered":"En el 1\u00b0 Foro para el Futuro, Passerini llam\u00f3 a fortalecer la pol\u00edtica e impulsar el federalismo"},"content":{"rendered":"<div><img src=\"http:\/\/cordobadirecto.com\/wp-content\/uploads\/2024\/12\/en-el-1-foro-para-el-futuro-passerini-llamo-a-fortalecer-la-politica-e-impulsar-el-federalismo.jpg\" class=\"ff-og-image-inserted\"><\/div>\n<ul class=\"ak-ul\">\n<li><strong>El intendente anim\u00f3 a los dirigentes a discutir el rol de los municipios frente al ajuste nacional.<\/strong><\/li>\n<li><strong>El foro es organizado por el Consejo para la Planificaci\u00f3n Estrat\u00e9gica de C\u00f3rdoba y&nbsp;re\u00fane a referentes del sector p\u00fablico, privado y acad\u00e9mico.<\/strong><\/li>\n<\/ul>\n<hr>\n<p>Frente a dirigentes de distintos signos pol\u00edticos y niveles de responsabilidades gubernamentales, el intendente Daniel Passerini abri\u00f3 el 1\u00b0 Foro para el Futuro. La jornada se realiz\u00f3 en el auditorio de la UCC y reuni\u00f3 a referentes del sector p\u00fablico, privado y acad\u00e9mico para discutir desaf\u00edos estrat\u00e9gicos y prioridades de desarrollo compartidas a corto, mediano y largo plazo.<\/p>\n<p>\u201cCreo que hablar de futuro es hablar de lo importante. Tenemos la capacidad pol\u00edtica y la enorme responsabilidad de construirlo, desde cada uno de los lugares que nos toca representar\u201d, expres\u00f3 Passerini durante el evento organizado por el Consejo para la Planificaci\u00f3n Estrat\u00e9gica de C\u00f3rdoba, organismo asesor en el dise\u00f1o de pol\u00edticas p\u00fablicas a nivel provincial.<\/p>\n<p>El intendente valor\u00f3 la realizaci\u00f3n del foro, especialmente en el cr\u00edtico contexto socio econ\u00f3mico actual. \u201cNo puede ser que el ajuste lo paguemos los municipios, las provincias y los jubilados. Hoy hay adelantos del tesoro nacional que van algunas provincias y algunas ciudades, a las nuestras nada. Creo que tambi\u00e9n es una discusi\u00f3n para el futuro que hay que plantear desde ahora\u201d, enfatiz\u00f3.<\/p>\n<p>En el mismo sentido Passerini volvi\u00f3 a criticar la eliminaci\u00f3n arbitraria de los subsidios al transporte por parte del Gobierno Nacional, manteni\u00e9ndolos para el \u00e1rea metropolitana de Buenos Aires, a la que sum\u00f3 recientemente la toma de un cr\u00e9dito internacional por 500 millones de d\u00f3lares.<\/p>\n<p>\u201c\u00bfQui\u00e9n puede creer que matando a los municipios se van a resolver los problemas de la Argentina? Nadie, salvo alguien que nunca fue intendente\u201d, enfatiz\u00f3 Passerini al tiempo que llam\u00f3 a buscar mejoras sensatas, defender el federalismo y la pol\u00edtica con cercan\u00eda, di\u00e1logo y raz\u00f3n.<\/p>\n<p>\u201cCuando C\u00f3rdoba sabe planificar, se adelanta al futuro. Argentina est\u00e1 llegando a lo que C\u00f3rdoba logr\u00f3 en 2009\u201d, resalt\u00f3 por su parte el presidente del Consejo para la Planificaci\u00f3n Estrat\u00e9gica de C\u00f3rdoba, Emilio Graglia. En ese sentido, record\u00f3 la implementaci\u00f3n de la Boleta \u00danica, reforma pol\u00edtica que trabaj\u00f3 junto a Daniel Passerini, por entonces tambi\u00e9n legislador provincial.<\/p>\n<p>En el marco del Foro, Graglia anunci\u00f3 la presentaci\u00f3n de las Bases para el Desarrollo del Plan Estrat\u00e9gico C\u00f3rdoba 2035. Se trata de un planeamiento a 10 a\u00f1os encargado al organismo por el gobernador Mart\u00edn Llaryora, un proceso que comenz\u00f3 a mediados de este a\u00f1o.<\/p>\n<p>Est\u00e1 dise\u00f1ado teniendo en cuenta la Agenda 2030 y el Pacto para el Futuro, iniciativas globales impulsadas desde la Organizaci\u00f3n para las Naciones Unidas (ONU).<\/p>\n<p>El Pacto para el Futuro ampl\u00eda los plazos y actualiza los alcances de la Agenda 2030 (adoptada en 2015), incorporando tem\u00e1ticas emergentes como la inteligencia artificial, la gobernanza digital, la seguridad internacional y la participaci\u00f3n de las generaciones futuras. Comparten el prop\u00f3sito de enfrentar los desaf\u00edos globales a trav\u00e9s de la cooperaci\u00f3n multilateral y un desarrollo sostenible e inclusivo.<\/p>\n<p><strong>El foro<\/strong><\/p>\n<p>El evento tiene como ejes tem\u00e1ticos las prioridades para el desarrollo provincial, seguridad y convivencia ciudadana, adem\u00e1s de la gobernanza anticipatoria frente a los desaf\u00edos emergentes.<\/p>\n<p>Participar\u00e1n destacados especialistas como Daniel Zovatto, Director Regional de IDEA Internacional, y Javier Medina V\u00e1squez, Director Ejecutivo Adjunto de la CEPAL, quienes expondr\u00e1n sobre distintos escenarios de crisis y la Agenda 2030.<\/p>\n<p>En distintos paneles disertar\u00e1n acad\u00e9micos de las Universidades Nacional de C\u00f3rdoba (UNC) y Nacional de Villa Mar\u00eda (UNVM),&nbsp; Provincial de C\u00f3rdoba (UPC), Cat\u00f3lica de C\u00f3rdoba (UCC), Siglo 21 (UES21) y Blas Pascal (UBP).<\/p>\n<p>Adem\u00e1s brindar\u00e1n conferencias los ministros de Econom\u00eda, Guillermo Acosta; de Gobierno, Manuel Calvo y de Seguridad, Juan Pablo Quinteros, vinculadas al modelo C\u00f3rdoba, las prioridades para el desarrollo y la seguridad ciudadana.<\/p>\n","protected":false},"excerpt":{"rendered":"<p>El intendente anim\u00f3 a los dirigentes a discutir el rol de los municipios frente al ajuste nacional. El foro es organizado por el Consejo para la Planificaci\u00f3n Estrat\u00e9gica de C\u00f3rdoba y&nbsp;re\u00fane a referentes del sector p\u00fablico, privado y acad\u00e9mico. Frente a dirigentes de distintos signos pol\u00edticos y niveles de responsabilidades gubernamentales, el intendente Daniel Passerini [&hellip;]<\/p>\n","protected":false},"author":1,"featured_media":159697,"comment_status":"closed","ping_status":"closed","sticky":false,"template":"","format":"standard","meta":[],"categories":[44],"tags":[],"_links":{"self":[{"href":"http:\/\/cordobadirecto.com\/index.php\/wp-json\/wp\/v2\/posts\/159696"}],"collection":[{"href":"http:\/\/cordobadirecto.com\/index.php\/wp-json\/wp\/v2\/posts"}],"about":[{"href":"http:\/\/cordobadirecto.com\/index.php\/wp-json\/wp\/v2\/types\/post"}],"author":[{"embeddable":true,"href":"http:\/\/cordobadirecto.com\/index.php\/wp-json\/wp\/v2\/users\/1"}],"replies":[{"embeddable":true,"href":"http:\/\/cordobadirecto.com\/index.php\/wp-json\/wp\/v2\/comments?post=159696"}],"version-history":[{"count":0,"href":"http:\/\/cordobadirecto.com\/index.php\/wp-json\/wp\/v2\/posts\/159696\/revisions"}],"wp:featuredmedia":[{"embeddable":true,"href":"http:\/\/cordobadirecto.com\/index.php\/wp-json\/wp\/v2\/media\/159697"}],"wp:attachment":[{"href":"http:\/\/cordobadirecto.com\/index.php\/wp-json\/wp\/v2\/media?parent=159696"}],"wp:term":[{"taxonomy":"category","embeddable":true,"href":"http:\/\/cordobadirecto.com\/index.php\/wp-json\/wp\/v2\/categories?post=159696"},{"taxonomy":"post_tag","embeddable":true,"href":"http:\/\/cordobadirecto.com\/index.php\/wp-json\/wp\/v2\/tags?post=159696"}],"curies":[{"name":"wp","href":"https:\/\/api.w.org\/{rel}","templated":true}]}}