{"id":159698,"date":"2024-12-14T12:08:13","date_gmt":"2024-12-14T12:08:13","guid":{"rendered":"https:\/\/cordoba.gob.ar\/?p=65047"},"modified":"2024-12-14T12:08:13","modified_gmt":"2024-12-14T12:08:13","slug":"los-vecinos-de-villa-retiro-de-horizonte-ii-ya-tienen-su-primera-plaza-propia","status":"publish","type":"post","link":"http:\/\/cordobadirecto.com\/index.php\/2024\/12\/14\/los-vecinos-de-villa-retiro-de-horizonte-ii-ya-tienen-su-primera-plaza-propia\/","title":{"rendered":"Los vecinos de Villa Retiro de Horizonte II ya tienen su primera plaza propia"},"content":{"rendered":"<div><img src=\"http:\/\/cordobadirecto.com\/wp-content\/uploads\/2024\/12\/los-vecinos-de-villa-retiro-de-horizonte-ii-ya-tienen-su-primera-plaza-propia.jpg\" class=\"ff-og-image-inserted\"><\/div>\n<ul>\n<li><strong><strong>Ellos mismos planificaron la obra que fue posible gracias al trabajo de la Municipalidad y la financiaci\u00f3n de Urbacor.<\/strong><\/strong><br \/>\n<hr>\n<\/li>\n<\/ul>\n<p>Un antiguo espacio en desuso ahora es un lugar de encuentro para 412 familias que disfrutan una plaza por primera vez. Juegos infantiles, \u00e1rboles y un mural transformaron un espacio en desuso en la nueva plaza del barrio.<\/p>\n<p>Se trata de un espacio de 850 m2 de \u00e1rea en barrio Villa Retiro de Horizonte II, que ya es disfrutado por los vecinos y vecinas del lugar para recrearse al aire libre.<\/p>\n<p>Los vecinos se involucraron y dise\u00f1aron el proyecto, que fue presentado al municipio en el marco del Concurso para Centros Vecinales y resultaron ganadores junto con otros cuatro espacios de la ciudad.<\/p>\n<p>El \u201cPrograma Ambiental para Centros Vecinales\u201d, en el que se enmarca el concurso, es una iniciativa impulsada en conjunto por la Secretar\u00eda de Ambiente Sustentable y Econom\u00eda Circular y su par de Fortalecimiento Vecinal y Deportes y cuenta con la financiaci\u00f3n de Urbacor.<\/p>\n<p>La Municipalidad acompa\u00f1a el esfuerzo de los vecinos de este barrio, que pagan su propia vivienda mes a mes. As\u00ed es que por primera vez, los vecinos disfrutan de una vivienda propia con una plaza para visitar.<\/p>\n<p>La inauguraci\u00f3n, en este sector de la zona noreste de la ciudad, fue encabezada por los titulares de ambas secretar\u00edas, Jorge Folloni y H\u00e9ctor \u201cPichi\u201d Campana, respectivamente.<\/p>\n<p>Para esta obra, los vecinos planificaron un sector de juegos infantiles, acompa\u00f1ado de un mural que representa los sentimientos de las familias que llegaron aqu\u00ed y la historia del barrio.<\/p>\n<p>All\u00ed un equipo de la Direcci\u00f3n de Espacios Verdes instal\u00f3 un equipo de hamacas doble, un subibaja y un tobog\u00e1n junto al mural, que se ejecut\u00f3 a trav\u00e9s del programa de arte urbano sostenible \u201cSustentarte\u201d.<\/p>\n<p>En el lugar, previamente acondicionado por personal de la Direcci\u00f3n de Higiene Urbana, tambi\u00e9n se plantaron especies nativas.<\/p>\n<p>Al momento del estreno de la obra, los vecinos celebraron con una feria de emprendedores del barrio y tambi\u00e9n se acercaron los ni\u00f1os y ni\u00f1as para estrenar los juegos.<\/p>\n<p>El barrio cuenta con 412 familias, por lo que cientos de vecinos se ver\u00e1n beneficiados por esta verdadera acci\u00f3n conjunta.<\/p>\n<p>Gracias al trabajo mancomunado entre el municipio, los vecinos y las empresas Lusa y Urbacor, otros cuatro espacios de la ciudad, que anteriormente eran basurales, tambi\u00e9n ser\u00e1n renovados en su totalidad.<\/p>\n","protected":false},"excerpt":{"rendered":"<p>Ellos mismos planificaron la obra que fue posible gracias al trabajo de la Municipalidad y la financiaci\u00f3n de Urbacor. Un antiguo espacio en desuso ahora es un lugar de encuentro para 412 familias que disfrutan una plaza por primera vez. Juegos infantiles, \u00e1rboles y un mural transformaron un espacio en desuso en la nueva plaza [&hellip;]<\/p>\n","protected":false},"author":1,"featured_media":159699,"comment_status":"closed","ping_status":"closed","sticky":false,"template":"","format":"standard","meta":[],"categories":[44],"tags":[],"_links":{"self":[{"href":"http:\/\/cordobadirecto.com\/index.php\/wp-json\/wp\/v2\/posts\/159698"}],"collection":[{"href":"http:\/\/cordobadirecto.com\/index.php\/wp-json\/wp\/v2\/posts"}],"about":[{"href":"http:\/\/cordobadirecto.com\/index.php\/wp-json\/wp\/v2\/types\/post"}],"author":[{"embeddable":true,"href":"http:\/\/cordobadirecto.com\/index.php\/wp-json\/wp\/v2\/users\/1"}],"replies":[{"embeddable":true,"href":"http:\/\/cordobadirecto.com\/index.php\/wp-json\/wp\/v2\/comments?post=159698"}],"version-history":[{"count":0,"href":"http:\/\/cordobadirecto.com\/index.php\/wp-json\/wp\/v2\/posts\/159698\/revisions"}],"wp:featuredmedia":[{"embeddable":true,"href":"http:\/\/cordobadirecto.com\/index.php\/wp-json\/wp\/v2\/media\/159699"}],"wp:attachment":[{"href":"http:\/\/cordobadirecto.com\/index.php\/wp-json\/wp\/v2\/media?parent=159698"}],"wp:term":[{"taxonomy":"category","embeddable":true,"href":"http:\/\/cordobadirecto.com\/index.php\/wp-json\/wp\/v2\/categories?post=159698"},{"taxonomy":"post_tag","embeddable":true,"href":"http:\/\/cordobadirecto.com\/index.php\/wp-json\/wp\/v2\/tags?post=159698"}],"curies":[{"name":"wp","href":"https:\/\/api.w.org\/{rel}","templated":true}]}}