{"id":159740,"date":"2024-12-16T13:19:50","date_gmt":"2024-12-16T13:19:50","guid":{"rendered":"https:\/\/es.digitaltrends.com\/?p=1050934"},"modified":"2024-12-16T13:19:50","modified_gmt":"2024-12-16T13:19:50","slug":"las-peliculas-mas-esperadas-de-2025","status":"publish","type":"post","link":"http:\/\/cordobadirecto.com\/index.php\/2024\/12\/16\/las-peliculas-mas-esperadas-de-2025\/","title":{"rendered":"Las pel\u00edculas m\u00e1s esperadas de 2025"},"content":{"rendered":"<div class=\"b-toc h-toc\"> <label for=\"dt-toc\"> Tabla de contenidos\t<\/label> <\/p>\n<div class=\"b-drop\"> <\/div><\/div>\n<p>Con el comienzo del nuevo a\u00f1o, llegan tambi\u00e9n las expectativas para los estrenos cinematogr\u00e1ficos. Y que no te enga\u00f1e el hecho de que apenas estamos por empezar enero, ya hay mucho que destacar entre las pel\u00edculas m\u00e1s esperadas de 2025 hasta el pr\u00f3ximo diciembre.<\/p>\n<p>Todav\u00eda puede haber algunos movimientos inesperados en el calendario, debido a posibles retrasos de producci\u00f3n o problemas de distribuci\u00f3n. Sin embargo, te presentamos 10 pel\u00edculas que debes agregar a tu calendario para la pr\u00f3xima vuelta al sol.<\/p>\n<div class=\"b-connatix b-connatix--video\" id=\"dt-cnx-container-6760290cde074\">\n<div class=\"b-connatix__label\"> Recommended Videos <\/div>\n<div class=\"b-connatix__container\"> <\/div>\n<\/div>\n<p><strong>Veamos 10 de las pel\u00edculas m\u00e1s esperadas de 2025.<\/strong><\/p>\n<h2><strong>Mickey 17<\/strong><\/h2>\n<div class=\"dtvideos-container\" data-provider=\"youtube\">\n<div class=\"dtvideos-details h-dtvideos-details-embed\">\n<div class=\"dtvideos-title\">Mickey 17 | Tr\u00e1iler Oficial | Subtitulado<\/div>\n<\/div>\n<\/div>\n<p>Parece que fue hace una eternidad cuando el cineasta surcoreano provoc\u00f3 furor con <em>Par\u00e1sitos<\/em> (2019), que tambi\u00e9n hizo historia al ser oscarizado. Luego de una larga espera, el director est\u00e1 de regreso con una adaptaci\u00f3n c\u00f3mica de la novela de ciencia ficci\u00f3n <em>Mickey7<\/em>, de Edward Ashton, titulada <em>Mickey 17<\/em> por alg\u00fan motivo que eventualmente hemos de descubrir. Protagoniza Robert Pattinson en el rol de un \u201cdesechable\u201d: un ser humano clonado <em>ad infinitum<\/em> para realizar peligrosos trabajos en una expedici\u00f3n espacial.<\/p>\n<p>\u00bfCu\u00e1ndo y d\u00f3nde? <em>Mickey 17<\/em> ha sido pospuesta varias veces, e incluso su fecha de estreno difiere entre pa\u00edses. Sin embargo, si nada cambia, llegar\u00e1 a salas de cine de Am\u00e9rica Latina el 30 de enero de 2025.<\/p>\n<h2><strong>Acaba con ellos<\/strong><\/h2>\n<div class=\"dtvideos-container\" data-provider=\"youtube\">\n<div class=\"dtvideos-details h-dtvideos-details-embed\">\n<div class=\"dtvideos-title\">ACABA CON ELLOS | Teaser Oficial | Febrero 6 en cines<\/div>\n<\/div>\n<\/div>\n<p>MUBI tendr\u00e1 el nada envidiable desaf\u00edo de superar el a\u00f1o r\u00e9cord que represent\u00f3 <em>La sustancia<\/em> para la compa\u00f1\u00eda en la taquilla. Sin embargo, el streaming y compa\u00f1\u00eda de distribuci\u00f3n contin\u00faa adquiriendo proyectos selectos y prometedores. Ya presentada en el Festival de Toronto de 2024, <em>Acaba con ellos<\/em> (<em>Bring them Down<\/em>) es el largometraje debut del director Christopher Brown, pero cuenta con dos grandes actores, Barry Keoghan y Christopher Abbott, al frente de un thriller de venganza en la Irlanda rural.<\/p>\n<p>\u00bfCu\u00e1ndo y d\u00f3nde? <em>Acaba con ellos<\/em> est\u00e1 confirmada para el 6 de febrero de 2025 en cines de M\u00e9xico, aunque se desconoce si llegar\u00e1 a otros territorios de Latinoam\u00e9rica en esa fecha. Tambi\u00e9n se estrenar\u00e1 directo en streaming el 7 de febrero en Estados Unidos, Reino Unido e Irlanda.<\/p>\n<h2><strong>Misi\u00f3n: Imposible \u2013 Sentencia Final<\/strong><\/h2>\n<div class=\"dtvideos-container\" data-provider=\"youtube\">\n<div class=\"dtvideos-details h-dtvideos-details-embed\">\n<div class=\"dtvideos-title\">Misi\u00f3n Imposible \u2013 Sentencia Final | Teaser Tr\u00e1iler (SUBTITULADO) | Tom Cruise (2025)<\/div>\n<\/div>\n<\/div>\n<p>Filmadas consecutivamente, la s\u00e9ptima y octava entrega de <a href=\"https:\/\/es.digitaltrends.com\/entretenimiento\/mision-imposible-the-final-reckoning-es-la-mejor-pelicula\/\"><strong>Misi\u00f3n: Imposible<\/strong><\/a>&nbsp;fueron concebidas originalmente como un d\u00edptico para despedir a la franquicia, incluso tituladas <em>Sentencia mortal Parte 1<\/em> y <em>Parte 2<\/em>. No est\u00e1 claro si Tom Cruise continuar\u00e1 como Ethan Hunt despu\u00e9s de la reci\u00e9n retitulada <em>Sentencia final<\/em>, pero el primer avance promete una misi\u00f3n peligrosa con un desenlace grave para luchar contra la Entidad de inteligencia artificial. Habr\u00e1 que ver, sobre todo al considerar el decepcionante desempe\u00f1o en taquilla de la s\u00e9ptima entrega.<\/p>\n<p>\u00bfCu\u00e1ndo y d\u00f3nde? <em>Misi\u00f3n: Imposible \u2013 Sentencia final<\/em> tiene su estreno en cines previsto para el 22 de mayo de 2025.<\/p>\n<h2>Elio<\/h2>\n<div class=\"dtvideos-container\" data-provider=\"youtube\">\n<div class=\"dtvideos-details h-dtvideos-details-embed\">\n<div class=\"dtvideos-title\">Elio | Tr\u00e1iler Oficial | Subtitulado<\/div>\n<\/div>\n<\/div>\n<p>Pixar ha tenido un err\u00e1tico paso por la taquilla en a\u00f1os recientes, tanto con historias originales como con spin-offs. <em>Elio<\/em>, la historia de un ni\u00f1o que es llevado a una comunidad intergal\u00e1ctica, donde es confundido por el l\u00edder de la Tierra. Habr\u00e1 que ver c\u00f3mo le va despu\u00e9s del descomunal \u00e9xito de <em>Intensa-Mente 2<\/em>, aunque el equipo creativo promete: codirige Domee Shi (<em>Red<\/em>) junto a los directores debutantes Madeline Sharafian y Adrian Molina.<\/p>\n<p>\u00bfCu\u00e1ndo y d\u00f3nde? Elio de Pixar est\u00e1 prevista para llegar a cines el 12 de junio de 2025.<\/p>\n<h2><strong>Superman<\/strong><\/h2>\n<figure id=\"attachment_1030417\" aria-describedby=\"caption-attachment-1030417\" class=\"wp-caption alignnone\"><img src=\"http:\/\/cordobadirecto.com\/wp-content\/uploads\/2024\/12\/las-peliculas-mas-esperadas-de-2025.gif\" data-dt-lazy-src=\"https:\/\/es.digitaltrends.com\/wp-content\/uploads\/2024\/06\/Superman.jpeg?fit=1096%2C721&amp;p=1\" fetchpriority=\"high\" decoding=\"async\" class=\" size-full wp-image-1030417 h-lightbox is-zoomable dt-lazy-load dt-lazy-pending\" alt=\"Superman\"><figcaption id=\"caption-attachment-1030417\" class=\"wp-caption-text\"><span class=\"credit\">DTES<\/span><\/figcaption><\/figure>\n<p>Es borr\u00f3n y cuenta nueva para DC Comics en el cine, ahora bajo el reformado DC Studios encabezado por James Gunn. Y si bien el nuevo DC Universe ya fue inaugurado por la serie animada <em>Creature Commandos<\/em>, su gran incursi\u00f3n en el cine ser\u00e1 con <em>Superman<\/em>, protagonizada por David Corenswet como Clark Kent, Rachel Brosnahan como Lois Lane y Nicholas Hoult como Lex Luthor.<\/p>\n<p>\u00bfCu\u00e1ndo y d\u00f3nde? <a href=\"https:\/\/es.digitaltrends.com\/entretenimiento\/hijo-cristopher-reeve-estara-superman-james-gunn\/\"><strong><em>Superman<\/em> de James Gunn<\/strong> <\/a>se estrena en salas de cine el 11 de julio de 2025.<\/p>\n<h2>The Fantastic Four: First Steps<\/h2>\n<blockquote class=\"h-lazy-embed\" data-width=\"500\" data-dnt=\"true\" data-initial-classes=\"twitter-tweet\" data-embed-name=\"twitter\" data-sdk-src=\"\/\/platform.twitter.com\/widgets.js\">\n<p lang=\"en\" dir=\"ltr\">Happy Valentine\u2019s Day from Marvel\u2019s First Family! Pedro Pascal, Vanessa Kirby, Ebon Moss-Bachrach, and Joseph Quinn are The Fantastic Four.<\/p>\n<p>Marvel Studios&amp;#39; <a href=\"https:\/\/twitter.com\/hashtag\/TheFantasticFour?src=hash&amp;amp;ref_src=twsrc%5Etfw\">#TheFantasticFour<\/a>, in theaters July 25, 2025. <a href=\"https:\/\/t.co\/skPZLqu21h\">pic.twitter.com\/skPZLqu21h<\/a><\/p>\n<p>&amp;mdash; Fantastic Four (@FantasticFour) <a href=\"https:\/\/twitter.com\/FantasticFour\/status\/1757797240113102884?ref_src=twsrc%5Etfw\">February 14, 2024<\/a><\/p>\n<\/blockquote>\n<p>En el otro lado del espectro de superh\u00e9roes tenemos a Marvel, cuyo camino para adaptar Los Cuatro Fant\u00e1sticos al cine ha sido largo y lleno de tropiezos. Si bien Marvel Studios tiene otros dos estrenos cinematogr\u00e1ficos planeados para 2025, <em>The Fantastic Four: First Steps<\/em> es, por mucho, la que m\u00e1s genera expectativa: ser\u00e1 la incursi\u00f3n oficial de su Primera Familia al Universo Cinematogr\u00e1fico de Marvel despu\u00e9s de una larga espera e inaugurar\u00e1 la Fase 6, la antesala a las esperadas secuelas de Avengers.<\/p>\n<p>\u00bfCu\u00e1ndo y d\u00f3nde? <em>The Fantastic Four: First Steps<\/em> se estrena en salas de cine el 24 de julio de 2025.<\/p>\n<h2><strong>Tron: Ares<\/strong><\/h2>\n<blockquote class=\"h-lazy-embed\" data-width=\"500\" data-dnt=\"true\" data-initial-classes=\"twitter-tweet\" data-embed-name=\"twitter\" data-sdk-src=\"\/\/platform.twitter.com\/widgets.js\">\n<p lang=\"es\" dir=\"ltr\">\u00bfEst\u00e1n listos? \ud83e\udd4f<\/p>\n<p>TRON: ARES 2025 <a href=\"https:\/\/t.co\/v5oBXrDKkc\">pic.twitter.com\/v5oBXrDKkc<\/a><\/p>\n<p>&amp;mdash; Disney Studios LA (@DisneyStudiosLA) <a href=\"https:\/\/twitter.com\/DisneyStudiosLA\/status\/1763314091706163347?ref_src=twsrc%5Etfw\">February 29, 2024<\/a><\/p>\n<\/blockquote>\n<p>La saga de ciencia ficci\u00f3n Tron, de Disney, ha tenido una existencia err\u00e1tica desde la entrega original de 1982, entre el \u00e9xito y el fracaso en taquilla, respuesta de la cr\u00edtica que va de tibia a entusiasta. Luego de la \u00faltima entrega en cines de 2012, <em>Tron: Ares<\/em> revive la saga para contar la historia de la inteligencia artificial hom\u00f3nima (Jared Leto), quien es enviada del mundo digital a una misi\u00f3n en el mundo real.<\/p>\n<p>\u00bfCu\u00e1ndo y d\u00f3nde? El estreno de <em>Tron: Ares<\/em> est\u00e1 previsto para el 9 de octubre de 2025 en salas de cine.<\/p>\n<h2><strong>Avatar: Fire and Ash<\/strong><\/h2>\n<blockquote class=\"h-lazy-embed\" data-width=\"500\" data-dnt=\"true\" data-initial-classes=\"twitter-tweet\" data-embed-name=\"twitter\" data-sdk-src=\"\/\/platform.twitter.com\/widgets.js\">\n<p lang=\"en\" dir=\"ltr\">Just announced at <a href=\"https:\/\/twitter.com\/hashtag\/D23?src=hash&amp;amp;ref_src=twsrc%5Etfw\">#D23<\/a>, our title for the next Avatar film:<\/p>\n<p>Avatar: Fire and Ash. Get ready to journey back to Pandora, in theaters December 19, 2025. <a href=\"https:\/\/t.co\/gZkCCsTl9x\">pic.twitter.com\/gZkCCsTl9x<\/a><\/p>\n<p>&amp;mdash; Avatar (@officialavatar) <a href=\"https:\/\/twitter.com\/officialavatar\/status\/1822101210666795332?ref_src=twsrc%5Etfw\">August 10, 2024<\/a><\/p>\n<\/blockquote>\n<p>La monumental saga de ciencia ficci\u00f3n (en taquilla, al menos) creada por James Cameron permaneci\u00f3 dormida un tiempo considerable desde el estreno de la innovadora entrega original en 2009, pero la producci\u00f3n compens\u00f3 el tiempo perdido al filmar las dos primeras secuelas (de cuatro planeadas) de manera consecutiva. <em>Avatar: Fire And Ash<\/em> retomar\u00e1 la trama donde se qued\u00f3 <em>El camino del agua<\/em> (2022), introducir\u00e1 nuevas facetas de Pandora y la sociedad Na\u2019vi y ver\u00e1 los regresos de Sam Worthington, Zoe Salda\u00f1a, Sigourney Weaver, Stephen Lang, Joel David Moore, CCH Pounder y Giovanni Ribis, con las adiciones de Oona Chaplin y David Thewlis en nuevos papeles.<\/p>\n<p>\u00bfCu\u00e1ndo y d\u00f3nde? <em>Avatar: Fire and Ash<\/em> ha sido pospuesta varias veces, pero si nada cambia, llegar\u00e1 a salas de cine el 18 de diciembre de 2025.<\/p>\n<h2><strong>Frankenstein de Guillermo del Toro<\/strong><\/h2>\n<blockquote class=\"h-lazy-embed\" data-width=\"500\" data-dnt=\"true\" data-initial-classes=\"twitter-tweet\" data-embed-name=\"twitter\" data-sdk-src=\"\/\/platform.twitter.com\/widgets.js\">\n<p lang=\"en\" dir=\"ltr\">First Look: It\u2019s alive! Take an early look at Guillermo del Toro\u2019s \u2018Frankenstein,\u2019 starring Jacob Elordi, Oscar Issac, Mia Goth, and more. <\/p>\n<p>\ud83d\udd17: <a href=\"https:\/\/t.co\/YdskWj9n4W\">https:\/\/t.co\/YdskWj9n4W<\/a> <a href=\"https:\/\/t.co\/QDWJwlA8aA\">pic.twitter.com\/QDWJwlA8aA<\/a><\/p>\n<p>&amp;mdash; VANITY FAIR (@VanityFair) <a href=\"https:\/\/twitter.com\/VanityFair\/status\/1859622883733258343?ref_src=twsrc%5Etfw\">November 21, 2024<\/a><\/p>\n<\/blockquote>\n<p>\u00bfCu\u00e1ntas veces hemos visto en el cine el relato de Frankenstein, de Mary Shelley? Quiz\u00e1 demasiadas, pero ninguna bajo el actual maestro mexicano del terror y la fantas\u00eda g\u00f3tica, Guillermo del Toro. A\u00fan se desconocen muchos detalles, pero, a juzgar por el antecedente de Pinocho y con un cast que incluye a Oscar Isaac, Christoph Waltz, Mia Goth y Jacob Elordi, podemos esperar algo muy interesante.<\/p>\n<p>\u00bfCu\u00e1ndo y d\u00f3nde? Netflix estrenar\u00e1 <em>Frankenstein de Guillermo del Toro<\/em> en alg\u00fan momento de 2025. Se desconoce si tendr\u00e1 exhibici\u00f3n en cines antes de llegar al streaming.<\/p>\n<h2><strong>Materialists<\/strong><\/h2>\n<blockquote class=\"h-lazy-embed\" data-width=\"500\" data-dnt=\"true\" data-initial-classes=\"twitter-tweet\" data-embed-name=\"twitter\" data-sdk-src=\"\/\/platform.twitter.com\/widgets.js\">\n<p lang=\"en\" dir=\"ltr\">First Look: Celine Song\u2019s \u2018Materialists\u2019 features a love triangle, similar to her breakout film \u2018Past Lives\u2019\u2014this time starring Dakota Johnson, Chris Evans, and Pedro Pascal.<\/p>\n<p>\ud83d\udd17: <a href=\"https:\/\/t.co\/shk7s2SiHR\">https:\/\/t.co\/shk7s2SiHR<\/a> <a href=\"https:\/\/t.co\/ZnSX14o9hZ\">pic.twitter.com\/ZnSX14o9hZ<\/a><\/p>\n<p>&amp;mdash; VANITY FAIR (@VanityFair) <a href=\"https:\/\/twitter.com\/VanityFair\/status\/1859626947233398793?ref_src=twsrc%5Etfw\">November 21, 2024<\/a><\/p>\n<\/blockquote>\n<p>Con <em>Vidas pasadas<\/em>, la dramaturga neoyorquina de ascendencia coreana, Celine Song, provoc\u00f3 furor y pis\u00f3 fuerte en la escena del cine independiente, al grado de anotarse dos nominaciones a los Premios \u00d3scar (entre muchos otros premios). No por nada, <em>Materialists<\/em> es uno de los estrenos m\u00e1s esperados del a\u00f1o en dicho circuito. No se conocen muchos detalles, salvo que ser\u00e1 distribuida por A24 y contar\u00e1 con un tri\u00e1ngulo amoroso entre Chris Evans, Dakota Johnson y Pedro Pascal.<\/p>\n<p>\u00bfCu\u00e1ndo y d\u00f3nde? <em>Materialists<\/em> a\u00fan no tiene fecha de estreno confirmada, pero se espera que llegue a salas de cine en 2025.<\/p>\n<p> <span id=\"publisher-md\" itemprop=\"publisher\" itemscope itemtype=\"https:\/\/schema.org\/Organization\"> <span itemprop=\"url\" itemtype=\"https:\/\/schema.org\/Url\" content=\"https:\/\/es.digitaltrends.com\"> <span itemprop=\"logo\" itemscope itemtype=\"https:\/\/schema.org\/ImageObject\"> <meta itemprop=\"url\" content=\"https:\/\/cdn.dtcn.com\/dt\/dt-logo-small.png\"> <meta itemprop=\"width\" content=\"0\"> <meta itemprop=\"height\" content=\"0\"> <\/span> <meta itemprop=\"name\" content=\"Digital Trends Espa\u00f1ol\"> <\/span> <span itemprop=\"image\" itemscope itemtype=\"https:\/\/schema.org\/ImageObject\"> <meta itemprop=\"url\" content=\"https:\/\/es.digitaltrends.com\/wp-content\/uploads\/2024\/10\/Superman-y-Kripto.jpeg?p=1\"> <\/span> <\/span> <\/p>\n","protected":false},"excerpt":{"rendered":"<p>Tabla de contenidos Con el comienzo del nuevo a\u00f1o, llegan tambi\u00e9n las expectativas para los estrenos cinematogr\u00e1ficos. Y que no te enga\u00f1e el hecho de que apenas estamos por empezar enero, ya hay mucho que destacar entre las pel\u00edculas m\u00e1s esperadas de 2025 hasta el pr\u00f3ximo diciembre. Todav\u00eda puede haber algunos movimientos inesperados en el [&hellip;]<\/p>\n","protected":false},"author":1,"featured_media":159741,"comment_status":"closed","ping_status":"closed","sticky":false,"template":"","format":"standard","meta":[],"categories":[18],"tags":[],"_links":{"self":[{"href":"http:\/\/cordobadirecto.com\/index.php\/wp-json\/wp\/v2\/posts\/159740"}],"collection":[{"href":"http:\/\/cordobadirecto.com\/index.php\/wp-json\/wp\/v2\/posts"}],"about":[{"href":"http:\/\/cordobadirecto.com\/index.php\/wp-json\/wp\/v2\/types\/post"}],"author":[{"embeddable":true,"href":"http:\/\/cordobadirecto.com\/index.php\/wp-json\/wp\/v2\/users\/1"}],"replies":[{"embeddable":true,"href":"http:\/\/cordobadirecto.com\/index.php\/wp-json\/wp\/v2\/comments?post=159740"}],"version-history":[{"count":0,"href":"http:\/\/cordobadirecto.com\/index.php\/wp-json\/wp\/v2\/posts\/159740\/revisions"}],"wp:featuredmedia":[{"embeddable":true,"href":"http:\/\/cordobadirecto.com\/index.php\/wp-json\/wp\/v2\/media\/159741"}],"wp:attachment":[{"href":"http:\/\/cordobadirecto.com\/index.php\/wp-json\/wp\/v2\/media?parent=159740"}],"wp:term":[{"taxonomy":"category","embeddable":true,"href":"http:\/\/cordobadirecto.com\/index.php\/wp-json\/wp\/v2\/categories?post=159740"},{"taxonomy":"post_tag","embeddable":true,"href":"http:\/\/cordobadirecto.com\/index.php\/wp-json\/wp\/v2\/tags?post=159740"}],"curies":[{"name":"wp","href":"https:\/\/api.w.org\/{rel}","templated":true}]}}