{"id":159745,"date":"2024-12-16T18:56:30","date_gmt":"2024-12-16T18:56:30","guid":{"rendered":"https:\/\/cordoba.gob.ar\/?p=65180"},"modified":"2024-12-16T18:56:30","modified_gmt":"2024-12-16T18:56:30","slug":"finalizaron-las-obras-de-reparacion-de-desague-y-taludes-en-costanera-norte-la-calzada-se-encuentra-habilitada-al-transito","status":"publish","type":"post","link":"http:\/\/cordobadirecto.com\/index.php\/2024\/12\/16\/finalizaron-las-obras-de-reparacion-de-desague-y-taludes-en-costanera-norte-la-calzada-se-encuentra-habilitada-al-transito\/","title":{"rendered":"Finalizaron las obras de reparaci\u00f3n de desag\u00fce y taludes en Costanera Norte: la calzada se encuentra habilitada al tr\u00e1nsito"},"content":{"rendered":"<div><img src=\"http:\/\/cordobadirecto.com\/wp-content\/uploads\/2024\/12\/finalizaron-las-obras-de-reparacion-de-desague-y-taludes-en-costanera-norte-la-calzada-se-encuentra-habilitada-al-transito.jpg\" class=\"ff-og-image-inserted\"><\/div>\n<p>La Municipalidad de C\u00f3rdoba concret\u00f3 las obras de reparaci\u00f3n de desag\u00fce pluvial y recomposici\u00f3n de taludes en Costanera Norte.<\/p>\n<p>Se trata de seis metros lineales de un ca\u00f1o que fue averiado a metros de la intersecci\u00f3n con Jos\u00e9 Mar\u00eda Gal\u00e1n, por el desprendimiento de taludes a la vera del Suqu\u00eda a causa de las lluvias.<\/p>\n<p>Se concret\u00f3 el relleno con material de compactaci\u00f3n y la ejecuci\u00f3n de tabiques y lozas de hormig\u00f3n para estabilizar la calle y el talud.<\/p>\n<p>En paralelo se restituy\u00f3 la boca de tormenta que se anexa al desag\u00fce reparado.<\/p>\n<p>Tambi\u00e9n se contempl\u00f3 la restituci\u00f3n de un tramo de la ciclov\u00eda en este punto de la ciudad, junto con la colocaci\u00f3n de barandas de metal que bordean el r\u00edo en su parte alta.<\/p>\n<p>Costanera Norte ya se encuentra habilitada al tr\u00e1nsito vehicular.<\/p>\n","protected":false},"excerpt":{"rendered":"<p>La Municipalidad de C\u00f3rdoba concret\u00f3 las obras de reparaci\u00f3n de desag\u00fce pluvial y recomposici\u00f3n de taludes en Costanera Norte. Se trata de seis metros lineales de un ca\u00f1o que fue averiado a metros de la intersecci\u00f3n con Jos\u00e9 Mar\u00eda Gal\u00e1n, por el desprendimiento de taludes a la vera del Suqu\u00eda a causa de las lluvias. [&hellip;]<\/p>\n","protected":false},"author":1,"featured_media":159746,"comment_status":"closed","ping_status":"closed","sticky":false,"template":"","format":"standard","meta":[],"categories":[44],"tags":[],"_links":{"self":[{"href":"http:\/\/cordobadirecto.com\/index.php\/wp-json\/wp\/v2\/posts\/159745"}],"collection":[{"href":"http:\/\/cordobadirecto.com\/index.php\/wp-json\/wp\/v2\/posts"}],"about":[{"href":"http:\/\/cordobadirecto.com\/index.php\/wp-json\/wp\/v2\/types\/post"}],"author":[{"embeddable":true,"href":"http:\/\/cordobadirecto.com\/index.php\/wp-json\/wp\/v2\/users\/1"}],"replies":[{"embeddable":true,"href":"http:\/\/cordobadirecto.com\/index.php\/wp-json\/wp\/v2\/comments?post=159745"}],"version-history":[{"count":0,"href":"http:\/\/cordobadirecto.com\/index.php\/wp-json\/wp\/v2\/posts\/159745\/revisions"}],"wp:featuredmedia":[{"embeddable":true,"href":"http:\/\/cordobadirecto.com\/index.php\/wp-json\/wp\/v2\/media\/159746"}],"wp:attachment":[{"href":"http:\/\/cordobadirecto.com\/index.php\/wp-json\/wp\/v2\/media?parent=159745"}],"wp:term":[{"taxonomy":"category","embeddable":true,"href":"http:\/\/cordobadirecto.com\/index.php\/wp-json\/wp\/v2\/categories?post=159745"},{"taxonomy":"post_tag","embeddable":true,"href":"http:\/\/cordobadirecto.com\/index.php\/wp-json\/wp\/v2\/tags?post=159745"}],"curies":[{"name":"wp","href":"https:\/\/api.w.org\/{rel}","templated":true}]}}