{"id":159774,"date":"2024-12-16T19:55:35","date_gmt":"2024-12-16T19:55:35","guid":{"rendered":"https:\/\/es.digitaltrends.com\/?p=1051081"},"modified":"2024-12-16T19:55:35","modified_gmt":"2024-12-16T19:55:35","slug":"llego-la-recapitulacion-de-2024-de-instagram","status":"publish","type":"post","link":"http:\/\/cordobadirecto.com\/index.php\/2024\/12\/16\/llego-la-recapitulacion-de-2024-de-instagram\/","title":{"rendered":"Lleg\u00f3 la recapitulaci\u00f3n de 2024 de Instagram"},"content":{"rendered":"<p>Para <a href=\"https:\/\/es.digitaltrends.com\/sociales\/como-ver-instagram-sin-una-cuenta\/\"><strong>Instagram<\/strong><\/a>&nbsp;tambi\u00e9n lleg\u00f3 el momento de hacer recapitulaciones de 2024, y por eso est\u00e1 lanzando una cl\u00e1sica funci\u00f3n de hacer un collage con tus mejores fotos del a\u00f1o y subirlas a tus Stories.<\/p>\n<p class=\"duet--article--dangerously-set-cms-markup duet--article--standard-paragraph mb-20 font-fkroman text-18 leading-160 -tracking-1 selection:bg-franklin-20 dark:text-white dark:selection:bg-blurple [&amp;_a:hover]:shadow-highlight-franklin dark:[&amp;_a:hover]:shadow-highlight-blurple [&amp;_a]:shadow-underline-black dark:[&amp;_a]:shadow-underline-white\">La nueva funci\u00f3n, que solo est\u00e1 disponible hasta la primera semana de enero, te permite combinar un mont\u00f3n de fotos de todo el a\u00f1o y compartirlas con amigos.<\/p>\n<div class=\"b-connatix b-connatix--video\" id=\"dt-cnx-container-6760862690afb\">\n<div class=\"b-connatix__label\"> Recommended Videos <\/div>\n<div class=\"b-connatix__container\"> <\/div>\n<\/div>\n<p class=\"duet--article--dangerously-set-cms-markup duet--article--standard-paragraph mb-20 font-fkroman text-18 leading-160 -tracking-1 selection:bg-franklin-20 dark:text-white dark:selection:bg-blurple [&amp;_a:hover]:shadow-highlight-franklin dark:[&amp;_a:hover]:shadow-highlight-blurple [&amp;_a]:shadow-underline-black dark:[&amp;_a]:shadow-underline-white\">Actualmente, solo puede crear historias en forma de collage agregando una foto a su historia, cambiando su tama\u00f1o, movi\u00e9ndola por la pantalla y luego agregando m\u00e1s im\u00e1genes como pegatinas. La funci\u00f3n de dise\u00f1o de Instagram tambi\u00e9n le permite agregar varias fotos a una historia, pero solo aparecen en formato de cuadr\u00edcula.<\/p>\n<figure id=\"attachment_1051083\" aria-describedby=\"caption-attachment-1051083\" class=\"wp-caption alignnone\"><img src=\"http:\/\/cordobadirecto.com\/wp-content\/uploads\/2024\/12\/llego-la-recapitulacion-de-2024-de-instagram.gif\" data-dt-lazy-src=\"https:\/\/es.digitaltrends.com\/wp-content\/uploads\/2024\/12\/Instagram-collage-2024-1.jpeg?fit=705%2C687&amp;p=1\" fetchpriority=\"high\" decoding=\"async\" class=\" size-full wp-image-1051083 h-lightbox is-zoomable dt-lazy-load dt-lazy-pending\" alt><figcaption id=\"caption-attachment-1051083\" class=\"wp-caption-text\"><span class=\"credit\">Imagen utilizada con permiso del titular de los derechos de autor<\/span><\/figcaption><\/figure>\n<p>Instagram tambi\u00e9n est\u00e1 implementando algunas otras funciones temporales, incluidas&nbsp;<a href=\"https:\/\/about.instagram.com\/blog\/tips-and-tricks\/instagram-story-tips-tricks\">las plantillas \u00abAgrega la tuya\u00bb<\/a>&nbsp;con tem\u00e1tica de fin de a\u00f1o, lo que permite a tus amigos responder a tu historia con una propia. Tambi\u00e9n hay nuevos efectos de texto de \u00abA\u00f1o Nuevo\u00bb y \u00abCuenta Regresiva\u00bb, temas de chat de vacaciones para DM, as\u00ed como frases secretas, como \u00abfeliz A\u00f1o Nuevo\u00bb, en notas y DM que activan efectos especiales.<\/p>\n<p> <span id=\"publisher-md\" itemprop=\"publisher\" itemscope itemtype=\"https:\/\/schema.org\/Organization\"> <span itemprop=\"url\" itemtype=\"https:\/\/schema.org\/Url\" content=\"https:\/\/es.digitaltrends.com\"> <span itemprop=\"logo\" itemscope itemtype=\"https:\/\/schema.org\/ImageObject\"> <meta itemprop=\"url\" content=\"https:\/\/cdn.dtcn.com\/dt\/dt-logo-small.png\"> <meta itemprop=\"width\" content=\"0\"> <meta itemprop=\"height\" content=\"0\"> <\/span> <meta itemprop=\"name\" content=\"Digital Trends Espa\u00f1ol\"> <\/span> <span itemprop=\"image\" itemscope itemtype=\"https:\/\/schema.org\/ImageObject\"> <meta itemprop=\"url\" content=\"https:\/\/es.digitaltrends.com\/wp-content\/uploads\/2024\/12\/Instagram-collage-2024.jpeg?p=1\"> <\/span> <\/span> <\/p>\n","protected":false},"excerpt":{"rendered":"<p>Para Instagram&nbsp;tambi\u00e9n lleg\u00f3 el momento de hacer recapitulaciones de 2024, y por eso est\u00e1 lanzando una cl\u00e1sica funci\u00f3n de hacer un collage con tus mejores fotos del a\u00f1o y subirlas a tus Stories. La nueva funci\u00f3n, que solo est\u00e1 disponible hasta la primera semana de enero, te permite combinar un mont\u00f3n de fotos de todo [&hellip;]<\/p>\n","protected":false},"author":1,"featured_media":159775,"comment_status":"closed","ping_status":"closed","sticky":false,"template":"","format":"standard","meta":[],"categories":[26],"tags":[],"_links":{"self":[{"href":"http:\/\/cordobadirecto.com\/index.php\/wp-json\/wp\/v2\/posts\/159774"}],"collection":[{"href":"http:\/\/cordobadirecto.com\/index.php\/wp-json\/wp\/v2\/posts"}],"about":[{"href":"http:\/\/cordobadirecto.com\/index.php\/wp-json\/wp\/v2\/types\/post"}],"author":[{"embeddable":true,"href":"http:\/\/cordobadirecto.com\/index.php\/wp-json\/wp\/v2\/users\/1"}],"replies":[{"embeddable":true,"href":"http:\/\/cordobadirecto.com\/index.php\/wp-json\/wp\/v2\/comments?post=159774"}],"version-history":[{"count":0,"href":"http:\/\/cordobadirecto.com\/index.php\/wp-json\/wp\/v2\/posts\/159774\/revisions"}],"wp:featuredmedia":[{"embeddable":true,"href":"http:\/\/cordobadirecto.com\/index.php\/wp-json\/wp\/v2\/media\/159775"}],"wp:attachment":[{"href":"http:\/\/cordobadirecto.com\/index.php\/wp-json\/wp\/v2\/media?parent=159774"}],"wp:term":[{"taxonomy":"category","embeddable":true,"href":"http:\/\/cordobadirecto.com\/index.php\/wp-json\/wp\/v2\/categories?post=159774"},{"taxonomy":"post_tag","embeddable":true,"href":"http:\/\/cordobadirecto.com\/index.php\/wp-json\/wp\/v2\/tags?post=159774"}],"curies":[{"name":"wp","href":"https:\/\/api.w.org\/{rel}","templated":true}]}}