{"id":159782,"date":"2024-12-16T13:23:22","date_gmt":"2024-12-16T13:23:22","guid":{"rendered":"https:\/\/cordoba.gob.ar\/?p=65165"},"modified":"2024-12-16T13:23:22","modified_gmt":"2024-12-16T13:23:22","slug":"nueve-cpc-tendran-atencion-con-horario-extendido-esta-semana","status":"publish","type":"post","link":"http:\/\/cordobadirecto.com\/index.php\/2024\/12\/16\/nueve-cpc-tendran-atencion-con-horario-extendido-esta-semana\/","title":{"rendered":"Nueve CPC tendr\u00e1n atenci\u00f3n con horario extendido esta semana"},"content":{"rendered":"<div><img src=\"http:\/\/cordobadirecto.com\/wp-content\/uploads\/2024\/12\/nueve-cpc-tendran-atencion-con-horario-extendido-esta-semana.jpg\" class=\"ff-og-image-inserted\"><\/div>\n<ul>\n<li><strong>Ser\u00e1n los de General Paz, Mercado de la Ciudad, Villa El Libertador, Rancagua, Gui\u00f1az\u00fa, Chalet San Felipe, Monse\u00f1or Pablo Cabrera, Capdevila y Mercantil.<\/strong><\/li>\n<\/ul>\n<hr>\n<p>La Municipalidad de C\u00f3rdoba informa que esta semana nueve Centros de Participaci\u00f3n Comunal de la ciudad abrir\u00e1n sus puertas con horario extendido para que los vecinos de la ciudad se puedan acercarse a realizar sus tr\u00e1mites fuera del horario de comercio.<\/p>\n<p>Ser\u00e1n los CPC de General Paz, Mercado de la Ciudad, Villa El Libertador, Rancagua, Gui\u00f1az\u00fa, Chalet San Felipe, Monse\u00f1or Pablo Cabrera, Capdevila y Mercantil, cubriendo diversos puntos de la ciudad.<\/p>\n<p>El horario de atenci\u00f3n ser\u00e1 de 10 a 14 horas y de 16 a 18 horas, entre el lunes 16 y el viernes 20 de diciembre; y de 8 a 14 horas el s\u00e1bado 21 de diciembre.<\/p>\n<p>El resto de los CPC funcionar\u00e1 en el horario de 10 a 14 horas, con excepci\u00f3n del CPC Arg\u00fcello que se encuentra cerrado temporalmente por arreglos del sistema el\u00e9ctrico.<\/p>\n<p>La ubicaci\u00f3n de estos Centros de Participaci\u00f3n Comunal es:<\/p>\n<ul>\n<li>CPC General Paz: Juan P. Pringles 420, barrio General Paz<\/li>\n<li>CPC Mercado de la Ciudad: Oncativo 50, barrio Centro<\/li>\n<li>CPC Villa El Libertador: Av. Armada Argentina 5500, barrio Villa El Libertador<\/li>\n<li>CPC Rancagua: Av. Rancagua 2900, barrio Villa Corina<\/li>\n<li>CPC Gui\u00f1az\u00fa: Av. Juan B. Justo 9654, barrio Villa Alicia Risler<\/li>\n<li>CPC Chalet San Felipe: Diego de Torres 2731, barrio Jos\u00e9 Ignacio D\u00edaz I<\/li>\n<li>CPC Monse\u00f1or Pablo Cabrera: Av. Monse\u00f1or Pablo Cabrera 4800, barrio Poeta Lugones<\/li>\n<li>CPC Capdevila: Federico Rauch 2708, barrio Arturo Capdevila<\/li>\n<li>CPC Mercantil: Onofre Marim\u00f3n 7400, barrio Mercantil<\/li>\n<\/ul>\n<p>Esta decisi\u00f3n abre m\u00e1s posibilidades a los vecinos y vecinas, quienes realizan m\u00e1s de la mitad de sus tr\u00e1mites durante el horario extendido.<\/p>\n","protected":false},"excerpt":{"rendered":"<p>Ser\u00e1n los de General Paz, Mercado de la Ciudad, Villa El Libertador, Rancagua, Gui\u00f1az\u00fa, Chalet San Felipe, Monse\u00f1or Pablo Cabrera, Capdevila y Mercantil. La Municipalidad de C\u00f3rdoba informa que esta semana nueve Centros de Participaci\u00f3n Comunal de la ciudad abrir\u00e1n sus puertas con horario extendido para que los vecinos de la ciudad se puedan acercarse [&hellip;]<\/p>\n","protected":false},"author":1,"featured_media":159783,"comment_status":"closed","ping_status":"closed","sticky":false,"template":"","format":"standard","meta":[],"categories":[44],"tags":[],"_links":{"self":[{"href":"http:\/\/cordobadirecto.com\/index.php\/wp-json\/wp\/v2\/posts\/159782"}],"collection":[{"href":"http:\/\/cordobadirecto.com\/index.php\/wp-json\/wp\/v2\/posts"}],"about":[{"href":"http:\/\/cordobadirecto.com\/index.php\/wp-json\/wp\/v2\/types\/post"}],"author":[{"embeddable":true,"href":"http:\/\/cordobadirecto.com\/index.php\/wp-json\/wp\/v2\/users\/1"}],"replies":[{"embeddable":true,"href":"http:\/\/cordobadirecto.com\/index.php\/wp-json\/wp\/v2\/comments?post=159782"}],"version-history":[{"count":0,"href":"http:\/\/cordobadirecto.com\/index.php\/wp-json\/wp\/v2\/posts\/159782\/revisions"}],"wp:featuredmedia":[{"embeddable":true,"href":"http:\/\/cordobadirecto.com\/index.php\/wp-json\/wp\/v2\/media\/159783"}],"wp:attachment":[{"href":"http:\/\/cordobadirecto.com\/index.php\/wp-json\/wp\/v2\/media?parent=159782"}],"wp:term":[{"taxonomy":"category","embeddable":true,"href":"http:\/\/cordobadirecto.com\/index.php\/wp-json\/wp\/v2\/categories?post=159782"},{"taxonomy":"post_tag","embeddable":true,"href":"http:\/\/cordobadirecto.com\/index.php\/wp-json\/wp\/v2\/tags?post=159782"}],"curies":[{"name":"wp","href":"https:\/\/api.w.org\/{rel}","templated":true}]}}