{"id":159854,"date":"2024-12-18T20:46:42","date_gmt":"2024-12-18T20:46:42","guid":{"rendered":"https:\/\/www.ole.com.ar\/autos\/despedida-max-vertappen-checo-perez-salida-red-bull-formula-1_0_pZgDPnXuir.html"},"modified":"2024-12-18T20:46:42","modified_gmt":"2024-12-18T20:46:42","slug":"la-despedida-de-max-verstappen-a-checo-perez-tras-su-salida-de-red-bull","status":"publish","type":"post","link":"http:\/\/cordobadirecto.com\/index.php\/2024\/12\/18\/la-despedida-de-max-verstappen-a-checo-perez-tras-su-salida-de-red-bull\/","title":{"rendered":"La despedida de Max Verstappen a Checo P\u00e9rez tras su salida de Red Bull"},"content":{"rendered":"<p><time class=\"createDate\" datetime=\"2024-12-18T17:46:42-03:00\">18\/12\/2024 17:46hs.<\/time><\/p>\n<div id=\"storyBody\">\n<div class=\"custom-text \" readability=\"30.347161572052\">\n<p>La salida de<strong><a href=\"https:\/\/www.ole.com.ar\/tema\/checo-perez.html\" title=\"Checo P\u00e9rez\" alt=\"Checo P\u00e9rez\" class=\"slug\"> Checo P\u00e9rez <\/a><\/strong>sacudi\u00f3 el mundo de la<a href=\"https:\/\/www.ole.com.ar\/tema\/formula-1.html\" title=\"F\u00f3rmula 1\" alt=\"F\u00f3rmula 1\" class=\"slug\"> F\u00f3rmula 1<\/a>. Luego de varios d\u00edas de especulaciones,<a href=\"https:\/\/www.ole.com.ar\/autos\/checho-perez-red-bull-out-formula-1-partida-salida_0_64SqkhqvcL.html\" target=\"_self\" title=\" finalmente Red Bull confirm\u00f3 la salida del mexicano a pesar de que ten\u00eda contrato\" alt=\" finalmente Red Bull confirm\u00f3 la salida del mexicano a pesar de que ten\u00eda contrato\" rel=\"noopener\"> finalmente Red Bull confirm\u00f3 la salida del mexicano a pesar de que ten\u00eda contrato<\/a>, pero que a su vez tuvo un 2024 de rendimientos muy flojos. Por eso, una vez confirmada la noticia, el mexicano recibi\u00f3 un saludo muy especial: <strong><a href=\"https:\/\/www.ole.com.ar\/tema\/max-verstappen.html\" title=\"Max Verstappen\" alt=\"Max Verstappen\" class=\"slug\">Max Verstappen<\/a><\/strong>, quien hasta ahora era su compa\u00f1ero en la escuder\u00eda austr\u00edaca,<strong> le dedic\u00f3 unas lindas palabras de despedida.<\/strong><\/p>\n<\/div>\n<div class=\"custom-text \" readability=\"40\">\n<p>En sus redes sociales, el neerland\u00e9s public\u00f3: <strong>&#8220;Ha sido un absoluto placer conducir junto a ti. Hemos tenido algunos momentos incre\u00edbles juntos que siempre recordar\u00e9. \u00a1Gracias Checo!&#8221;.<\/strong> Acaso unas palabras con gran afecto para con su ahora ex compa\u00f1ero, acompa\u00f1adas con fotos de distintos momentos que compartieron juntos en estos cuatro a\u00f1os. Y es que, m\u00e1s all\u00e1 de alg\u00fan disgusto moment\u00e1neo t\u00edpico de alguna carrera, <strong>la relaci\u00f3n entre ambos era buena<\/strong>, producto de tantos a\u00f1os compitiendo en la misma escuder\u00eda.<\/p>\n<\/div>\n<div class=\"custom-text \" readability=\"38\">\n<p>Este mensaje se suma al comunicado de despedida que dio a conocer P\u00e9rez, en donde indic\u00f3 que <strong>&#8220;ha sido un honor correr con Max, tenerlo como compa\u00f1ero todos estos a\u00f1os y compartir nuestros \u00e9xitos&#8221;. <\/strong>En total fueron 90 carreras entre 2021 y 2024 las que corri\u00f3 Checo, con un subcampeonato como mejor resultado en 2023. Adem\u00e1s gan\u00f3 cinco GP en total.<\/p>\n<\/div>\n<div class=\"custom-embedhtml\" readability=\"5.6913043478261\">\n<blockquote class=\"twitter-tweet\" readability=\"5.6913043478261\">\n<p lang=\"en\" dir=\"ltr\">It\u2019s been an absolute pleasure driving alongside you \ud83d\ude4f We\u2019ve had some amazing moments together that I\u2019ll always remember. Thank you, Checo! <a href=\"https:\/\/t.co\/iaUMunXZb3\">pic.twitter.com\/iaUMunXZb3<\/a><\/p>\n<p>\u2014 Max Verstappen (@Max33Verstappen) <a href=\"https:\/\/twitter.com\/Max33Verstappen\/status\/1869445707700260864?ref_src=twsrc%5Etfw\">December 18, 2024<\/a><\/p><\/blockquote><\/div>\n<div class=\"custom-text \" readability=\"39\">\n<p>Pero lo cierto es que ahora deber\u00e1 ver si podr\u00e1 continuar su carrera en la M\u00e1xima, ya que su flojo 2024 llev\u00f3 a que Red Bull tomara la decisi\u00f3n de prescindir de \u00e9l.<strong> Y es que finaliz\u00f3 octavo en el campeonato de pilotos<\/strong>, cosech\u00f3 152 puntos (lo mejor fue un segundo puesto en China, muy por detr\u00e1s de su compa\u00f1ero y campe\u00f3n Max Verstappen, con 437 unidades en total) <strong>y sum\u00f3 apenas 21 puntos en las \u00faltimas diez carreras. Muy pobre.<\/strong><\/p>\n<\/div>\n<p><h2><strong>Afuera Checo P\u00e9rez, \u00bfy chance para Colapinto?<\/strong><\/h2>\n<\/p>\n<div class=\"custom-text \" readability=\"44\">\n<p>La marca de bebidas energizantes, si bien en su momento le abri\u00f3 la puerta a Colapinto al ver sus progresos y velocidad con el Williams desde Monza a Austin, <strong>se la empez\u00f3 a cerrar desde Brasil hasta Abu Dhabi, con los consecuentes da\u00f1os al auto. <\/strong>Pero algo se vio del argentino, lo cual es innegable: talento, velocidad, carisma y un apoyo econ\u00f3mico inusual desde nuestro pa\u00eds. Pero, por lo pronto, para reemplazar a P\u00e9rez, <strong>el jefe de equipo Christian Horner y compa\u00f1\u00eda manejan dos posibilidades.<\/strong><\/p>\n<\/div>\n<div class=\"sc-e7b891c4-0 ifHnQL image-embed\"><img alt=\"Horner descart\u00f3 la posibilidad de Colapinto a Red Bull (REUTERS\/Hamad I Mohammed)\" loading=\"lazy\" width=\"720\" height=\"100\" decoding=\"async\" data-nimg=\"1\" src=\"http:\/\/cordobadirecto.com\/wp-content\/uploads\/2024\/12\/la-despedida-de-max-verstappen-a-checo-perez-tras-su-salida-de-red-bull.jpg\"><span class=\"epigraphe\">Horner descart\u00f3 la posibilidad de Colapinto a Red Bull (REUTERS\/Hamad I Mohammed)<\/span><\/div>\n<div class=\"custom-text \" readability=\"44\">\n<p><strong>&#8220;Creo que con el talento que tenemos en nuestro programa junior es dif\u00edcil ver d\u00f3nde encajar\u00eda Franco actualmente.<\/strong> Est\u00e1 haciendo un gran trabajo. Espero que consiga un asiento en la F\u00f3rmula 1. Sin embargo, dentro de Red Bull, con nuestro programa de j\u00f3venes, creo que tenemos suficiente fuerza y profundidad. Franco entr\u00f3 a la F1 con fuerza: sus primeras tres carreras fueron muy buenas. \u00daltimamente ha sido un poco m\u00e1s dif\u00edcil, pero es una gran personalidad y creo que est\u00e1 mostrando que se trata de una verdadera promesa. As\u00ed que espero por \u00e9l que obtenga un asiento en la F\u00f3rmula 1&#8243;, hab\u00eda dicho del argentino hace unas semanas. De momento,<strong> los que tienen m\u00e1s chances de reemplazar a Checo son Liam Lawson y Yuki Tsunoda<\/strong>, pilotos de RB, escuder\u00eda hermana -y de menor rendimiento-, en el 2024.<\/p>\n<\/div>\n<p><h2><strong>El mensaje de despedida de Checo P\u00e9rez<\/strong><\/h2>\n<\/p>\n<div class=\"sc-e7b891c4-0 ifHnQL image-embed\"><img alt=\"El comunicado de Checo Perez. Foto: X de SChecoPerez\" loading=\"lazy\" width=\"720\" height=\"100\" decoding=\"async\" data-nimg=\"1\" src=\"http:\/\/cordobadirecto.com\/wp-content\/uploads\/2024\/12\/la-despedida-de-max-verstappen-a-checo-perez-tras-su-salida-de-red-bull-1.jpg\"><span class=\"epigraphe\">El comunicado de Checo Perez. Foto: X de SChecoPerez<\/span><\/div>\n<div class=\"sc-a7166897-0 eoLsBE\" readability=\"6\">\n<section readability=\"2\"><picture><img alt=\"La nueva categor\u00eda en la que correr\u00e1 Agust\u00edn Canapino en 2025\" loading=\"lazy\" width=\"290\" height=\"290\" decoding=\"async\" data-nimg=\"1\" src=\"http:\/\/cordobadirecto.com\/wp-content\/uploads\/2024\/12\/la-despedida-de-max-verstappen-a-checo-perez-tras-su-salida-de-red-bull-2.jpg\"><\/picture>\n<p><span>Mir\u00e1 tambi\u00e9n<\/span><\/p>\n<hr>\n<h3>La nueva categor\u00eda en la que correr\u00e1 Agust\u00edn Canapino en 2025<\/h3>\n<\/p>\n<\/section>\n<\/div>\n<div class=\"sc-a7166897-0 eoLsBE\" readability=\"6.5\">\n<section readability=\"3\"><picture><img alt=\"Oficial: Checo P\u00e9rez no sigue en Red Bull, \u00bfse le abre una puerta a Colapinto?\" loading=\"lazy\" width=\"290\" height=\"290\" decoding=\"async\" data-nimg=\"1\" src=\"http:\/\/cordobadirecto.com\/wp-content\/uploads\/2024\/12\/la-despedida-de-max-verstappen-a-checo-perez-tras-su-salida-de-red-bull-3.jpg\"><\/picture>\n<p><span>Mir\u00e1 tambi\u00e9n<\/span><\/p>\n<hr>\n<h3>Oficial: Checo P\u00e9rez no sigue en Red Bull, \u00bfse le abre una puerta a Colapinto?<\/h3>\n<\/p>\n<\/section>\n<\/div>\n<div class=\"sc-a7166897-0 eoLsBE\" readability=\"6\">\n<section readability=\"2\"><picture><img alt=\"La tabla que ubica a Colapinto entre los pilotos m\u00e1s destacados de la F\u00f3rmula 1\" loading=\"lazy\" width=\"290\" height=\"290\" decoding=\"async\" data-nimg=\"1\" src=\"http:\/\/cordobadirecto.com\/wp-content\/uploads\/2024\/12\/la-despedida-de-max-verstappen-a-checo-perez-tras-su-salida-de-red-bull-4.jpg\"><\/picture>\n<p><span>Mir\u00e1 tambi\u00e9n<\/span><\/p>\n<hr>\n<h3>La tabla que ubica a Colapinto entre los pilotos m\u00e1s destacados de la F\u00f3rmula 1<\/h3>\n<\/p>\n<\/section>\n<\/div>\n<\/div>\n","protected":false},"excerpt":{"rendered":"<p>18\/12\/2024 17:46hs. La salida de Checo P\u00e9rez sacudi\u00f3 el mundo de la F\u00f3rmula 1. Luego de varios d\u00edas de especulaciones, finalmente Red Bull confirm\u00f3 la salida del mexicano a pesar de que ten\u00eda contrato, pero que a su vez tuvo un 2024 de rendimientos muy flojos. Por eso, una vez confirmada la noticia, el mexicano [&hellip;]<\/p>\n","protected":false},"author":1,"featured_media":159855,"comment_status":"closed","ping_status":"closed","sticky":false,"template":"","format":"standard","meta":[],"categories":[21],"tags":[],"_links":{"self":[{"href":"http:\/\/cordobadirecto.com\/index.php\/wp-json\/wp\/v2\/posts\/159854"}],"collection":[{"href":"http:\/\/cordobadirecto.com\/index.php\/wp-json\/wp\/v2\/posts"}],"about":[{"href":"http:\/\/cordobadirecto.com\/index.php\/wp-json\/wp\/v2\/types\/post"}],"author":[{"embeddable":true,"href":"http:\/\/cordobadirecto.com\/index.php\/wp-json\/wp\/v2\/users\/1"}],"replies":[{"embeddable":true,"href":"http:\/\/cordobadirecto.com\/index.php\/wp-json\/wp\/v2\/comments?post=159854"}],"version-history":[{"count":0,"href":"http:\/\/cordobadirecto.com\/index.php\/wp-json\/wp\/v2\/posts\/159854\/revisions"}],"wp:featuredmedia":[{"embeddable":true,"href":"http:\/\/cordobadirecto.com\/index.php\/wp-json\/wp\/v2\/media\/159855"}],"wp:attachment":[{"href":"http:\/\/cordobadirecto.com\/index.php\/wp-json\/wp\/v2\/media?parent=159854"}],"wp:term":[{"taxonomy":"category","embeddable":true,"href":"http:\/\/cordobadirecto.com\/index.php\/wp-json\/wp\/v2\/categories?post=159854"},{"taxonomy":"post_tag","embeddable":true,"href":"http:\/\/cordobadirecto.com\/index.php\/wp-json\/wp\/v2\/tags?post=159854"}],"curies":[{"name":"wp","href":"https:\/\/api.w.org\/{rel}","templated":true}]}}