{"id":159902,"date":"2024-12-20T13:35:47","date_gmt":"2024-12-20T13:35:47","guid":{"rendered":"https:\/\/cordoba.gob.ar\/?p=65277"},"modified":"2024-12-20T13:35:47","modified_gmt":"2024-12-20T13:35:47","slug":"la-municipalidad-de-cordoba-y-la-alcaldia-de-medellin-cooperaran-en-materia-de-seguridad-transporte-ambiente-innovacion-gobernanza-y-participacion-ciudadana","status":"publish","type":"post","link":"http:\/\/cordobadirecto.com\/index.php\/2024\/12\/20\/la-municipalidad-de-cordoba-y-la-alcaldia-de-medellin-cooperaran-en-materia-de-seguridad-transporte-ambiente-innovacion-gobernanza-y-participacion-ciudadana\/","title":{"rendered":"La Municipalidad de C\u00f3rdoba y la Alcald\u00eda de Medell\u00edn cooperar\u00e1n en materia de seguridad, transporte, ambiente, innovaci\u00f3n, gobernanza y participaci\u00f3n ciudadana"},"content":{"rendered":"<div><img src=\"http:\/\/cordobadirecto.com\/wp-content\/uploads\/2024\/12\/la-municipalidad-de-cordoba-y-la-alcaldia-de-medellin-cooperaran-en-materia-de-seguridad-transporte-ambiente-innovacion-gobernanza-y-participacion-ciudadana.jpg\" class=\"ff-og-image-inserted\"><\/div>\n<ul>\n<li><strong>El convenio fue firmado en Colombia por el intendente Daniel Passerini y su par Federico Guti\u00e9rrez.<\/strong><\/li>\n<li><strong>Otro acuerdo similar se sell\u00f3 entre las autoridades del Ente Metropolitano C\u00f3rdoba y el \u00c1rea Metropolitana del Valle de Aburr\u00e1.<\/strong><\/li>\n<\/ul>\n<hr>\n<p>\u200cPara compartir conocimientos y experiencias de gobierno local, el intendente Daniel Passerini y el presidente del Ente Metropolitano, Rodrigo Fern\u00e1ndez, viajaron a Colombia y firmaron dos acuerdos de cooperaci\u00f3n.<\/p>\n<p>Las iniciativas se sellaron con el alcalde de Medell\u00edn, Federico Guti\u00e9rrez, y la directora del \u00c1rea Metropolitana del Valle de Aburr\u00e1 (AMVA), Paula Andrea Palacio Salazar. Ambas buscan el fortalecimiento de las relaciones institucionales, adem\u00e1s del trabajo mancomunado entre las ciudades y sus \u00e1reas metropolitanas.<\/p>\n<p>C\u00f3rdoba y Medell\u00edn son las ciudades cabecera de las segundas \u00e1reas metropolitanas de Argentina y Colombia, detr\u00e1s de las nucleadas en torno a la Ciudad Aut\u00f3noma de Buenos Aires y de Bogot\u00e1, respectivamente.<\/p>\n<p>Constituido en 2022, el Ente Metropolitano C\u00f3rdoba agrupa a 16 municipios y comunas, con una poblaci\u00f3n estimada en dos millones de personas. Por su parte, el \u00c1rea Metropolitana del Valle de Aburr\u00e1 se conform\u00f3 en 1980 y actualmente est\u00e1 integrada por 10 ciudades, donde viven aproximadamente 4 millones de habitantes. Busca promover un desarrollo arm\u00f3nico en la regi\u00f3n y es autoridad de aplicaci\u00f3n en materia ambiental urbana y de transporte p\u00fablico, metropolitano y masivo.<\/p>\n<p>El acuerdo con la Alcald\u00eda de Medell\u00edn y el AMVA tienen diversas \u00e1reas de cooperaci\u00f3n: gobernanza metropolitana; transporte sostenible; ambiente; modernizaci\u00f3n e innovaci\u00f3n; participaci\u00f3n ciudadana.<\/p>\n<p>En las reuniones participaron el secretario de Integraci\u00f3n Regional y Vinculaci\u00f3n Institucional, Alberto Ambrosio; la subsecretaria de Desarrollo Metropolitano, M\u00f3nica Salazar; el director de Asuntos Econ\u00f3micos y Financieros del Ente, Pedro Soda; entre otros funcionarios de la Municipalidad de C\u00f3rdoba, de la Alcald\u00eda de Medell\u00edn y del \u00c1rea Metropolitana del Valle de Aburr\u00e1.<\/p>\n<p><strong>Acceso a financiaci\u00f3n internacional<\/strong><\/p>\n<p>Passerini relat\u00f3 la relaci\u00f3n conflictiva entre el gobierno nacional y las ciudades del interior. \u201cSon federales para recaudar y unitarios para repartir. El gobierno nacional es poco federal a la hora de autorizar emprendimientos y la toma de cr\u00e9ditos. Por eso hay que fortalecernos entre nosotros\u201d, fundament\u00f3 Passerini en su di\u00e1logo con los dirigentes colombianos.<\/p>\n<p>Al mismo tiempo, el intendente coment\u00f3 el crecimiento de las relaciones multilaterales entre ciudades, que supera la vinculaci\u00f3n entre pa\u00edses, abriendo nuevas posibilidades de acceso a fondos internacionales, especialmente a trav\u00e9s de entes metropolitanos.<\/p>\n<p>\u201cHay voluntad de financiamiento en temas ambientales, de tecnolog\u00eda y empezar a reconocernos como estados soberanos\u201d, puntualiz\u00f3 respecto a reuniones mantenidas con autoridades del Banco Interamericano de Desarrollo (BID) y el Banco de Desarrollo de Am\u00e9rica Latina y el Caribe (CAF).<\/p>\n<p><strong>Gobiernos locales<\/strong><\/p>\n<p>Por su parte, el alcalde de Medell\u00edn, Federico Guti\u00e9rrez, relat\u00f3 tensiones similares a las presentes en Argentina por estos d\u00edas.\u201cCon la inversi\u00f3n que hacemos desde las cinco o seis ciudades m\u00e1s importantes, logramos equiparar esa carga social que el gobierno abandon\u00f3. Lo que hay que hacer es que los pa\u00edses no nos lleven por delante. Tratar de mantener la democracia desde lo local y lo regional. El s\u00edmbolo de lo que significa Medell\u00edn es como unir a una sociedad\u201d, sintetiz\u00f3.<\/p>\n<p>A su vez, funcionarias del AMVA destacaron que el enfoque metropolitano les ayud\u00f3 a generar inversiones con mayor equidad, permitiendo el desarrollo en localidades vecinas con menores recursos.<\/p>\n<p>\u201cEl concepto fundamental es trabajo mancomunado y complementario entre los municipios, en temas de obras, servicios, seguridad, ambiente, salud y transporte\u201d, expres\u00f3 a su turno Rodrigo Fern\u00e1ndez, que preside el Ente Metropolitano C\u00f3rdoba, que en d\u00edas cumplir\u00e1 dos a\u00f1os de funcionamiento.<\/p>\n<p>\u201cEs importante identificar en cada uno de los municipios cu\u00e1les son los potenciales productivos que tienen, y que ellos generen su propio crecimiento econ\u00f3mico\u201d, explic\u00f3 Fern\u00e1ndez sobre la reciente asociaci\u00f3n del ente con la Agencia para el Desarrollo Econ\u00f3mico de C\u00f3rdoba.<\/p>\n<p>Passerini explic\u00f3 la centralidad de la capital en relaci\u00f3n con las ciudades que rodean la avenida Circunvalaci\u00f3n, todos afectados por el cr\u00edtico contexto nacional de ajuste que sobrecarga especialmente a los gobiernos locales. \u201cSomos los que hacemos que las cosas pasen porque gobernamos donde la gente vive. Podemos generar acciones directas y amortiguar los da\u00f1os de las crisis macroecon\u00f3micas\u201d, expres\u00f3.<\/p>\n<p>\u201cLa cultura del individualismo hace que la gente no vea a su alrededor. Frente a esto hay que plantear cosas mejores y por eso conectar, integrar y humanizar son los valores de nuestro gobierno\u201d, defini\u00f3.<\/p>\n<p><strong>Gesti\u00f3n de riesgo<\/strong><\/p>\n<p>En el \u00c1rea Metropolitana del Valle de Aburr\u00e1, algunas de las experiencias implementadas son el Sistema de Alerta Temprana de Medell\u00edn y el Valle de Aburr\u00e1 (SIATA), junto con la conformaci\u00f3n del Sistema de Alerta Temprana Comunitarios (SATC).<\/p>\n<p>La primera funciona desde 2010 para identificar y pronosticar fen\u00f3menos naturales severos, utilizando monitoreo en tiempo real, junto con la modelaci\u00f3n hidrol\u00f3gica y meteorol\u00f3gica, transform\u00e1ndose en una fuente de informaci\u00f3n esencial para la gesti\u00f3n del riesgo.<\/p>\n<p>Una vez activadas las alarmas se ponen en acci\u00f3n diversos protocolos dirigidos a las autoridades y tambi\u00e9n a la poblaci\u00f3n, facilitando una respuesta adecuada. La ciudadan\u00eda es parte fundamental de este sistema a trav\u00e9s de un proceso educativo y de apropiaci\u00f3n de las estrategias.<\/p>\n<p>Este ser\u00e1 unos de los ejes de la colaboraci\u00f3n con el Ente Metropolitano C\u00f3rdoba que recientemente puso en marcha el Centro de Operaciones de Emergencias Metropolitanas y es una vinculaci\u00f3n similar a la que tiene la capital cordobesa con el Observatorio Hidrometeorol\u00f3gico de la provincia, que desde 2024 brinda pron\u00f3sticos espec\u00edficos para \u201cLa Docta\u201d.<\/p>\n<p>De igual modo, avanzan las capacitaciones de los Comit\u00e9s de Emergencias Barriales, donde personas de centros vecinales mapean vulnerabilidades y se preparan para actuar junto a la Municipalidad de C\u00f3rdoba.<\/p>\n<p><strong>Seguridad y Tecnolog\u00eda<\/strong><\/p>\n<p>En los a\u00f1os 90, Medell\u00edn fue conocida como una de las ciudades m\u00e1s violentas. Hoy, ha logrado transformarse en un referente de seguridad e innovaci\u00f3n. Este cambio fue posible gracias a la implementaci\u00f3n de estrategias integrales que incluyen oportunidades en deporte, cultura y recreaci\u00f3n, junto con una inversi\u00f3n en infraestructura tecnol\u00f3gica y seguridad.<\/p>\n<p>Durante su visita, la comitiva municipal cordobesa se reuni\u00f3 con la Secretar\u00eda de Seguridad de Medell\u00edn, que present\u00f3 su avanzado Sistema Integrado de Emergencias y Seguridad. Este sistema utiliza tecnolog\u00eda para monitorear la ciudad en tiempo real. A trav\u00e9s de un \u00fanico n\u00famero telef\u00f3nico, los ciudadanos pueden reportar distintas situaciones de seguridad, convivencia, y emergencias, lo que activa alertas coordinadas con 11 agencias estatales para brindar respuesta. La central tambi\u00e9n deriva los reportes a las localidades del \u00c1rea Metropolitana del Valle de Aburr\u00e1, para que puedan actuar.<\/p>\n<p>Adem\u00e1s, la delegaci\u00f3n visit\u00f3 el Centro Integrado de Tr\u00e1fico y Transporte (CITRA), donde se compartieron experiencias sobre el uso de tecnolog\u00edas avanzadas para capturar y procesar datos masivos relacionados con la movilidad urbana. Estas herramientas, integradas con plataformas como Google y Waze, permiten optimizar las din\u00e1micas del tr\u00e1nsito.<\/p>\n<p>Por \u00faltimo, conocieron el trabajo de la Empresa para la Seguridad y Soluciones Urbanas (ESU), una entidad estatal que ofrece soluciones estrat\u00e9gicas en log\u00edstica, sostenibilidad y seguridad para diversos sectores p\u00fablicos y privados, incluyendo municipios y empresas de la regi\u00f3n y del pa\u00eds.<\/p>\n","protected":false},"excerpt":{"rendered":"<p>El convenio fue firmado en Colombia por el intendente Daniel Passerini y su par Federico Guti\u00e9rrez. Otro acuerdo similar se sell\u00f3 entre las autoridades del Ente Metropolitano C\u00f3rdoba y el \u00c1rea Metropolitana del Valle de Aburr\u00e1. \u200cPara compartir conocimientos y experiencias de gobierno local, el intendente Daniel Passerini y el presidente del Ente Metropolitano, Rodrigo [&hellip;]<\/p>\n","protected":false},"author":1,"featured_media":159903,"comment_status":"closed","ping_status":"closed","sticky":false,"template":"","format":"standard","meta":[],"categories":[44],"tags":[],"_links":{"self":[{"href":"http:\/\/cordobadirecto.com\/index.php\/wp-json\/wp\/v2\/posts\/159902"}],"collection":[{"href":"http:\/\/cordobadirecto.com\/index.php\/wp-json\/wp\/v2\/posts"}],"about":[{"href":"http:\/\/cordobadirecto.com\/index.php\/wp-json\/wp\/v2\/types\/post"}],"author":[{"embeddable":true,"href":"http:\/\/cordobadirecto.com\/index.php\/wp-json\/wp\/v2\/users\/1"}],"replies":[{"embeddable":true,"href":"http:\/\/cordobadirecto.com\/index.php\/wp-json\/wp\/v2\/comments?post=159902"}],"version-history":[{"count":0,"href":"http:\/\/cordobadirecto.com\/index.php\/wp-json\/wp\/v2\/posts\/159902\/revisions"}],"wp:featuredmedia":[{"embeddable":true,"href":"http:\/\/cordobadirecto.com\/index.php\/wp-json\/wp\/v2\/media\/159903"}],"wp:attachment":[{"href":"http:\/\/cordobadirecto.com\/index.php\/wp-json\/wp\/v2\/media?parent=159902"}],"wp:term":[{"taxonomy":"category","embeddable":true,"href":"http:\/\/cordobadirecto.com\/index.php\/wp-json\/wp\/v2\/categories?post=159902"},{"taxonomy":"post_tag","embeddable":true,"href":"http:\/\/cordobadirecto.com\/index.php\/wp-json\/wp\/v2\/tags?post=159902"}],"curies":[{"name":"wp","href":"https:\/\/api.w.org\/{rel}","templated":true}]}}