{"id":159906,"date":"2024-12-20T10:21:38","date_gmt":"2024-12-20T10:21:38","guid":{"rendered":"http:\/\/cordobadirecto.com\/index.php\/2024\/12\/20\/el-gobierno-de-javier-milei-solicito-formalmente-un-nuevo-acuerdo-con-el-fmi\/"},"modified":"2024-12-20T10:21:38","modified_gmt":"2024-12-20T10:21:38","slug":"el-gobierno-de-javier-milei-solicito-formalmente-un-nuevo-acuerdo-con-el-fmi","status":"publish","type":"post","link":"http:\/\/cordobadirecto.com\/index.php\/2024\/12\/20\/el-gobierno-de-javier-milei-solicito-formalmente-un-nuevo-acuerdo-con-el-fmi\/","title":{"rendered":"El gobierno de Javier Milei solicit\u00f3 formalmente un <b>nuevo<\/b> acuerdo con el FMI"},"content":{"rendered":"<p>Milei visita <b>C\u00f3rdoba<\/b> para inaugurar la <b>nueva<\/b> sede de la Bolsa de Comercio &#8230; Tambi\u00e9n destac\u00f3 tanto la recuperaci\u00f3n de la actividad <b>econ\u00f3mica<\/b> y&nbsp;&#8230; <\/p>\n","protected":false},"excerpt":{"rendered":"<p>Milei visita C\u00f3rdoba para inaugurar la nueva sede de la Bolsa de Comercio &#8230; Tambi\u00e9n destac\u00f3 tanto la recuperaci\u00f3n de la actividad econ\u00f3mica y&nbsp;&#8230;<\/p>\n","protected":false},"author":1,"featured_media":0,"comment_status":"closed","ping_status":"closed","sticky":false,"template":"","format":"standard","meta":[],"categories":[40],"tags":[],"_links":{"self":[{"href":"http:\/\/cordobadirecto.com\/index.php\/wp-json\/wp\/v2\/posts\/159906"}],"collection":[{"href":"http:\/\/cordobadirecto.com\/index.php\/wp-json\/wp\/v2\/posts"}],"about":[{"href":"http:\/\/cordobadirecto.com\/index.php\/wp-json\/wp\/v2\/types\/post"}],"author":[{"embeddable":true,"href":"http:\/\/cordobadirecto.com\/index.php\/wp-json\/wp\/v2\/users\/1"}],"replies":[{"embeddable":true,"href":"http:\/\/cordobadirecto.com\/index.php\/wp-json\/wp\/v2\/comments?post=159906"}],"version-history":[{"count":0,"href":"http:\/\/cordobadirecto.com\/index.php\/wp-json\/wp\/v2\/posts\/159906\/revisions"}],"wp:attachment":[{"href":"http:\/\/cordobadirecto.com\/index.php\/wp-json\/wp\/v2\/media?parent=159906"}],"wp:term":[{"taxonomy":"category","embeddable":true,"href":"http:\/\/cordobadirecto.com\/index.php\/wp-json\/wp\/v2\/categories?post=159906"},{"taxonomy":"post_tag","embeddable":true,"href":"http:\/\/cordobadirecto.com\/index.php\/wp-json\/wp\/v2\/tags?post=159906"}],"curies":[{"name":"wp","href":"https:\/\/api.w.org\/{rel}","templated":true}]}}