{"id":159927,"date":"2024-12-19T16:32:17","date_gmt":"2024-12-19T16:32:17","guid":{"rendered":"https:\/\/es.digitaltrends.com\/?p=1051487"},"modified":"2024-12-19T16:32:17","modified_gmt":"2024-12-19T16:32:17","slug":"asi-cambiara-la-ia-tus-videos-que-subas-a-instagram","status":"publish","type":"post","link":"http:\/\/cordobadirecto.com\/index.php\/2024\/12\/19\/asi-cambiara-la-ia-tus-videos-que-subas-a-instagram\/","title":{"rendered":"As\u00ed cambiar\u00e1 la IA tus videos que subas a Instagram"},"content":{"rendered":"<div><img src=\"http:\/\/cordobadirecto.com\/wp-content\/uploads\/2024\/12\/asi-cambiara-la-ia-tus-videos-que-subas-a-instagram.jpg\" class=\"ff-og-image-inserted\"><\/div>\n<p>Un nuevo tipo de edici\u00f3n de <a href=\"https:\/\/es.digitaltrends.com\/computadoras\/intel-entusiasmada-ia-reemplace-trabajos-de-todos\/\"><strong>IA generativa<\/strong><\/a> tendr\u00e1 el 2025 en <a href=\"https:\/\/es.digitaltrends.com\/sociales\/como-ver-instagram-sin-una-cuenta\/\"><strong>Instagram<\/strong><\/a>, ya que todos los videos que subas a la plataforma tendr\u00e1n esta opci\u00f3n de incorporar estos filtros.<\/p>\n<p>El jefe de la plataforma, Adam Mosseri, <a href=\"https:\/\/www.instagram.com\/reel\/DDwzSoyxRSx\/?utm_source=ig_web_copy_link\" target=\"_blank\" rel=\"noopener\">entreg\u00f3 detalles sobre la nueva caracter\u00edstica<\/a>.<\/p>\n<div class=\"b-connatix b-connatix--video\" id=\"dt-cnx-container-67644b3648388\">\n<div class=\"b-connatix__label\"> Recommended Videos <\/div>\n<div class=\"b-connatix__container\"> <\/div>\n<\/div>\n<p>La tecnolog\u00eda est\u00e1 impulsada por el modelo Movie Gen AI de Meta y tiene como objetivo proporcionar a los creadores m\u00e1s herramientas para ayudar a transformar su contenido y dar vida a sus ideas sin grandes habilidades de edici\u00f3n o manipulaci\u00f3n de video.<\/p>\n<p>Mosseri dice que la funci\u00f3n puede hacer ajustes usando un \u00abmensaje de texto simple\u00bb. El video del anuncio incluye avances de los primeros modelos de IA de investigaci\u00f3n que cambian el atuendo de Mosseri, los entornos de fondo e incluso su apariencia general, en una escena que lo transforma en una marioneta de fieltro. Otros cambios son m\u00e1s sutiles, como a\u00f1adir nuevos objetos al fondo existente o una cadena de oro alrededor del cuello de Mosseri sin alterar el resto de su ropa.<\/p>\n<p>Los fondos y la ropa insertados no se distorsionan de forma antinatural cuando Mosseri mueve r\u00e1pidamente los brazos o la cara, pero los fragmentos que podemos ver duran apenas un segundo.<\/p>\n<p> <span id=\"publisher-md\" itemprop=\"publisher\" itemscope itemtype=\"https:\/\/schema.org\/Organization\"> <span itemprop=\"url\" itemtype=\"https:\/\/schema.org\/Url\" content=\"https:\/\/es.digitaltrends.com\"> <span itemprop=\"logo\" itemscope itemtype=\"https:\/\/schema.org\/ImageObject\"> <meta itemprop=\"url\" content=\"https:\/\/cdn.dtcn.com\/dt\/dt-logo-small.png\"> <meta itemprop=\"width\" content=\"0\"> <meta itemprop=\"height\" content=\"0\"> <\/span> <meta itemprop=\"name\" content=\"Digital Trends Espa\u00f1ol\"> <\/span> <span itemprop=\"image\" itemscope itemtype=\"https:\/\/schema.org\/ImageObject\"> <meta itemprop=\"url\" content=\"https:\/\/es.digitaltrends.com\/wp-content\/uploads\/2024\/12\/Instagram-Mosseri.jpeg?p=1\"> <\/span> <\/span> <\/p>\n","protected":false},"excerpt":{"rendered":"<p>Un nuevo tipo de edici\u00f3n de IA generativa tendr\u00e1 el 2025 en Instagram, ya que todos los videos que subas a la plataforma tendr\u00e1n esta opci\u00f3n de incorporar estos filtros. El jefe de la plataforma, Adam Mosseri, entreg\u00f3 detalles sobre la nueva caracter\u00edstica. Recommended Videos La tecnolog\u00eda est\u00e1 impulsada por el modelo Movie Gen AI [&hellip;]<\/p>\n","protected":false},"author":1,"featured_media":159928,"comment_status":"closed","ping_status":"closed","sticky":false,"template":"","format":"standard","meta":[],"categories":[26],"tags":[],"_links":{"self":[{"href":"http:\/\/cordobadirecto.com\/index.php\/wp-json\/wp\/v2\/posts\/159927"}],"collection":[{"href":"http:\/\/cordobadirecto.com\/index.php\/wp-json\/wp\/v2\/posts"}],"about":[{"href":"http:\/\/cordobadirecto.com\/index.php\/wp-json\/wp\/v2\/types\/post"}],"author":[{"embeddable":true,"href":"http:\/\/cordobadirecto.com\/index.php\/wp-json\/wp\/v2\/users\/1"}],"replies":[{"embeddable":true,"href":"http:\/\/cordobadirecto.com\/index.php\/wp-json\/wp\/v2\/comments?post=159927"}],"version-history":[{"count":0,"href":"http:\/\/cordobadirecto.com\/index.php\/wp-json\/wp\/v2\/posts\/159927\/revisions"}],"wp:featuredmedia":[{"embeddable":true,"href":"http:\/\/cordobadirecto.com\/index.php\/wp-json\/wp\/v2\/media\/159928"}],"wp:attachment":[{"href":"http:\/\/cordobadirecto.com\/index.php\/wp-json\/wp\/v2\/media?parent=159927"}],"wp:term":[{"taxonomy":"category","embeddable":true,"href":"http:\/\/cordobadirecto.com\/index.php\/wp-json\/wp\/v2\/categories?post=159927"},{"taxonomy":"post_tag","embeddable":true,"href":"http:\/\/cordobadirecto.com\/index.php\/wp-json\/wp\/v2\/tags?post=159927"}],"curies":[{"name":"wp","href":"https:\/\/api.w.org\/{rel}","templated":true}]}}