{"id":159976,"date":"2024-12-20T16:28:39","date_gmt":"2024-12-20T16:28:39","guid":{"rendered":"https:\/\/cordoba.gob.ar\/?p=65190"},"modified":"2024-12-20T16:28:39","modified_gmt":"2024-12-20T16:28:39","slug":"la-ciudad-celebrara-la-tradicional-misa-criolla","status":"publish","type":"post","link":"http:\/\/cordobadirecto.com\/index.php\/2024\/12\/20\/la-ciudad-celebrara-la-tradicional-misa-criolla\/","title":{"rendered":"La ciudad celebrar\u00e1 la tradicional \u201cmisa criolla\u201d"},"content":{"rendered":"<div><img src=\"http:\/\/cordobadirecto.com\/wp-content\/uploads\/2024\/12\/la-ciudad-celebrara-la-tradicional-misa-criolla.jpg\" class=\"ff-og-image-inserted\"><\/div>\n<ul>\n<li><strong>Ser\u00e1 este d\u00eda s\u00e1bado 21 de diciembre, organizada por la Municipalidad de C\u00f3rdoba a trav\u00e9s de la Subsecretar\u00eda de Turismo.<\/strong><\/li>\n<li><strong><strong>Comenzar\u00e1 a las 21.00 horas en la Iglesia de la Compa\u00f1\u00eda de Jes\u00fas (Caseros 52), con entrada libre y gratuita.<\/strong><\/strong><br \/>\n<hr>\n<\/li>\n<\/ul>\n<p>La tradicional celebraci\u00f3n de la \u201cMisa Criolla\u201d nos brindar\u00e1 un encuentro donde la m\u00fasica navide\u00f1a se vivir\u00e1 de manera especial en el coraz\u00f3n de la ciudad, con la interpretaci\u00f3n de las obras \u00abNavidad Nuestra\u00bb de Ariel Ram\u00edrez y F\u00e9lix Luna, y \u00abMisa Criolla\u00bb de Ariel Ram\u00edrez.<\/p>\n<p>Este evento, que iniciar\u00e1 a partir de las 21 horas en la Iglesia de la Compa\u00f1\u00eda de Jes\u00fas (Caseros 52), invita a vecinos, turistas y amantes de la m\u00fasica a disfrutar de una experiencia cultural que tendr\u00e1 entrada libre y gratuita.<\/p>\n<p>El programa contar\u00e1 con la participaci\u00f3n de agrupaciones y m\u00fasicos destacados de nuestra ciudad, quienes, bajo la direcci\u00f3n de Ariel Borda, brindar\u00e1n un concierto \u00fanico y emocionante.<br \/>Participar\u00e1n el Coro Habemus del CPC Arg\u00fcello, el Coro de la Universidad Blas Pascal, el Coral Interludio del CPC Arg\u00fcello y el Coro de Mar\u00eda, acompa\u00f1ados por Mario D\u00edaz (solista), Pachi Herrera (charango), Enrico Barbizi (teclado), Gabriel Aguirre (guitarra) y Rom\u00e1n Dagna (percusi\u00f3n).<\/p>\n<p>La actividad ser\u00e1 una excelente oportunidad para vivir una de las tradiciones m\u00e1s queridas de la m\u00fasica argentina, en el marco de las fiestas navide\u00f1as.<\/p>\n","protected":false},"excerpt":{"rendered":"<p>Ser\u00e1 este d\u00eda s\u00e1bado 21 de diciembre, organizada por la Municipalidad de C\u00f3rdoba a trav\u00e9s de la Subsecretar\u00eda de Turismo. Comenzar\u00e1 a las 21.00 horas en la Iglesia de la Compa\u00f1\u00eda de Jes\u00fas (Caseros 52), con entrada libre y gratuita. La tradicional celebraci\u00f3n de la \u201cMisa Criolla\u201d nos brindar\u00e1 un encuentro donde la m\u00fasica navide\u00f1a [&hellip;]<\/p>\n","protected":false},"author":1,"featured_media":159977,"comment_status":"closed","ping_status":"closed","sticky":false,"template":"","format":"standard","meta":[],"categories":[44],"tags":[],"_links":{"self":[{"href":"http:\/\/cordobadirecto.com\/index.php\/wp-json\/wp\/v2\/posts\/159976"}],"collection":[{"href":"http:\/\/cordobadirecto.com\/index.php\/wp-json\/wp\/v2\/posts"}],"about":[{"href":"http:\/\/cordobadirecto.com\/index.php\/wp-json\/wp\/v2\/types\/post"}],"author":[{"embeddable":true,"href":"http:\/\/cordobadirecto.com\/index.php\/wp-json\/wp\/v2\/users\/1"}],"replies":[{"embeddable":true,"href":"http:\/\/cordobadirecto.com\/index.php\/wp-json\/wp\/v2\/comments?post=159976"}],"version-history":[{"count":0,"href":"http:\/\/cordobadirecto.com\/index.php\/wp-json\/wp\/v2\/posts\/159976\/revisions"}],"wp:featuredmedia":[{"embeddable":true,"href":"http:\/\/cordobadirecto.com\/index.php\/wp-json\/wp\/v2\/media\/159977"}],"wp:attachment":[{"href":"http:\/\/cordobadirecto.com\/index.php\/wp-json\/wp\/v2\/media?parent=159976"}],"wp:term":[{"taxonomy":"category","embeddable":true,"href":"http:\/\/cordobadirecto.com\/index.php\/wp-json\/wp\/v2\/categories?post=159976"},{"taxonomy":"post_tag","embeddable":true,"href":"http:\/\/cordobadirecto.com\/index.php\/wp-json\/wp\/v2\/tags?post=159976"}],"curies":[{"name":"wp","href":"https:\/\/api.w.org\/{rel}","templated":true}]}}