{"id":159978,"date":"2024-12-20T11:30:38","date_gmt":"2024-12-20T11:30:38","guid":{"rendered":"https:\/\/cordoba.gob.ar\/?p=65204"},"modified":"2024-12-20T11:30:38","modified_gmt":"2024-12-20T11:30:38","slug":"tras-13-salidas-durante-el-ano-ciclismo-urbano-se-despidio-con-una-edicion-especial-nocturna","status":"publish","type":"post","link":"http:\/\/cordobadirecto.com\/index.php\/2024\/12\/20\/tras-13-salidas-durante-el-ano-ciclismo-urbano-se-despidio-con-una-edicion-especial-nocturna\/","title":{"rendered":"Tras 13 salidas durante el a\u00f1o, Ciclismo Urbano se despidi\u00f3 con una edici\u00f3n especial nocturna"},"content":{"rendered":"<div><img src=\"http:\/\/cordobadirecto.com\/wp-content\/uploads\/2024\/12\/tras-13-salidas-durante-el-ano-ciclismo-urbano-se-despidio-con-una-edicion-especial-nocturna.jpg\" class=\"ff-og-image-inserted\"><\/div>\n<ul>\n<li><strong><strong>La \u00faltima vuelta del a\u00f1o se llev\u00f3 a cabo el pasado s\u00e1bado, con un total de 60 ciclistas y un recorrido de 20 kil\u00f3metros con inicio y llegada desde el Parque Las Heras Elisa.<\/strong><\/strong><br \/>\n<hr>\n<\/li>\n<\/ul>\n<p>La Secretar\u00eda de Fortalecimiento Vecinal y Deportes de la Municipalidad de C\u00f3rdoba junto a m\u00e1s de 60 entusiastas ciclistas le pusieron el broche de oro al Ciclismo Urbano, actividad que se consolida como otro de los grandes atractivos recreativos al aire libre en la ciudad.<\/p>\n<p>Tras concurridas salidas llevadas a cabo a lo largo del a\u00f1o, se realiz\u00f3 la \u00faltima actividad de la temporada, con el atractivo de que la propuesta comenz\u00f3 con sol y finaliz\u00f3 de noche con luz artificial.<\/p>\n<p>Se trat\u00f3 de la 13\u00aa salida de la temporada, que sum\u00f3 m\u00e1s de 500 kil\u00f3metros recorridos por ciclov\u00edas, calles y avenidas, pasando por lugares emblem\u00e1ticos de la capital cordobesa y usando muchos de los espacios verdes recuperados.<\/p>\n<p>El total de kil\u00f3metros fueron andados por m\u00e1s de 600 ciclistas que, salida tras salida fueron consolidando el espacio y contagiando a otros pedalistas.<\/p>\n<p>\u201cEstamos muy felices de que estas propuestas de ciclismo urbano por los lugares emblem\u00e1ticos y recuperados se hayan convertido en una oportunidad para disfrutar y mirar a la ciudad de C\u00f3rdoba de una manera diferente\u201d, destac\u00f3 H\u00e9ctor Campana, secretario de Fortalecimiento Vecinal y Deportes de la Municipalidad de C\u00f3rdoba.<\/p>\n<p>\u201cEs emocionante ver c\u00f3mo cada vez m\u00e1s personas se suman a estos recorridos, no solo para hacer ejercicio, sino tambi\u00e9n para redescubrir espacios hist\u00f3ricos que, gracias a los esfuerzos de recuperaci\u00f3n, hoy podemos disfrutar con orgullo. Sin duda, cada salida es una celebraci\u00f3n de nuestra ciudad y nuestro cuerpo\u201d, concluy\u00f3.<\/p>\n<p>Cada una de las salidas de ciclismo urbano estuvieron dise\u00f1adas para personas mayores de 18 a\u00f1os de edad y menores desde los 13 en adelante, siempre que lo hicieran acompa\u00f1ados por un adulto responsable de su cuidado durante toda la duraci\u00f3n de la actividad y cumpliendo con todos los requisitos solicitados.<\/p>\n<p>El programa de Cicloturismo Municipal promueve el uso de la bicicleta como un medio de transporte saludable y ecol\u00f3gico. &nbsp;Las rutas recorridas en las 13 salidas de este a\u00f1o se dividieron en niveles de dificultad que fueron desde baja (hasta 15 km) hasta alta (m\u00e1s de 30 km).<\/p>\n<p>Es importante destacar que, en cada uno de los recorridos propuestos a lo largo del a\u00f1o, el equipo t\u00e9cnico y el personal de la Subsecretar\u00eda de Deportes y Recreaci\u00f3n realiz\u00f3 un trabajo mancomunado con Tamse, BiciCba, Subsecretar\u00eda de Turismo, Guardia Urbana, Polic\u00eda Municipal, personal de param\u00e9dicos y el servicio del 107 que brindaron su apoyo y servicio para que las actividades se sucedieran de la mejor manera para los vecinos de la ciudad.<\/p>\n","protected":false},"excerpt":{"rendered":"<p>La \u00faltima vuelta del a\u00f1o se llev\u00f3 a cabo el pasado s\u00e1bado, con un total de 60 ciclistas y un recorrido de 20 kil\u00f3metros con inicio y llegada desde el Parque Las Heras Elisa. La Secretar\u00eda de Fortalecimiento Vecinal y Deportes de la Municipalidad de C\u00f3rdoba junto a m\u00e1s de 60 entusiastas ciclistas le pusieron [&hellip;]<\/p>\n","protected":false},"author":1,"featured_media":159979,"comment_status":"closed","ping_status":"closed","sticky":false,"template":"","format":"standard","meta":[],"categories":[44],"tags":[],"_links":{"self":[{"href":"http:\/\/cordobadirecto.com\/index.php\/wp-json\/wp\/v2\/posts\/159978"}],"collection":[{"href":"http:\/\/cordobadirecto.com\/index.php\/wp-json\/wp\/v2\/posts"}],"about":[{"href":"http:\/\/cordobadirecto.com\/index.php\/wp-json\/wp\/v2\/types\/post"}],"author":[{"embeddable":true,"href":"http:\/\/cordobadirecto.com\/index.php\/wp-json\/wp\/v2\/users\/1"}],"replies":[{"embeddable":true,"href":"http:\/\/cordobadirecto.com\/index.php\/wp-json\/wp\/v2\/comments?post=159978"}],"version-history":[{"count":0,"href":"http:\/\/cordobadirecto.com\/index.php\/wp-json\/wp\/v2\/posts\/159978\/revisions"}],"wp:featuredmedia":[{"embeddable":true,"href":"http:\/\/cordobadirecto.com\/index.php\/wp-json\/wp\/v2\/media\/159979"}],"wp:attachment":[{"href":"http:\/\/cordobadirecto.com\/index.php\/wp-json\/wp\/v2\/media?parent=159978"}],"wp:term":[{"taxonomy":"category","embeddable":true,"href":"http:\/\/cordobadirecto.com\/index.php\/wp-json\/wp\/v2\/categories?post=159978"},{"taxonomy":"post_tag","embeddable":true,"href":"http:\/\/cordobadirecto.com\/index.php\/wp-json\/wp\/v2\/tags?post=159978"}],"curies":[{"name":"wp","href":"https:\/\/api.w.org\/{rel}","templated":true}]}}