{"id":160001,"date":"2024-12-23T00:55:50","date_gmt":"2024-12-23T00:55:50","guid":{"rendered":"https:\/\/cordoba.gob.ar\/?p=65300"},"modified":"2024-12-23T00:55:50","modified_gmt":"2024-12-23T00:55:50","slug":"con-la-glorieta-y-fuente-recuperadas-un-sector-deportivo-para-basquet-y-futbol-y-nuevos-juegos-passerini-inauguro-la-puesta-en-valor-de-la-plaza-rafael-nunez","status":"publish","type":"post","link":"http:\/\/cordobadirecto.com\/index.php\/2024\/12\/23\/con-la-glorieta-y-fuente-recuperadas-un-sector-deportivo-para-basquet-y-futbol-y-nuevos-juegos-passerini-inauguro-la-puesta-en-valor-de-la-plaza-rafael-nunez\/","title":{"rendered":"Con la glorieta y fuente recuperadas, un sector deportivo para b\u00e1squet y f\u00fatbol y nuevos juegos, Passerini inaugur\u00f3 la puesta en valor de la plaza Rafael N\u00fa\u00f1ez"},"content":{"rendered":"<div><img src=\"http:\/\/cordobadirecto.com\/wp-content\/uploads\/2024\/12\/con-la-glorieta-y-fuente-recuperadas-un-sector-deportivo-para-basquet-y-futbol-y-nuevos-juegos-passerini-inauguro-la-puesta-en-valor-de-la-plaza-rafael-nunez.jpg\" class=\"ff-og-image-inserted\"><\/div>\n<ul>\n<li><strong>Tiene Parada Segura con bot\u00f3n antip\u00e1nico, c\u00e1maras 360 grados filmando las 24 horas y pantalla predictiva que muestra los pr\u00f3ximos arribos.<\/strong><\/li>\n<\/ul>\n<hr>\n<p>La plaza Rafael N\u00fa\u00f1ez est\u00e1 100% renovada. El intendente de la ciudad de C\u00f3rdoba, Daniel Passerini, inaugur\u00f3 las obras de puesta en valor del espacio verde, que desde hoy es uno de los atractivos recreativos m\u00e1s importantes de barrio San Mart\u00edn.<\/p>\n<p>Las obras, adem\u00e1s de instalaciones innovadoras, incluyeron trabajos de restauraci\u00f3n: se recuper\u00f3 la gloriera central; y la fuente, que cuenta con un nuevo sistema hidr\u00e1ulico y electromec\u00e1nico.<\/p>\n<p>\u00abNi bien asumimos hace cinco a\u00f1os empez\u00f3 la pandemia, que nos hizo valorizar los espacios p\u00fablicos; y desde entonces con Mart\u00edn Llaryora nos comprometimos a recuperar estos lugares a donde la gente se encuentra\u00bb, expres\u00f3 Passerini.<\/p>\n<p>\u00abEn tiempos donde priman las decisiones individuales, nosotros elegimos obrar en comunidad y hacer plazas que fomenten la concurencia\u00bb, afirm\u00f3 el primero del Ejecutivo local.<\/p>\n<p>Entre los principales atractivos se encuentra el sector deportivo. Consiste de una cancha de f\u00fatbol 5 con alfombra sint\u00e9tica y un play\u00f3n de mini basquet, ideal para un 3 vs 3. A este lugar tambi\u00e9n se incorporaron juegos gimn\u00e1sticos.<\/p>\n<p>El cl\u00e1sico Patio de las Infancias, insignia de las pol\u00edticas de recuperaci\u00f3n de espacios verdes de los \u00faltimos 5 a\u00f1os, tambi\u00e9n est\u00e1 presente en la plaza Rafael N\u00fa\u00f1ez. Tiene juegos inclusivos y de vanguardia, colocados sobre piso de caucho que amortigua la ca\u00edda y protege a los menores que disfrutan de estos espacios.<\/p>\n<p>Entre los 12.000 metros cuadrados, la plaza tiene sector para animales de compa\u00f1\u00eda. Est\u00e1 dise\u00f1ado y equipado para el uso controlado de perros bajo supervisi\u00f3n de sus due\u00f1os, que pueden sentarse en los nuevos bancos de hormig\u00f3n mientras juegan sus mascotas. Tiene juegos para los canes y piso drenante.<\/p>\n<p>La parte verde fue importante para embellecer el espacio. Se incorporaron 6.000 plantas entre gram\u00edneas, herb\u00e1ceas, arbustivas y \u00e1rboles. Tambi\u00e9n se colocaron champas de c\u00e9sped en la totalidad de los canteros.<\/p>\n<p>En las tareas sobre la flora, tambi\u00e9n se realiz\u00f3 poda y extracci\u00f3n de plantas y \u00e1rboles en riesgo.<\/p>\n<p>Todo el lugar est\u00e1 iluminado bajo un nuevo sistema LED, que brinda mayor seguridad durante la noche.<\/p>\n<p>Las obras incluyeron un nuevo sistema de riego automatizado por aspersi\u00f3n, mobiliario urbano como bancos, mesas y sillas de hormig\u00f3n, cestos papeleros y bebederos.<\/p>\n<p>Las veredas tanto internas como externas se hicieron a nuevo. Ambas poseen losetas gran\u00edticas y senderos podot\u00e1ctiles. En las exteriores se incorporan rampas de acceso para facilitar el ingreso y egreso del espacio verde.<\/p>\n<p>Sobre calle Palestina se instal\u00f3 una Parada Segura con bot\u00f3n antip\u00e1nico conectado con el Observatorio de la Movilidad y la Polic\u00eda y c\u00e1maras 360 grados filmando las 24 horas; y cuenta con una pantalla predictiva donde figuran los pr\u00f3ximos arribos a la parada.<\/p>\n<p>Acompa\u00f1aron al intendente el secretario de Ambiente Sostenible y Econom\u00eda Circular, Jorge Folloni; el presidente de TAMSE, Eduardo Ram\u00edrez; el titular de la Justicia Administrativa de Faltas, Juan Manuel Ar\u00e1oz; entre otros funcionarios municipales.<\/p>\n<p>La plaza se encuentra en el per\u00edmetro de las calles Mart\u00edn Garc\u00eda, Palestina, Europa y Av. Castro Barros, dentro de barrio San Mart\u00edn.<\/p>\n<p>Las obras fueron ejecutadas por la Direcci\u00f3n de Espacios Verdes, perteneciente a la Secretar\u00eda de Ambiente Sustentable y Econom\u00eda Circular.<\/p>\n","protected":false},"excerpt":{"rendered":"<p>Tiene Parada Segura con bot\u00f3n antip\u00e1nico, c\u00e1maras 360 grados filmando las 24 horas y pantalla predictiva que muestra los pr\u00f3ximos arribos. La plaza Rafael N\u00fa\u00f1ez est\u00e1 100% renovada. El intendente de la ciudad de C\u00f3rdoba, Daniel Passerini, inaugur\u00f3 las obras de puesta en valor del espacio verde, que desde hoy es uno de los atractivos [&hellip;]<\/p>\n","protected":false},"author":1,"featured_media":160002,"comment_status":"closed","ping_status":"closed","sticky":false,"template":"","format":"standard","meta":[],"categories":[44],"tags":[],"_links":{"self":[{"href":"http:\/\/cordobadirecto.com\/index.php\/wp-json\/wp\/v2\/posts\/160001"}],"collection":[{"href":"http:\/\/cordobadirecto.com\/index.php\/wp-json\/wp\/v2\/posts"}],"about":[{"href":"http:\/\/cordobadirecto.com\/index.php\/wp-json\/wp\/v2\/types\/post"}],"author":[{"embeddable":true,"href":"http:\/\/cordobadirecto.com\/index.php\/wp-json\/wp\/v2\/users\/1"}],"replies":[{"embeddable":true,"href":"http:\/\/cordobadirecto.com\/index.php\/wp-json\/wp\/v2\/comments?post=160001"}],"version-history":[{"count":0,"href":"http:\/\/cordobadirecto.com\/index.php\/wp-json\/wp\/v2\/posts\/160001\/revisions"}],"wp:featuredmedia":[{"embeddable":true,"href":"http:\/\/cordobadirecto.com\/index.php\/wp-json\/wp\/v2\/media\/160002"}],"wp:attachment":[{"href":"http:\/\/cordobadirecto.com\/index.php\/wp-json\/wp\/v2\/media?parent=160001"}],"wp:term":[{"taxonomy":"category","embeddable":true,"href":"http:\/\/cordobadirecto.com\/index.php\/wp-json\/wp\/v2\/categories?post=160001"},{"taxonomy":"post_tag","embeddable":true,"href":"http:\/\/cordobadirecto.com\/index.php\/wp-json\/wp\/v2\/tags?post=160001"}],"curies":[{"name":"wp","href":"https:\/\/api.w.org\/{rel}","templated":true}]}}