{"id":160041,"date":"2024-12-23T17:58:55","date_gmt":"2024-12-23T17:58:55","guid":{"rendered":"https:\/\/www.ole.com.ar\/autos\/termino-sueno-franco-colapinto-f1-formula-1-2025-flavio-briatore-alpine_0_hvYe0AQd8C.html"},"modified":"2024-12-23T17:58:55","modified_gmt":"2024-12-23T17:58:55","slug":"se-termino-el-sueno-de-colapinto-en-la-formula-1-en-2025","status":"publish","type":"post","link":"http:\/\/cordobadirecto.com\/index.php\/2024\/12\/23\/se-termino-el-sueno-de-colapinto-en-la-formula-1-en-2025\/","title":{"rendered":"Se termin\u00f3 el sue\u00f1o de Colapinto en la F\u00f3rmula 1 en 2025"},"content":{"rendered":"<p><span class=\"createDate\">23\/12\/2024 14:58hs.<\/span><time class=\"modificatedDate\" datetime=\"2024-12-23T15:07:02-03:00\"> Actualizado al 23\/12\/2024 15:07hs.<\/time><\/p>\n<div id=\"storyBody\">\n<div class=\"custom-text \" readability=\"44\">\n<p>Cuando Red Bull confirm\u00f3 a Liam Lawson y Racing Bulls, equipo hermano de la marca de bebidas energ\u00e9ticas, hizo lo propio con Isack Hadjar,<strong> la continuidad de Franco Colapinto en la F\u00f3rmula 1 qued\u00f3 muy comprometida. <\/strong>Con los 20 lugares ocupados para 2025, la \u00fanica ilusi\u00f3n era que <strong>Alpine<\/strong>, que se hab\u00eda mostrado interesado en el argentino, descartara a Jack Doohan -ya hab\u00eda sido confirmado- para llev\u00e1rselo. Finalmente, <strong>el que anul\u00f3 esa posibilidad fue Flavio Briatore<\/strong>, asesor de la escuder\u00eda francesa, y se termin\u00f3 el sue\u00f1o.<\/p>\n<\/div>\n<div class=\"custom-text \" readability=\"38\">\n<p>Aunque lo m\u00e1s probable era que <strong>el bonaerense siguiera vinculado a Williams aguardando una oportunidad futura<\/strong>, a\u00fan se manten\u00eda una cuota de esperanza en que hubiera movimiento en la grilla. Tal es as\u00ed que Le Parisien, un medio galo, le pregunt\u00f3 por eso a Briatore: &#8220;<strong>Los rumores en el paddock sugieren que Alpine est\u00e1 interesado en Franco Colapinto<\/strong>. \u00bfPodemos estar seguros de que Pierre Gasly y Jack Doohan largar\u00e1n el primer Gran Premio de la temporada?&#8221;.<\/p>\n<\/div>\n<div class=\"sc-e7b891c4-0 ifHnQL image-embed\"><img alt=\"Colapinto viene de ganar el Olimpia de Oro. (Leonardo Zavattaro\/CPD)\" loading=\"lazy\" width=\"720\" height=\"100\" decoding=\"async\" data-nimg=\"1\" src=\"http:\/\/cordobadirecto.com\/wp-content\/uploads\/2024\/12\/se-termino-el-sueno-de-colapinto-en-la-formula-1-en-2025.jpg\"><span class=\"epigraphe\">Colapinto viene de ganar el Olimpia de Oro. (Leonardo Zavattaro\/CPD)<\/span><\/div>\n<div class=\"custom-text \" readability=\"41\">\n<p>El italiano de 74 a\u00f1os, <strong>una figura importante en las carreras de Michael Schumacher y Fernando Alonso<\/strong> (los acompa\u00f1\u00f3 en sus t\u00edtulos en Benetton y Renault, respectivamente), arranc\u00f3 bromeando, pero termin\u00f3 dando una respuesta no muy agradable para los seguidores de Colapa:<strong> &#8220;De lo \u00fanico que podemos estar seguros es de la muerte, ja. Empezaremos el a\u00f1o con Pierre y Jack, puedo garantizarlo&#8221;<\/strong>.<\/p>\n<\/div>\n<p><h2><strong>Aunque arrancar\u00e1n Gasly y Doohan, podr\u00eda haber cambios&#8230;<\/strong><\/h2>\n<\/p>\n<div class=\"custom-text \" readability=\"38\">\n<p>Pese al comentario, que anul\u00f3 la posibilidad de que Colapinto arranque la temporada, <strong>hubo una frase esperanzadora<\/strong>. Cuando se habl\u00f3 de que Doohan tendr\u00eda una cl\u00e1usula de seis carreras en las que se evaluar\u00eda su rendimiento, <strong>Briatore no descart\u00f3 hacer cambios en pleno campeonato<\/strong>: &#8220;Ya veremos a medida que avance el a\u00f1o. Tengo que conseguir que el equipo est\u00e9 en las condiciones adecuadas para obtener resultados. <strong>Y el piloto es el que tiene que concluir el trabajo de casi 1.000 personas detr\u00e1s de \u00e9l<\/strong>. Todos trabajan para s\u00f3lo dos personas&#8221;.<\/p>\n<\/div>\n<div class=\"sc-e7b891c4-0 ifHnQL image-embed\"><img alt=\"Flavio Briatore, asesor deportivo de Alpine. (REUTERS\/Hamad I Mohammed)\" loading=\"lazy\" width=\"720\" height=\"100\" decoding=\"async\" data-nimg=\"1\" src=\"http:\/\/cordobadirecto.com\/wp-content\/uploads\/2024\/12\/se-termino-el-sueno-de-colapinto-en-la-formula-1-en-2025-1.jpg\"><span class=\"epigraphe\">Flavio Briatore, asesor deportivo de Alpine. (REUTERS\/Hamad I Mohammed)<\/span><\/div>\n<div class=\"custom-text \" readability=\"43\">\n<p>En ese sentido, y d\u00e1ndole un aviso al joven australiano, Flavio advirti\u00f3 que <strong>&#8220;si hay un piloto que no progresa, que no me da resultados, lo cambio. No se puede ser emocional en la F1&#8221;<\/strong>. Al margen de lo que suceda en Alpine, Franco sabe que podr\u00e1 seguir sumando kil\u00f3metros en Williams, haciendo pruebas con autos de a\u00f1os anteriores -de no m\u00e1s de dos temporadas- y, como lo hizo en Silverstone antes de dar el salto a la M\u00e1xima, seguramente participando en fines de semana de Gran Premio.<\/p>\n<\/div>\n<div class=\"sc-e7b891c4-0 ifHnQL image-embed\"><img alt=\"En el peor de los casos, Colapinto seguir\u00e1 aprendiendo en Williams. (@WilliamsRacing)\" loading=\"lazy\" width=\"720\" height=\"100\" decoding=\"async\" data-nimg=\"1\" src=\"http:\/\/cordobadirecto.com\/wp-content\/uploads\/2024\/12\/se-termino-el-sueno-de-colapinto-en-la-formula-1-en-2025-2.jpg\"><span class=\"epigraphe\">En el peor de los casos, Colapinto seguir\u00e1 aprendiendo en Williams. (@WilliamsRacing)<\/span><\/div>\n<div class=\"sc-a7166897-0 eoLsBE\" readability=\"6\">\n<section readability=\"2\"><picture><img alt=\"Informe Ol\u00e9: \u00bfFerrari se equivoc\u00f3 al contratar a Lewis Hamilton?\" loading=\"lazy\" width=\"290\" height=\"290\" decoding=\"async\" data-nimg=\"1\" src=\"http:\/\/cordobadirecto.com\/wp-content\/uploads\/2024\/12\/se-termino-el-sueno-de-colapinto-en-la-formula-1-en-2025-3.jpg\"><\/picture>\n<p><span>Mir\u00e1 tambi\u00e9n<\/span><\/p>\n<hr>\n<h3>Informe Ol\u00e9: \u00bfFerrari se equivoc\u00f3 al contratar a Lewis Hamilton?<\/h3>\n<\/p>\n<\/section>\n<\/div>\n<div class=\"sc-a7166897-0 eoLsBE\" readability=\"6\">\n<section readability=\"2\"><picture><img alt=\"Colapinto argentiniz\u00f3 la F\u00f3rmula 1 y le tir\u00f3 un palito a Ferrari\" loading=\"lazy\" width=\"290\" height=\"290\" decoding=\"async\" data-nimg=\"1\" src=\"http:\/\/cordobadirecto.com\/wp-content\/uploads\/2024\/12\/se-termino-el-sueno-de-colapinto-en-la-formula-1-en-2025-4.jpg\"><\/picture>\n<p><span>Mir\u00e1 tambi\u00e9n<\/span><\/p>\n<hr>\n<h3>Colapinto argentiniz\u00f3 la F\u00f3rmula 1 y le tir\u00f3 un palito a Ferrari<\/h3>\n<\/p>\n<\/section>\n<\/div>\n<div class=\"sc-a7166897-0 eoLsBE\" readability=\"7\">\n<section readability=\"4\"><picture><img alt=\"Fue compa\u00f1ero de Ayrton Senna, es argentino y compiti\u00f3 en Inglaterra durante la Guerra de Malvinas\" loading=\"lazy\" width=\"290\" height=\"290\" decoding=\"async\" data-nimg=\"1\" src=\"http:\/\/cordobadirecto.com\/wp-content\/uploads\/2024\/12\/se-termino-el-sueno-de-colapinto-en-la-formula-1-en-2025-5.jpg\"><\/picture>\n<p><span>Mir\u00e1 tambi\u00e9n<\/span><\/p>\n<hr>\n<h3>Fue compa\u00f1ero de Ayrton Senna, es argentino y compiti\u00f3 en Inglaterra durante la Guerra de Malvinas<\/h3>\n<\/p>\n<\/section>\n<\/div>\n<div class=\"sc-a7166897-0 eoLsBE\" readability=\"6\">\n<section readability=\"2\"><picture><img alt=\"La broma de los pilotos de la F\u00f3rmula 1 que podr\u00eda haber terminado mal\" loading=\"lazy\" width=\"290\" height=\"290\" decoding=\"async\" data-nimg=\"1\" src=\"http:\/\/cordobadirecto.com\/wp-content\/uploads\/2024\/12\/se-termino-el-sueno-de-colapinto-en-la-formula-1-en-2025-6.jpg\"><\/picture>\n<p><span>Mir\u00e1 tambi\u00e9n<\/span><\/p>\n<hr>\n<h3>La broma de los pilotos de la F\u00f3rmula 1 que podr\u00eda haber terminado mal<\/h3>\n<\/p>\n<\/section>\n<\/div>\n<div class=\"sc-a7166897-0 eoLsBE\" readability=\"6.5\">\n<section readability=\"3\"><picture><img alt=\"Informe Ol\u00e9: los antecedentes que ilusionan a Colapinto pensando en un posible regreso a la F1 en 2026 \" loading=\"lazy\" width=\"290\" height=\"290\" decoding=\"async\" data-nimg=\"1\" src=\"http:\/\/cordobadirecto.com\/wp-content\/uploads\/2024\/12\/se-termino-el-sueno-de-colapinto-en-la-formula-1-en-2025-7.jpg\"><\/picture>\n<p><span>Mir\u00e1 tambi\u00e9n<\/span><\/p>\n<hr>\n<h3>Informe Ol\u00e9: los antecedentes que ilusionan a Colapinto pensando en un posible regreso a la F1 en 2026<br \/>\n<\/h3>\n<\/p>\n<\/section>\n<\/div>\n<\/div>\n","protected":false},"excerpt":{"rendered":"<p>23\/12\/2024 14:58hs. Actualizado al 23\/12\/2024 15:07hs. Cuando Red Bull confirm\u00f3 a Liam Lawson y Racing Bulls, equipo hermano de la marca de bebidas energ\u00e9ticas, hizo lo propio con Isack Hadjar, la continuidad de Franco Colapinto en la F\u00f3rmula 1 qued\u00f3 muy comprometida. Con los 20 lugares ocupados para 2025, la \u00fanica ilusi\u00f3n era que Alpine, [&hellip;]<\/p>\n","protected":false},"author":1,"featured_media":160042,"comment_status":"closed","ping_status":"closed","sticky":false,"template":"","format":"standard","meta":[],"categories":[21],"tags":[],"_links":{"self":[{"href":"http:\/\/cordobadirecto.com\/index.php\/wp-json\/wp\/v2\/posts\/160041"}],"collection":[{"href":"http:\/\/cordobadirecto.com\/index.php\/wp-json\/wp\/v2\/posts"}],"about":[{"href":"http:\/\/cordobadirecto.com\/index.php\/wp-json\/wp\/v2\/types\/post"}],"author":[{"embeddable":true,"href":"http:\/\/cordobadirecto.com\/index.php\/wp-json\/wp\/v2\/users\/1"}],"replies":[{"embeddable":true,"href":"http:\/\/cordobadirecto.com\/index.php\/wp-json\/wp\/v2\/comments?post=160041"}],"version-history":[{"count":0,"href":"http:\/\/cordobadirecto.com\/index.php\/wp-json\/wp\/v2\/posts\/160041\/revisions"}],"wp:featuredmedia":[{"embeddable":true,"href":"http:\/\/cordobadirecto.com\/index.php\/wp-json\/wp\/v2\/media\/160042"}],"wp:attachment":[{"href":"http:\/\/cordobadirecto.com\/index.php\/wp-json\/wp\/v2\/media?parent=160041"}],"wp:term":[{"taxonomy":"category","embeddable":true,"href":"http:\/\/cordobadirecto.com\/index.php\/wp-json\/wp\/v2\/categories?post=160041"},{"taxonomy":"post_tag","embeddable":true,"href":"http:\/\/cordobadirecto.com\/index.php\/wp-json\/wp\/v2\/tags?post=160041"}],"curies":[{"name":"wp","href":"https:\/\/api.w.org\/{rel}","templated":true}]}}