{"id":160081,"date":"2024-12-24T16:14:54","date_gmt":"2024-12-24T16:14:54","guid":{"rendered":"https:\/\/www.ole.com.ar\/autos\/estadistica-domina-red-bull-formula1-formacion-pilotos_0_bL2yXb8pr3.html"},"modified":"2024-12-24T16:14:54","modified_gmt":"2024-12-24T16:14:54","slug":"dato-demoledor-la-estadistica-que-red-bull-domina-con-mucha-diferencia-en-la-formula-1","status":"publish","type":"post","link":"http:\/\/cordobadirecto.com\/index.php\/2024\/12\/24\/dato-demoledor-la-estadistica-que-red-bull-domina-con-mucha-diferencia-en-la-formula-1\/","title":{"rendered":"Dato demoledor: la estad\u00edstica que Red Bull domina con mucha diferencia en la F\u00f3rmula 1"},"content":{"rendered":"<p><time class=\"createDate\" datetime=\"2024-12-24T13:14:54-03:00\">24\/12\/2024 13:14hs.<\/time><\/p>\n<div id=\"storyBody\">\n<div class=\"custom-text \" readability=\"33.396103896104\">\n<p>La <strong>F\u00f3rmula 1 <\/strong>entr\u00f3 en etapa de receso: se bajaron las persianas de los talleres y los pilotos y los miembros de cada equipo se fueron de vacaciones. Hasta nuevo aviso, la categor\u00eda reina detendr\u00e1 el sonido de los motores y reci\u00e9n la actividad oficial volver\u00e1 en marzo del a\u00f1o pr\u00f3ximo con un cargado calendario de 24 fechas. Y despu\u00e9s de largas negociaciones y muchas especulaciones, ya se sabe c\u00f3mo ser\u00e1n <strong><a href=\"https:\/\/www.ole.com.ar\/autos\/franco-colapinto-quedo-parrilla-grilla-formula-1-f1-2025_0_LKtoPwXNmn.html\" target=\"_blank\" title=\"las 10 formaciones con sus volantes titulares\" alt=\"las 10 formaciones con sus volantes titulares\" rel=\"noopener\">las 10 formaciones con sus volantes titulares<\/a><\/strong>.<\/p>\n<\/div>\n<p><h2><strong>Sin Colapinto, pero con una parrilla plagada de rookies<\/strong><\/h2>\n<\/p>\n<div class=\"custom-text \" readability=\"32.833992094862\">\n<p>Luego de su inicio prometedor en Monza, <strong>Franco Colapinto<\/strong> vivi\u00f3 nueve carreras en las que <strong><a href=\"https:\/\/www.ole.com.ar\/autos\/franco-colapinto-cierre-etapa-formula1_0_Gkurn6CpFy.html\" target=\"_blank\" title=\"rindi\u00f3 de mayor a menor\" alt=\"rindi\u00f3 de mayor a menor\" rel=\"noopener\">rindi\u00f3 de mayor a menor<\/a><\/strong>. De hecho, arranc\u00f3 puntuando en dos jornadas y acab\u00f3 abandonando en tres de las \u00faltimas cuatro. Y si bien hubo charlas para que pueda continuar en la M\u00e1xima, <strong><a href=\"https:\/\/www.ole.com.ar\/autos\/termino-sueno-franco-colapinto-f1-formula-1-2025-flavio-briatore-alpine_0_hvYe0AQd8C.html\" target=\"_blank\" title=\"diferentes aspectos lo dejaron sin asiento\" alt=\"diferentes aspectos lo dejaron sin asiento\" rel=\"noopener\">diferentes aspectos lo dejaron sin asiento<\/a><\/strong>. Sin embargo, la ausencia del argentino no deja exenta a la divisional de <strong><a href=\"https:\/\/www.ole.com.ar\/autos\/franco-colapinto-formula-1-williams-christian-horner-rookies-lewis-hamilton_0_enuqJkxoqc.html\" target=\"_blank\" title=\"varios rookies\" alt=\"varios rookies\" rel=\"noopener\">varios rookies<\/a><\/strong>. Tanto es as\u00ed que habr\u00e1 seis volantes que tendr\u00e1n su primera chance de comenzar una temporada.<\/p>\n<\/div>\n<div class=\"sc-e7b891c4-0 ifHnQL image-embed\"><img alt=\"Colapinto no correr\u00e1 en la F1 2025. (Reuters)\" loading=\"lazy\" width=\"720\" height=\"100\" decoding=\"async\" data-nimg=\"1\" src=\"http:\/\/cordobadirecto.com\/wp-content\/uploads\/2024\/12\/dato-demoledor-la-estadistica-que-red-bull-domina-con-mucha-diferencia-en-la-formula-1.jpg\"><span class=\"epigraphe\">Colapinto no correr\u00e1 en la F1 2025. (Reuters)<\/span><\/div>\n<div class=\"custom-text \" readability=\"44\">\n<p><strong>Liam Lawson<\/strong> ser\u00e1 el compa\u00f1ero de Max Verstappen y fue ratificado, tras dos reemplazos temporales. Luego, <strong>Isack Hadjar<\/strong> (Racing Bulls), <strong>Kimi Antonelli <\/strong>(Mercedes), <strong>Oliver Bearman<\/strong> (Haas) y <strong>Gabriel Bortoleto<\/strong> (Sauber) subir\u00e1n desde la F\u00f3rmula 2. Y, finalmente, <strong>Jack Doohan<\/strong>, tras un a\u00f1o como reserva, consigui\u00f3 su butaca en Alpine de la mano de Flavio Briatore, el asesor deportivo de la escuder\u00eda francesa.<\/p>\n<\/div>\n<div class=\"sc-e7b891c4-0 ifHnQL image-embed\"><img alt=\"Lawson agarr\u00f3 el asiento de Checo P\u00e9rez en Red Bull. (Reuters)\" loading=\"lazy\" width=\"720\" height=\"100\" decoding=\"async\" data-nimg=\"1\" src=\"http:\/\/cordobadirecto.com\/wp-content\/uploads\/2024\/12\/dato-demoledor-la-estadistica-que-red-bull-domina-con-mucha-diferencia-en-la-formula-1-1.jpg\"><span class=\"epigraphe\">Lawson agarr\u00f3 el asiento de Checo P\u00e9rez en Red Bull. (Reuters)<\/span><\/div>\n<div class=\"custom-text \" readability=\"35\">\n<p>A partir de esto, en <strong>Ol\u00e9 <\/strong>ponemos el foco en la formaci\u00f3n de los pilotos. \u00bfCu\u00e1les son las escuder\u00edas en formar m\u00e1s pilotos? \u00bfPor qu\u00e9 algunas apuestan por adquirir talento y no por las academias en las que invierten tanto dinero?<\/p>\n<\/div>\n<div class=\"custom-text \" readability=\"41\">\n<p>M\u00e1s all\u00e1 de que los presupuestos de algunos equipos son mayores que otros, \u00faltimamente las apuestas para darles la chance a los j\u00f3venes de mostrarse y de pegar el salto son promovidas por un grupo reducido. Por ejemplo, <strong>Williams, Aston Martin, Haas y Sauber son las escuder\u00edas que no tendr\u00e1n pilotos con pasado en los programas juveniles de sus equipos<\/strong>. Muchas veces, prefieren ir a lo &#8220;seguro&#8221; con pilotos m\u00e1s experimentados y no arriesgar con gente sin demasiadas vueltas en la F1, una picadora de carne que no perdona errores.<\/p>\n<\/div>\n<div class=\"sc-e7b891c4-0 ifHnQL image-embed\"><img alt=\"Kimi Antonelli debutar\u00e1 en la F\u00f3rmula 1 de la mano de Mercedes. (Reuters)\" loading=\"lazy\" width=\"720\" height=\"100\" decoding=\"async\" data-nimg=\"1\" src=\"http:\/\/cordobadirecto.com\/wp-content\/uploads\/2024\/12\/dato-demoledor-la-estadistica-que-red-bull-domina-con-mucha-diferencia-en-la-formula-1-2.jpg\"><span class=\"epigraphe\">Kimi Antonelli debutar\u00e1 en la F\u00f3rmula 1 de la mano de Mercedes. (Reuters)<\/span><\/div>\n<p><h2><strong>D\u00f3nde se formaron los pilotos que correr\u00e1n en la F\u00f3rmula 1 2025<\/strong><\/h2>\n<\/p>\n<div class=\"custom-text \">\n<ul>\n<li>Red Bull (8): Max Verstappen, Liam Lawson, Carlos Sainz, Alex Albon, Yuki Tsunoda, Isack Hadjar, Jack Doohan (2018-2021 y de 2022-2024 a Alpine) y Pierre Gasly.<\/li>\n<li>McLaren (3): Lando Norris, Lewis Hamilton y Gabriel Bortoleto<\/li>\n<li>Ferrari (3): Charles Leclerc, Oliver Bearman y Lance Stroll<\/li>\n<li>Mercedes (3): Kimi Antonelli, George Russell y Esteban Ocon<\/li>\n<li>Alpine (1): Oscar Piastri<\/li>\n<li>Fernando Alonso y Nico Hulkenberg no formaron parte de ninguna academia.<\/li>\n<\/ul>\n<\/div>\n<div class=\"sc-e7b891c4-0 ifHnQL image-embed\"><img alt=\"Verstappen, uno de los talentos de la academia de Red Bull. (EFE)\" loading=\"lazy\" width=\"720\" height=\"100\" decoding=\"async\" data-nimg=\"1\" src=\"http:\/\/cordobadirecto.com\/wp-content\/uploads\/2024\/12\/dato-demoledor-la-estadistica-que-red-bull-domina-con-mucha-diferencia-en-la-formula-1-3.jpg\"><span class=\"epigraphe\">Verstappen, uno de los talentos de la academia de Red Bull. (EFE)<\/span><\/div>\n<div class=\"custom-text \" readability=\"44\">\n<p>En definitiva, <strong>Red Bull<\/strong>, que aprovecha a su sat\u00e9lite Racing Bulls para hacerles un hueco a los proyectos m\u00e1s prometedores, es quien tendr\u00e1 en 2025 a m\u00e1s pilotos formados en sus escuelas juveniles. L\u00f3gicamente, por una cuesti\u00f3n de matem\u00e1ticas simple muchos de ellos ya no forman parte de su cartera de pilotos. Luego, habr\u00e1 tres formados en <strong>McLaren<\/strong>, reciente campe\u00f3n de constructores, en <strong>Ferrari <\/strong>y en <strong>Mercedes<\/strong>. En tanto, <strong>Alpine <\/strong>trabaj\u00f3 durante los primeros a\u00f1os de Oscar Piastri en la \u00e9lite, aunque no lo pudo disfrutar en la F\u00f3rmula 1 y ahora es una pieza clave del conjunto que viste de naranja.<\/p>\n<\/div>\n<div class=\"sc-a7166897-0 eoLsBE\" readability=\"6.5\">\n<section readability=\"3\"><picture><img alt=\"Sin lugar en la F1, Colapinto dio un gran paso en su vida\" loading=\"lazy\" width=\"290\" height=\"290\" decoding=\"async\" data-nimg=\"1\" src=\"http:\/\/cordobadirecto.com\/wp-content\/uploads\/2024\/12\/dato-demoledor-la-estadistica-que-red-bull-domina-con-mucha-diferencia-en-la-formula-1-4.jpg\"><\/picture>\n<p><span>Mir\u00e1 tambi\u00e9n<\/span><\/p>\n<hr>\n<h3>Sin lugar en la F1, Colapinto dio un gran paso en su vida<\/h3>\n<\/p>\n<\/section>\n<\/div>\n<div class=\"sc-a7166897-0 eoLsBE\" readability=\"6\">\n<section readability=\"2\"><picture><img alt=\"Se termin\u00f3 el sue\u00f1o de Colapinto en la F\u00f3rmula 1 en 2025\" loading=\"lazy\" width=\"290\" height=\"290\" decoding=\"async\" data-nimg=\"1\" src=\"http:\/\/cordobadirecto.com\/wp-content\/uploads\/2024\/12\/dato-demoledor-la-estadistica-que-red-bull-domina-con-mucha-diferencia-en-la-formula-1-5.jpg\"><\/picture>\n<p><span>Mir\u00e1 tambi\u00e9n<\/span><\/p>\n<hr>\n<h3>Se termin\u00f3 el sue\u00f1o de Colapinto en la F\u00f3rmula 1 en 2025<\/h3>\n<\/p>\n<\/section>\n<\/div>\n<div class=\"sc-a7166897-0 eoLsBE\" readability=\"6.5\">\n<section readability=\"3\"><picture><img alt=\"Colapinto, Netflix y el pibe F1\" loading=\"lazy\" width=\"290\" height=\"290\" decoding=\"async\" data-nimg=\"1\" src=\"http:\/\/cordobadirecto.com\/wp-content\/uploads\/2024\/12\/dato-demoledor-la-estadistica-que-red-bull-domina-con-mucha-diferencia-en-la-formula-1-6.jpg\"><\/picture>\n<p><span>Mir\u00e1 tambi\u00e9n<\/span><\/p>\n<hr>\n<h3>Colapinto, Netflix y el pibe F1<\/h3>\n<\/p>\n<\/section>\n<\/div>\n<\/div>\n","protected":false},"excerpt":{"rendered":"<p>24\/12\/2024 13:14hs. La F\u00f3rmula 1 entr\u00f3 en etapa de receso: se bajaron las persianas de los talleres y los pilotos y los miembros de cada equipo se fueron de vacaciones. Hasta nuevo aviso, la categor\u00eda reina detendr\u00e1 el sonido de los motores y reci\u00e9n la actividad oficial volver\u00e1 en marzo del a\u00f1o pr\u00f3ximo con un [&hellip;]<\/p>\n","protected":false},"author":1,"featured_media":160082,"comment_status":"closed","ping_status":"closed","sticky":false,"template":"","format":"standard","meta":[],"categories":[21],"tags":[],"_links":{"self":[{"href":"http:\/\/cordobadirecto.com\/index.php\/wp-json\/wp\/v2\/posts\/160081"}],"collection":[{"href":"http:\/\/cordobadirecto.com\/index.php\/wp-json\/wp\/v2\/posts"}],"about":[{"href":"http:\/\/cordobadirecto.com\/index.php\/wp-json\/wp\/v2\/types\/post"}],"author":[{"embeddable":true,"href":"http:\/\/cordobadirecto.com\/index.php\/wp-json\/wp\/v2\/users\/1"}],"replies":[{"embeddable":true,"href":"http:\/\/cordobadirecto.com\/index.php\/wp-json\/wp\/v2\/comments?post=160081"}],"version-history":[{"count":0,"href":"http:\/\/cordobadirecto.com\/index.php\/wp-json\/wp\/v2\/posts\/160081\/revisions"}],"wp:featuredmedia":[{"embeddable":true,"href":"http:\/\/cordobadirecto.com\/index.php\/wp-json\/wp\/v2\/media\/160082"}],"wp:attachment":[{"href":"http:\/\/cordobadirecto.com\/index.php\/wp-json\/wp\/v2\/media?parent=160081"}],"wp:term":[{"taxonomy":"category","embeddable":true,"href":"http:\/\/cordobadirecto.com\/index.php\/wp-json\/wp\/v2\/categories?post=160081"},{"taxonomy":"post_tag","embeddable":true,"href":"http:\/\/cordobadirecto.com\/index.php\/wp-json\/wp\/v2\/tags?post=160081"}],"curies":[{"name":"wp","href":"https:\/\/api.w.org\/{rel}","templated":true}]}}