{"id":160094,"date":"2024-12-23T12:23:06","date_gmt":"2024-12-23T12:23:06","guid":{"rendered":"https:\/\/cordoba.gob.ar\/?p=65307"},"modified":"2024-12-23T12:23:06","modified_gmt":"2024-12-23T12:23:06","slug":"passerini-reconocio-la-trayectoria-de-la-bolsa-de-comercio-en-la-inauguracion-de-su-nueva-sede","status":"publish","type":"post","link":"http:\/\/cordobadirecto.com\/index.php\/2024\/12\/23\/passerini-reconocio-la-trayectoria-de-la-bolsa-de-comercio-en-la-inauguracion-de-su-nueva-sede\/","title":{"rendered":"Passerini reconoci\u00f3 la trayectoria de la Bolsa de Comercio en la inauguraci\u00f3n de su nueva sede"},"content":{"rendered":"<div><img src=\"http:\/\/cordobadirecto.com\/wp-content\/uploads\/2024\/12\/passerini-reconocio-la-trayectoria-de-la-bolsa-de-comercio-en-la-inauguracion-de-su-nueva-sede.jpg\" class=\"ff-og-image-inserted\"><\/div>\n<ul>\n<li><strong><strong>Est\u00e1 ubicada en el Parque Empresarial Aeropuerto, sobre la Ruta E-53.<\/strong><\/strong><br \/>\n<hr>\n<\/li>\n<\/ul>\n<p>Tras casi sesenta a\u00f1os funcionando en la calle Rosario de Santa Fe, la Bolsa de Comercio de C\u00f3rdoba inaugur\u00f3 nueva sede, ahora localizada en el Parque Empresarial Aeropuerto, sobre la Ruta E-53. El acto cont\u00f3 con la presencia del intendente Daniel Passerini, el gobernador Mart\u00edn Llaryora y el presidente Javier Milei.<\/p>\n<p>Durante la inauguraci\u00f3n, Passerini entreg\u00f3 una placa en reconocimiento a la trayectoria de la Bolsa de Comercio y felicit\u00f3 a su presidente, Manuel Tagle, por la flamante casa de la instituci\u00f3n.<\/p>\n<p>El moderno edificio est\u00e1 construido bajo criterios de funcionalidad y eficiencia energ\u00e9tica, priorizando la iluminaci\u00f3n natural en los dos pisos.<\/p>\n<p>La planta baja contiene el sal\u00f3n auditorio de reuniones, mientras que el primer piso alberga las oficinas del establecimiento.<\/p>\n<p>La Bolsa de Comercio de C\u00f3rdoba (BCC) fue creada en la ciudad en el a\u00f1o 1904, para impulsar el desarrollo econ\u00f3mico regional, integrando a empresarios, comerciantes, productores agropecuarios y actores financieros.<\/p>\n<p>Busca facilitar las operaciones comerciales, fortalecer el mercado de capitales y ampliar la interacci\u00f3n entre distintos sectores productivos. La centenaria organizaci\u00f3n actualmente est\u00e1 presidida por Manuel Tagle (hijo).<\/p>\n","protected":false},"excerpt":{"rendered":"<p>Est\u00e1 ubicada en el Parque Empresarial Aeropuerto, sobre la Ruta E-53. Tras casi sesenta a\u00f1os funcionando en la calle Rosario de Santa Fe, la Bolsa de Comercio de C\u00f3rdoba inaugur\u00f3 nueva sede, ahora localizada en el Parque Empresarial Aeropuerto, sobre la Ruta E-53. El acto cont\u00f3 con la presencia del intendente Daniel Passerini, el gobernador [&hellip;]<\/p>\n","protected":false},"author":1,"featured_media":160095,"comment_status":"closed","ping_status":"closed","sticky":false,"template":"","format":"standard","meta":[],"categories":[44],"tags":[],"_links":{"self":[{"href":"http:\/\/cordobadirecto.com\/index.php\/wp-json\/wp\/v2\/posts\/160094"}],"collection":[{"href":"http:\/\/cordobadirecto.com\/index.php\/wp-json\/wp\/v2\/posts"}],"about":[{"href":"http:\/\/cordobadirecto.com\/index.php\/wp-json\/wp\/v2\/types\/post"}],"author":[{"embeddable":true,"href":"http:\/\/cordobadirecto.com\/index.php\/wp-json\/wp\/v2\/users\/1"}],"replies":[{"embeddable":true,"href":"http:\/\/cordobadirecto.com\/index.php\/wp-json\/wp\/v2\/comments?post=160094"}],"version-history":[{"count":0,"href":"http:\/\/cordobadirecto.com\/index.php\/wp-json\/wp\/v2\/posts\/160094\/revisions"}],"wp:featuredmedia":[{"embeddable":true,"href":"http:\/\/cordobadirecto.com\/index.php\/wp-json\/wp\/v2\/media\/160095"}],"wp:attachment":[{"href":"http:\/\/cordobadirecto.com\/index.php\/wp-json\/wp\/v2\/media?parent=160094"}],"wp:term":[{"taxonomy":"category","embeddable":true,"href":"http:\/\/cordobadirecto.com\/index.php\/wp-json\/wp\/v2\/categories?post=160094"},{"taxonomy":"post_tag","embeddable":true,"href":"http:\/\/cordobadirecto.com\/index.php\/wp-json\/wp\/v2\/tags?post=160094"}],"curies":[{"name":"wp","href":"https:\/\/api.w.org\/{rel}","templated":true}]}}