{"id":160123,"date":"2024-12-25T15:56:12","date_gmt":"2024-12-25T15:56:12","guid":{"rendered":"https:\/\/www.ole.com.ar\/polideportivo\/dibu-colapinto-maligno-torres-deportista-argentino-ano_0_b25skSO3kC.html"},"modified":"2024-12-25T15:56:12","modified_gmt":"2024-12-25T15:56:12","slug":"dibu-colapinto-o-el-maligno-torres-quien-fue-el-deportista-argentino-del-ano","status":"publish","type":"post","link":"http:\/\/cordobadirecto.com\/index.php\/2024\/12\/25\/dibu-colapinto-o-el-maligno-torres-quien-fue-el-deportista-argentino-del-ano\/","title":{"rendered":"Dibu, Colapinto o el Maligno Torres: \u00bfqui\u00e9n fue el deportista argentino del a\u00f1o?"},"content":{"rendered":"<p><time class=\"createDate\" datetime=\"2024-12-25T12:56:12-03:00\">25\/12\/2024 12:56hs.<\/time><\/p>\n<div id=\"storyBody\">\n<div class=\"custom-text \" readability=\"30.448330683625\">\n<p><a href=\"https:\/\/www.ole.com.ar\/polideportivo\/premios-olimpia-franco-colapinto-dibu-martinez-ganador-oro_0_H0ONXaoBhF.html\" title=\"La 70\u00b0 edici\u00f3n de los Premios Olimpia tuvo lugar el jueves pasado en la Usina del Arte, en el barrio de La Boca.\" alt=\"La 70\u00b0 edici\u00f3n de los Premios Olimpia tuvo lugar el jueves pasado en la Usina del Arte, en el barrio de La Boca.\">La 70\u00b0 edici\u00f3n de los Premios Olimpia tuvo lugar el jueves pasado en la Usina del Arte, en el barrio de La Boca.<\/a> Y la prestigiosa estatuilla de Oro, que reconoce al mejor deportista argentino del a\u00f1o, <strong>fue compartida entre <a href=\"https:\/\/www.ole.com.ar\/tema\/damian-emiliano-martinez.html\" title=\"Dami\u00e1n Emiliano Mart\u00ednez\" alt=\"Dami\u00e1n Emiliano Mart\u00ednez\" class=\"slug\">Emiliano Dibu Mart\u00ednez<\/a> y <a href=\"https:\/\/www.ole.com.ar\/tema\/franco-colapinto.html\" title=\"Franco Colapinto\" alt=\"Franco Colapinto\" class=\"slug\">Franco Colapinto<\/a>, ambos de un destacad\u00edsimo 2024. <\/strong>Sin embargo, desde fan\u00e1ticos, periodistas y hasta el propio COA (Comit\u00e9 Ol\u00edmpico Argentino) se mostraron en contra de esta decisi\u00f3n y sostuvieron que result\u00f3 injusto<strong> que el galard\u00f3n no se lo llevara <a href=\"https:\/\/www.ole.com.ar\/tema\/maligno-torres.html\" target=\"_blank\" title=\"Maligno Torres\" alt=\"Maligno Torres\" class=\"slug\" rel=\"noopener\">Jos\u00e9 Maligno Torres<\/a>, el \u00fanico atleta que logr\u00f3 una medalla de oro para la Argentina en los Juegos Ol\u00edmpicos de Par\u00eds. <\/strong><\/p>\n<\/div>\n<div class=\"custom-text \" readability=\"42\">\n<p>De hecho, hasta el propio Maligno se mostr\u00f3 decepcionado por no haberse llevado el Oro. Y lo exhibi\u00f3 en redes sociales, con una historia en la que escribi\u00f3 &#8220;ciclismo&#8221; con un emoji levantando las manos, una expresi\u00f3n que daba a entender que, al no ser una disciplina con la misma popularidad que el f\u00fatbol y el automovilismo en este caso, no fue tenida en cuenta para el premio.<strong> Incluso reposte\u00f3 otra en la que el ciclista Walter P\u00e9rez comparti\u00f3 una foto con \u00e9l, junto a un texto que dec\u00eda &#8220;el Olimpia de Oro ten\u00eda que ser para vos Maligno, como el color de esta medalla&#8221;.<\/strong><\/p>\n<\/div>\n<div class=\"custom-text \" readability=\"43\">\n<p>Con el debate puesto sobre las redes, <strong>Ol\u00e9 abri\u00f3 una encuesta para determinar, en funci\u00f3n de los votos del p\u00fablico, qui\u00e9n fue el deportista argentino del a\u00f1o <\/strong>entre estos tres atletas: Dibu, Colapinto y el Maligno, claro. Abajo, el apartado para votar y, tambi\u00e9n, el repaso del a\u00f1o de cada uno.<\/p>\n<\/div>\n<p><h2><strong>Emiliano Dibu Mart\u00ednez<\/strong><\/h2>\n<\/p>\n<div class=\"sc-e7b891c4-0 ifHnQL image-embed\"><img alt=\"Dibu y su The Best al mejor arquero del mundo este 2024. (Foto: EFE)\" loading=\"lazy\" width=\"720\" height=\"100\" decoding=\"async\" data-nimg=\"1\" src=\"http:\/\/cordobadirecto.com\/wp-content\/uploads\/2024\/12\/dibu-colapinto-o-el-maligno-torres-quien-fue-el-deportista-argentino-del-ano.jpg\"><span class=\"epigraphe\">Dibu y su The Best al mejor arquero del mundo este 2024. (Foto: EFE)<\/span><\/div>\n<div class=\"custom-text \" readability=\"38\">\n<p>El Dibu, quien compiti\u00f3 en la terna con Lautaro Mart\u00ednez y Maravilla Mart\u00ednez, vivi\u00f3 otro a\u00f1o consagratorio que lo mantuvo en la cima de la \u00e9lite. Figura y l\u00edder del Aston Villa, l<strong>lev\u00f3 a su equipo a regresar a la Champions League despu\u00e9s de 41 a\u00f1os<\/strong> y se la banc\u00f3 cada vez que jug\u00f3 ante los pesos pesados de la Premier League.<\/p>\n<\/div>\n<div class=\"custom-text \" readability=\"38\">\n<p>Ni hablar de su trabajo con la celeste blanca. Apenas recibi\u00f3 seis goles en 13 partidos y en nueve de ellos puso un muro en su arco. Adem\u00e1s, fue fundamental en m\u00e1s de una oportunidad, aunque nuevamente su punto m\u00e1s alto se dio en una serie por penales. Recordando las tandas durante Qatar 2022, <strong>se hizo gigante bajo palos ante Ecuador y le entreg\u00f3 el pase a las semifinales de la Copa Am\u00e9rica 2024 al combinado nacional.<\/strong><\/p>\n<\/div>\n<div class=\"custom-text \" readability=\"37\">\n<p>Y el reconocimiento del mundo del f\u00fatbol fue un\u00e1nime. Salvo un pu\u00f1ado de cr\u00edticas malintencionadas de algunos sectores amarillistas, cuyo juzgamiento se basa m\u00e1s por los exc\u00e9ntricos movimientos dentro del campo, el ambiente lo considera el mejor. <strong>Por algo gan\u00f3 los premios The Best y Lev Yashin por segundo a\u00f1o al hilo&#8230;<\/strong><\/p>\n<\/div>\n<p><h2><strong>Franco Colapinto<\/strong><\/h2>\n<\/p>\n<div class=\"sc-e7b891c4-0 ifHnQL image-embed\"><img alt=\"Franco Colapinto en los Premios Olimpia. (Foto: Enrique Garc\u00eda Medina)\" loading=\"lazy\" width=\"720\" height=\"100\" decoding=\"async\" data-nimg=\"1\" src=\"http:\/\/cordobadirecto.com\/wp-content\/uploads\/2024\/12\/dibu-colapinto-o-el-maligno-torres-quien-fue-el-deportista-argentino-del-ano-1.jpg\"><span class=\"epigraphe\">Franco Colapinto en los Premios Olimpia. (Foto: Enrique Garc\u00eda Medina)<\/span><\/div>\n<div class=\"custom-text \" readability=\"36\">\n<p><strong>Colapinto irrumpi\u00f3 en la F\u00f3rmula 1 y movi\u00f3 los cimientos de la categor\u00eda reina del mundo motor. <\/strong>Con su carisma, sencillez y habilidad, cautiv\u00f3 en la cinta asf\u00e1ltica pero tambi\u00e9n cuando se bajaba del FW46 de Williams y charlaba con los medios.<\/p>\n<\/div>\n<div class=\"custom-text \" readability=\"38\">\n<p>Era un im\u00e1n que atrapaba a todo lo que ten\u00eda cerca. Los n\u00fameros, adem\u00e1s, lo demuestran: aumento considerable en el rating de TV, un boom en la venta de merchandising no oficial, llegada de sponsors y conversaci\u00f3n sobre su entidad en redes sociales.<\/p>\n<\/div>\n<div class=\"custom-text \" readability=\"38\">\n<p>Asimismo, al momento de la verdad respond\u00eda. Y vaya manera: en las primeras cinco carreras, mejor\u00f3 su posici\u00f3n de largada, puntu\u00f3 dos veces (cuando finaliz\u00f3 octavo en Azerbaiy\u00e1n y d\u00e9cimo en Estados Unidos) y hasta pas\u00f3 a Q3, todo con uno de los peores autos de la parrilla.<\/p>\n<\/div>\n<p><h2><strong>Maligno Torres<\/strong><\/h2>\n<\/p>\n<div class=\"sc-e7b891c4-0 ifHnQL image-embed\"><img alt=\"Maligno Torres y su medalla de oro. (Foto: REUTERS\/Esa Alexander)\" loading=\"lazy\" width=\"720\" height=\"100\" decoding=\"async\" data-nimg=\"1\" src=\"http:\/\/cordobadirecto.com\/wp-content\/uploads\/2024\/12\/dibu-colapinto-o-el-maligno-torres-quien-fue-el-deportista-argentino-del-ano-2.jpg\"><span class=\"epigraphe\">Maligno Torres y su medalla de oro. (Foto: REUTERS\/Esa Alexander)<\/span><\/div>\n<div class=\"custom-text \" readability=\"39\">\n<p>El cordob\u00e9s puso a la Argentina como protagonista en BMX Freestyle, cuando realiz\u00f3 la mejor marca (94.82) de toda la prueba en Par\u00eds 2024 y se qued\u00f3 con la medalla dorada en su debut ol\u00edmpico, la \u00fanica de oro para el pa\u00eds en estos JJOO <strong>y la primera de ese tipo en llegar despu\u00e9s de ocho a\u00f1os (2016), cuando Los Leones en hockey, Paula Pareto en judo y la dupla Santiago Lange &#8211; Cecilia Carranza en vela sumaron un total de tres.<\/strong><\/p>\n<\/div>\n<div class=\"custom-text \" readability=\"40\">\n<p>Aquel mi\u00e9rcoles 31 de julio quedar\u00e1 por siempre en la historia del deporte argentino, porque supuso adem\u00e1s la primera medalla para el pa\u00eds en esos Juegos Ol\u00edmpicos, hasta que Mateo Majdalani y Eugenia Bosco en vela, y Las Leonas en hockey, aportaran sus bronces. <strong>Un merecid\u00edsimo premio para el Maligno, campe\u00f3n panamericano en Santiago 2023 y Asunci\u00f3n 2022 y que ven\u00eda de ser s\u00e9ptimo en el \u00faltimo preol\u00edmpico.<\/strong><\/p>\n<\/div>\n<div class=\"custom-text \" readability=\"36\">\n<p>Y si bien ya no cont\u00f3 para la elecci\u00f3n en los Premios Olimpia, hay que agregar que cerr\u00f3 el a\u00f1o coron\u00e1ndose subcampe\u00f3n del mundo en el Mundial de BMX Freestyle el s\u00e1bado pasado, dos d\u00edas despu\u00e9s de la gala.<\/p>\n<\/div>\n<div class=\"sc-a7166897-0 eoLsBE\" readability=\"6.5\">\n<section readability=\"3\"><picture><img alt=\"Colapinto, Netflix y el pibe F1\" loading=\"lazy\" width=\"290\" height=\"290\" decoding=\"async\" data-nimg=\"1\" src=\"http:\/\/cordobadirecto.com\/wp-content\/uploads\/2024\/12\/dibu-colapinto-o-el-maligno-torres-quien-fue-el-deportista-argentino-del-ano-3.jpg\"><\/picture>\n<p><span>Mir\u00e1 tambi\u00e9n<\/span><\/p>\n<hr>\n<h3>Colapinto, Netflix y el pibe F1<\/h3>\n<\/p>\n<\/section>\n<\/div>\n<div class=\"sc-a7166897-0 eoLsBE\" readability=\"6\">\n<section readability=\"2\"><picture><img alt=\"Los millonarios premios que reparti\u00f3 Canelo \u00c1lvarez entre sus empleados\" loading=\"lazy\" width=\"290\" height=\"290\" decoding=\"async\" data-nimg=\"1\" src=\"http:\/\/cordobadirecto.com\/wp-content\/uploads\/2024\/12\/dibu-colapinto-o-el-maligno-torres-quien-fue-el-deportista-argentino-del-ano-4.jpg\"><\/picture>\n<p><span>Mir\u00e1 tambi\u00e9n<\/span><\/p>\n<hr>\n<h3>Los millonarios premios que reparti\u00f3 Canelo \u00c1lvarez entre sus empleados<\/h3>\n<\/p>\n<\/section>\n<\/div>\n<div class=\"sc-a7166897-0 eoLsBE\" readability=\"6.5\">\n<section readability=\"3\"><picture><img alt=\"Gustavo Costas: &quot;A Pap\u00e1 Noel es al \u00fanico de rojo que le abro las puertas de m\u00ed casa&quot;\" loading=\"lazy\" width=\"290\" height=\"290\" decoding=\"async\" data-nimg=\"1\" src=\"http:\/\/cordobadirecto.com\/wp-content\/uploads\/2024\/12\/dibu-colapinto-o-el-maligno-torres-quien-fue-el-deportista-argentino-del-ano-5.jpg\"><\/picture>\n<p><span>Mir\u00e1 tambi\u00e9n<\/span><\/p>\n<hr>\n<h3>Gustavo Costas: &#8220;A Pap\u00e1 Noel es al \u00fanico de rojo que le abro las puertas de m\u00ed casa&#8221;<\/h3>\n<\/p>\n<\/section>\n<\/div>\n<\/div>\n","protected":false},"excerpt":{"rendered":"<p>25\/12\/2024 12:56hs. La 70\u00b0 edici\u00f3n de los Premios Olimpia tuvo lugar el jueves pasado en la Usina del Arte, en el barrio de La Boca. Y la prestigiosa estatuilla de Oro, que reconoce al mejor deportista argentino del a\u00f1o, fue compartida entre Emiliano Dibu Mart\u00ednez y Franco Colapinto, ambos de un destacad\u00edsimo 2024. Sin embargo, [&hellip;]<\/p>\n","protected":false},"author":1,"featured_media":160124,"comment_status":"closed","ping_status":"closed","sticky":false,"template":"","format":"standard","meta":[],"categories":[21],"tags":[],"_links":{"self":[{"href":"http:\/\/cordobadirecto.com\/index.php\/wp-json\/wp\/v2\/posts\/160123"}],"collection":[{"href":"http:\/\/cordobadirecto.com\/index.php\/wp-json\/wp\/v2\/posts"}],"about":[{"href":"http:\/\/cordobadirecto.com\/index.php\/wp-json\/wp\/v2\/types\/post"}],"author":[{"embeddable":true,"href":"http:\/\/cordobadirecto.com\/index.php\/wp-json\/wp\/v2\/users\/1"}],"replies":[{"embeddable":true,"href":"http:\/\/cordobadirecto.com\/index.php\/wp-json\/wp\/v2\/comments?post=160123"}],"version-history":[{"count":0,"href":"http:\/\/cordobadirecto.com\/index.php\/wp-json\/wp\/v2\/posts\/160123\/revisions"}],"wp:featuredmedia":[{"embeddable":true,"href":"http:\/\/cordobadirecto.com\/index.php\/wp-json\/wp\/v2\/media\/160124"}],"wp:attachment":[{"href":"http:\/\/cordobadirecto.com\/index.php\/wp-json\/wp\/v2\/media?parent=160123"}],"wp:term":[{"taxonomy":"category","embeddable":true,"href":"http:\/\/cordobadirecto.com\/index.php\/wp-json\/wp\/v2\/categories?post=160123"},{"taxonomy":"post_tag","embeddable":true,"href":"http:\/\/cordobadirecto.com\/index.php\/wp-json\/wp\/v2\/tags?post=160123"}],"curies":[{"name":"wp","href":"https:\/\/api.w.org\/{rel}","templated":true}]}}